{"id":7330,"global_id":"www.piemonteis.org?id=7330","global_id_lineage":["www.piemonteis.org?id=7330"],"author":"1","status":"publish","date":"2024-03-29 10:39:35","date_utc":"2024-03-29 10:39:35","modified":"2024-03-29 10:39:35","modified_utc":"2024-03-29 10:39:35","url":"http:\/\/www.piemonteis.org\/?tribe_events=castello-di-pralormo-dal-30-marzo-torna-protagonista-messer-tulipano","rest_url":"http:\/\/www.piemonteis.org\/index.php?rest_route=\/tribe\/events\/v1\/events\/7330","title":"Castello di Pralormo, dal 30 marzo torna protagonista Messer Tulipano","description":"<p>di Paolo Barosso<\/p>\n<p>Prender\u00e0 il via sabato 30 marzo, nel parco del castello di Pralormo,\u00a0<strong>Messer Tulipano<\/strong>, la grande manifestazione che da 24 anni accompagna la stagione primaverile con la straordinaria fioritura di oltre 100.000 tulipani e narcisi.<\/p>\n<div class=\"wp-block-image\">\n<figure class=\"aligncenter size-large\"><img decoding=\"async\" loading=\"lazy\" class=\"wp-image-74982\" src=\"https:\/\/www.piemontetopnews.it\/wp-content\/uploads\/2024\/03\/CASTELLO-DI-PRALORMO_Messer-Tulipano-635-1-1024x664.jpg\" sizes=\"(max-width: 1024px) 100vw, 1024px\" srcset=\"https:\/\/www.piemontetopnews.it\/wp-content\/uploads\/2024\/03\/CASTELLO-DI-PRALORMO_Messer-Tulipano-635-1-1024x664.jpg 1024w, https:\/\/www.piemontetopnews.it\/wp-content\/uploads\/2024\/03\/CASTELLO-DI-PRALORMO_Messer-Tulipano-635-1-300x195.jpg 300w, https:\/\/www.piemontetopnews.it\/wp-content\/uploads\/2024\/03\/CASTELLO-DI-PRALORMO_Messer-Tulipano-635-1-150x97.jpg 150w, https:\/\/www.piemontetopnews.it\/wp-content\/uploads\/2024\/03\/CASTELLO-DI-PRALORMO_Messer-Tulipano-635-1-768x498.jpg 768w, https:\/\/www.piemontetopnews.it\/wp-content\/uploads\/2024\/03\/CASTELLO-DI-PRALORMO_Messer-Tulipano-635-1-1536x996.jpg 1536w, https:\/\/www.piemontetopnews.it\/wp-content\/uploads\/2024\/03\/CASTELLO-DI-PRALORMO_Messer-Tulipano-635-1.jpg 1557w\" alt=\"\" width=\"1024\" height=\"664\" \/><\/figure>\n<\/div>\n<p>Presentata come da tradizione il 21 marzo, primo giorno di primavera, nella sede della Citt\u00e0 metropolitana di Torino, la festosa iniziativa, destinata a proseguire fino al 1\u00b0 maggio, \u00e8 stata descritta con entusiasmo da<strong>\u00a0Consolata Soleri<\/strong>, sposata con il<strong>\u00a0conte di Pralormo Filippo Beraudo<\/strong>, l\u2019instancabile ideatrice e promotrice dell\u2019evento, impegnata da anni nella valorizzazione del castello e delle risorse culturali e turistiche del territorio di Pralormo.<\/p>\n<p>Come ogni anno il piantamento \u00e8 rinnovato nelle variet\u00e0 e nel progetto-colore, ed ospita, tra le tante variet\u00e0 curiose, una\u00a0<strong>collezione di tulipani botanici<\/strong>, ma anche un percorso nel sottobosco dedicato ai tulipani conosciuti gi\u00e0 dal \u2018600 \u2013 pappagallo, viridiflora -, ai tulipani fior di giglio ed ai frills dalle punte sfrangiate.<\/p>\n<div class=\"wp-block-image\">\n<figure class=\"aligncenter size-large\"><img decoding=\"async\" loading=\"lazy\" class=\"wp-image-74983\" src=\"https:\/\/www.piemontetopnews.it\/wp-content\/uploads\/2024\/03\/MT2020_Fioriture5-1024x683.jpg\" sizes=\"(max-width: 1024px) 100vw, 1024px\" srcset=\"https:\/\/www.piemontetopnews.it\/wp-content\/uploads\/2024\/03\/MT2020_Fioriture5-1024x683.jpg 1024w, https:\/\/www.piemontetopnews.it\/wp-content\/uploads\/2024\/03\/MT2020_Fioriture5-300x200.jpg 300w, https:\/\/www.piemontetopnews.it\/wp-content\/uploads\/2024\/03\/MT2020_Fioriture5-150x100.jpg 150w, https:\/\/www.piemontetopnews.it\/wp-content\/uploads\/2024\/03\/MT2020_Fioriture5-768x512.jpg 768w, https:\/\/www.piemontetopnews.it\/wp-content\/uploads\/2024\/03\/MT2020_Fioriture5-1536x1024.jpg 1536w, https:\/\/www.piemontetopnews.it\/wp-content\/uploads\/2024\/03\/MT2020_Fioriture5-2048x1365.jpg 2048w\" alt=\"\" width=\"1024\" height=\"683\" \/><\/figure>\n<\/div>\n<p>La manifestazione coinvolge tutto il parco, progettato nel XIX secolo da\u00a0<strong>Xavier Kurten<\/strong>, architetto paesaggista prussiano, naturalizzato piemontese, che fu artefice dei pi\u00f9 importanti parchi all\u2019inglese delle residenze sabaude e in Piemonte. Nei grandi prati sono state create\u00a0<strong>aiuole dalle forme morbide e sinuose<\/strong>, progettate ponendo particolare attenzione a non alterare l\u2019impianto storico originario. Le aiuole dunque \u201cserpeggiano\u201d tra gli alberi secolari, mentre nel sottobosco occhieggiano ciuffi di muscari, di narcisi e di giacinti.<\/p>\n<p>Ogni anno accanto al nuovo piantamento e al parco fiorito viene affiancato un argomento collaterale che vede coinvolti studiosi, esperti, musei, ma anche stilisti ed artisti.<\/p>\n<p>Quest\u2019anno l\u2019<strong>Orangerie<\/strong>, spazio nato per ritirare in inverno le piante di agrumi, ospita: \u201c<strong>Carta, penna e fantasia<\/strong>\u2019, la storia della carta attraverso un racconto che tocca l\u2019Egitto, la Cina e il Giappone.<\/p>\n<div class=\"wp-block-image\">\n<figure class=\"aligncenter size-large\"><img decoding=\"async\" loading=\"lazy\" class=\"wp-image-74984\" src=\"https:\/\/www.piemontetopnews.it\/wp-content\/uploads\/2024\/03\/CASTELLO-DI-PRALORMO_Messer-Tulipano00-1024x768.jpg\" sizes=\"(max-width: 1024px) 100vw, 1024px\" srcset=\"https:\/\/www.piemontetopnews.it\/wp-content\/uploads\/2024\/03\/CASTELLO-DI-PRALORMO_Messer-Tulipano00-1024x768.jpg 1024w, https:\/\/www.piemontetopnews.it\/wp-content\/uploads\/2024\/03\/CASTELLO-DI-PRALORMO_Messer-Tulipano00-300x225.jpg 300w, https:\/\/www.piemontetopnews.it\/wp-content\/uploads\/2024\/03\/CASTELLO-DI-PRALORMO_Messer-Tulipano00-150x113.jpg 150w, https:\/\/www.piemontetopnews.it\/wp-content\/uploads\/2024\/03\/CASTELLO-DI-PRALORMO_Messer-Tulipano00-768x576.jpg 768w, https:\/\/www.piemontetopnews.it\/wp-content\/uploads\/2024\/03\/CASTELLO-DI-PRALORMO_Messer-Tulipano00-1536x1152.jpg 1536w, https:\/\/www.piemontetopnews.it\/wp-content\/uploads\/2024\/03\/CASTELLO-DI-PRALORMO_Messer-Tulipano00-2048x1536.jpg 2048w\" alt=\"\" width=\"1024\" height=\"768\" \/><\/figure>\n<\/div>\n<p>Sono esposti preziosi manoscritti antichi dall\u2019archivio del castello, esercizi e virtuosismi di calligrafia e una collezione di penne e calamai. Tante le curiosit\u00e0: oggetti di design, abiti e una Mole Antonelliana, tutto rigorosamente di carta.<\/p>\n<p>In occasione di Messer Tulipano 2024 si inaugura anche\u00a0<strong>una nuova stagione di aperture al pubblico del castello<\/strong>, che propone due itinerari: uno dedicato alla vita quotidiana in un\u2019antica dimora tra cantine, cucine, camere da pranzo e saloni d\u2019onore e l\u2019altro al \u201cTrenino del conte\u201d, uno stupefacente impianto d\u2019epoca, che occupa tre sale, su cui viaggiano treni in scala 0 tra paesaggi dipinti sulle pareti, gallerie scavate nei muri e un interessante scalo merci.<\/p>\n<div class=\"wp-block-image\">\n<figure class=\"aligncenter size-large\"><img decoding=\"async\" loading=\"lazy\" class=\"wp-image-74985\" src=\"https:\/\/www.piemontetopnews.it\/wp-content\/uploads\/2024\/03\/CastelloDiPralormo_esterno-1024x659.jpg\" sizes=\"(max-width: 1024px) 100vw, 1024px\" srcset=\"https:\/\/www.piemontetopnews.it\/wp-content\/uploads\/2024\/03\/CastelloDiPralormo_esterno-1024x659.jpg 1024w, https:\/\/www.piemontetopnews.it\/wp-content\/uploads\/2024\/03\/CastelloDiPralormo_esterno-300x193.jpg 300w, https:\/\/www.piemontetopnews.it\/wp-content\/uploads\/2024\/03\/CastelloDiPralormo_esterno-150x97.jpg 150w, https:\/\/www.piemontetopnews.it\/wp-content\/uploads\/2024\/03\/CastelloDiPralormo_esterno-768x494.jpg 768w, https:\/\/www.piemontetopnews.it\/wp-content\/uploads\/2024\/03\/CastelloDiPralormo_esterno-1536x988.jpg 1536w, https:\/\/www.piemontetopnews.it\/wp-content\/uploads\/2024\/03\/CastelloDiPralormo_esterno.jpg 1772w\" alt=\"\" width=\"1024\" height=\"659\" \/><\/figure>\n<\/div>\n<p>La visita a Messer Tulipano sar\u00e0, quindi, l\u2019occasione per ammirare anche\u00a0<strong>l\u2019architettura del castello di Pralormo<\/strong>, che appartenne nel corso dei secoli a diverse famiglie:\u00a0dai\u00a0signori di Anterisio,\u00a0legati al vescovo di Asti, ai conti di\u00a0Biandrate,\u00a0dai\u00a0Roero di Pralormo\u00a0a\u00a0<strong>Giacomo Beraud<\/strong>, che nel 1680 giunse da Barcelonnette, localit\u00e0 oggi francese a lungo contesa tra i conti di Provenza e i Savoia e appartenuta a questi ultimi dal 1388 al 1713. I sui\u00a0eredi fecero costruire nel 1730 la\u00a0<strong>cappella opera dell\u2019architetto Galletti\u00a0<\/strong>e una\u00a0sopraelevazione<strong>\u00a0<\/strong>con saloni e camere decorate con affreschi.<\/p>\n<p>Negli anni \u201830 del XIX secolo\u00a0intervenne infine il\u00a0<strong>conte Carlo Beraudo di Pralormo<\/strong>, diplomatico e\u00a0Ministro degli Interni per quasi 10 anni, che, divenuto proprietario unico del\u00a0castello, ne fece trasformare gli ambienti interni in una prestigiosa\u00a0<strong>dimora di rappresentanza<\/strong>\u00a0affidando il cantiere all\u2019architetto\u00a0<strong>Ernesto Melano<\/strong>, cui si deve l\u2019ampliamento ottocentesco del\u00a0castello\u00a0reale sabaudo di Racconigi.<\/p>","excerpt":"<p>Il parco del castello di Pralormo, paese situato sulle prime propaggini collinari del Roero, \u00e8 ormai da molti anni la splendida cornice della manifestazione &#8220;Messer Tulipano&#8221;.<\/p>","slug":"castello-di-pralormo-dal-30-marzo-torna-protagonista-messer-tulipano","image":{"url":"http:\/\/www.piemonteis.org\/wp-content\/uploads\/2024\/03\/MT2021-Tulip2-scaled.jpg","id":7331,"extension":"jpg","width":2560,"height":1703,"filesize":1133101,"sizes":{"medium":{"width":300,"height":200,"mime-type":"image\/jpeg","filesize":43691,"url":"http:\/\/www.piemonteis.org\/wp-content\/uploads\/2024\/03\/MT2021-Tulip2-300x200.jpg"},"large":{"width":400,"height":266,"mime-type":"image\/jpeg","filesize":63655,"url":"http:\/\/www.piemonteis.org\/wp-content\/uploads\/2024\/03\/MT2021-Tulip2-400x266.jpg"},"thumbnail":{"width":150,"height":150,"mime-type":"image\/jpeg","filesize":27374,"url":"http:\/\/www.piemonteis.org\/wp-content\/uploads\/2024\/03\/MT2021-Tulip2-150x150.jpg"},"medium_large":{"width":768,"height":511,"mime-type":"image\/jpeg","filesize":172918,"url":"http:\/\/www.piemonteis.org\/wp-content\/uploads\/2024\/03\/MT2021-Tulip2-768x511.jpg"},"1536x1536":{"width":1536,"height":1022,"mime-type":"image\/jpeg","filesize":524075,"url":"http:\/\/www.piemonteis.org\/wp-content\/uploads\/2024\/03\/MT2021-Tulip2-1536x1022.jpg"},"2048x2048":{"width":2048,"height":1363,"mime-type":"image\/jpeg","filesize":815297,"url":"http:\/\/www.piemonteis.org\/wp-content\/uploads\/2024\/03\/MT2021-Tulip2-2048x1363.jpg"},"fifteen-pop-thumb":{"width":542,"height":340,"mime-type":"image\/jpeg","filesize":95758,"url":"http:\/\/www.piemonteis.org\/wp-content\/uploads\/2024\/03\/MT2021-Tulip2-542x340.jpg"},"fifteen-thumb":{"width":600,"height":600,"mime-type":"image\/jpeg","filesize":161512,"url":"http:\/\/www.piemonteis.org\/wp-content\/uploads\/2024\/03\/MT2021-Tulip2-600x600.jpg"},"fifteen-slider-thumb":{"width":860,"height":430,"mime-type":"image\/jpeg","filesize":164931,"url":"http:\/\/www.piemonteis.org\/wp-content\/uploads\/2024\/03\/MT2021-Tulip2-860x430.jpg"}},"original_image":"MT2021-Tulip2.jpg"},"all_day":false,"start_date":"2024-03-30 08:00:00","start_date_details":{"year":"2024","month":"03","day":"30","hour":"08","minutes":"00","seconds":"00"},"end_date":"2024-05-01 17:00:00","end_date_details":{"year":"2024","month":"05","day":"01","hour":"17","minutes":"00","seconds":"00"},"utc_start_date":"2024-03-30 08:00:00","utc_start_date_details":{"year":"2024","month":"03","day":"30","hour":"08","minutes":"00","seconds":"00"},"utc_end_date":"2024-05-01 17:00:00","utc_end_date_details":{"year":"2024","month":"05","day":"01","hour":"17","minutes":"00","seconds":"00"},"timezone":"UTC+0","timezone_abbr":"UTC+0","cost":"","cost_details":{"currency_symbol":"","currency_code":"","currency_position":"prefix","values":[]},"website":"","show_map":true,"show_map_link":true,"hide_from_listings":false,"sticky":false,"featured":false,"categories":[{"name":"Fiera","slug":"fiera","term_group":0,"term_taxonomy_id":4431,"taxonomy":"tribe_events_cat","description":"","parent":0,"count":3,"filter":"raw","id":4431,"urls":{"self":"http:\/\/www.piemonteis.org\/index.php?rest_route=\/tribe\/events\/v1\/categories\/4431","collection":"http:\/\/www.piemonteis.org\/index.php?rest_route=\/tribe\/events\/v1\/categories"}}],"tags":[],"venue":[],"organizer":[],"json_ld":{"@context":"http:\/\/schema.org","@type":"Event","name":"Castello di Pralormo, dal 30 marzo torna protagonista Messer Tulipano","description":"&lt;p&gt;Il parco del castello di Pralormo, paese situato sulle prime propaggini collinari del Roero, \u00e8 ormai da molti anni la splendida cornice della manifestazione &quot;Messer Tulipano&quot;.&lt;\/p&gt;\\n","image":"http:\/\/www.piemonteis.org\/wp-content\/uploads\/2024\/03\/MT2021-Tulip2-scaled.jpg","url":"http:\/\/www.piemonteis.org\/?tribe_events=castello-di-pralormo-dal-30-marzo-torna-protagonista-messer-tulipano","eventAttendanceMode":"https:\/\/schema.org\/OfflineEventAttendanceMode","eventStatus":"https:\/\/schema.org\/EventScheduled","startDate":"2024-03-30T08:00:00+00:00","endDate":"2024-05-01T17:00:00+00:00","performer":"Organization"}}