{"id":1281,"date":"2015-09-11T10:51:06","date_gmt":"2015-09-11T10:51:06","guid":{"rendered":"http:\/\/www.piemonteis.org\/?p=1281"},"modified":"2018-12-02T11:07:01","modified_gmt":"2018-12-02T11:07:01","slug":"viaggio-in-monferrato-il-fascino-dellantico-dal-laboratorio-nicola-di-aramengo-allintimita-romanica-di-vezzolano","status":"publish","type":"post","link":"http:\/\/www.piemonteis.org\/?p=1281","title":{"rendered":"Viaggio in Monferrato &#8211; il laboratorio Nicola di Aramengo, l&#8217;intimit\u00e0 romanica di Vezzolano, il Colle Don Bosco e i volti monferrini"},"content":{"rendered":"<p>Tappa precedente: <a href=\"http:\/\/www.piemonteis.org\/?p=1201\">Cerreto, Cocconato, Passerano Marmorito<\/a><\/p>\n<p><em>Si avvia a conclusione l&#8217;itinerario monferrino proposto dal nostro collaboratore Giovanni Dughera che in questa puntata ci conduce a visitare il borgo di <strong>Aramengo<\/strong>, con il famoso laboratorio di restauro Nicola, <strong>Albugnano<\/strong>, con la splendida chiesa di <strong>Santa Maria di Vezzolano<\/strong> (che fu chiesa canonicale, ma che oggi tutti conoscono come abbazia) e, infine, il <strong>Colle don Bosco<\/strong> con la casa natale e il tempio dedicato al grande Santo.\u00a0<\/em><\/p>\n<figure id=\"attachment_1284\" aria-describedby=\"caption-attachment-1284\" style=\"width: 960px\" class=\"wp-caption aligncenter\"><a href=\"http:\/\/www.piemonteis.org\/wp-content\/uploads\/2015\/09\/alb2.jpg\"><img decoding=\"async\" loading=\"lazy\" class=\"size-full wp-image-1284\" src=\"http:\/\/www.piemonteis.org\/wp-content\/uploads\/2015\/09\/alb2.jpg\" alt=\"Aramengo \" width=\"960\" height=\"642\" srcset=\"http:\/\/www.piemonteis.org\/wp-content\/uploads\/2015\/09\/alb2.jpg 960w, http:\/\/www.piemonteis.org\/wp-content\/uploads\/2015\/09\/alb2-300x201.jpg 300w, http:\/\/www.piemonteis.org\/wp-content\/uploads\/2015\/09\/alb2-600x401.jpg 600w\" sizes=\"(max-width: 960px) 100vw, 960px\" \/><\/a><figcaption id=\"caption-attachment-1284\" class=\"wp-caption-text\">Aramengo<\/figcaption><\/figure>\n<p>La prossima tappa \u00e8 <strong>Aramengo<\/strong>. La parrocchiale barocca presenta una tale ricchezza di modanature, sottilmente ora sporgenti ora rientranti, da dare l\u2019impressione di una vibrazione (questo vale ovviamente per tutto il barocco). Nel paese si potr\u00e0 compiere una inedita e interessante visita, su prenotazione: il <strong>laboratorio di restauro Nicola.<\/strong><\/p>\n<figure id=\"attachment_1283\" aria-describedby=\"caption-attachment-1283\" style=\"width: 960px\" class=\"wp-caption aligncenter\"><a href=\"http:\/\/www.piemonteis.org\/wp-content\/uploads\/2015\/09\/alb.jpg\"><img decoding=\"async\" loading=\"lazy\" class=\"size-full wp-image-1283\" src=\"http:\/\/www.piemonteis.org\/wp-content\/uploads\/2015\/09\/alb.jpg\" alt=\"Aramengo - veduta della parrocchiale \" width=\"960\" height=\"642\" srcset=\"http:\/\/www.piemonteis.org\/wp-content\/uploads\/2015\/09\/alb.jpg 960w, http:\/\/www.piemonteis.org\/wp-content\/uploads\/2015\/09\/alb-300x201.jpg 300w, http:\/\/www.piemonteis.org\/wp-content\/uploads\/2015\/09\/alb-600x401.jpg 600w\" sizes=\"(max-width: 960px) 100vw, 960px\" \/><\/a><figcaption id=\"caption-attachment-1283\" class=\"wp-caption-text\">Aramengo &#8211; veduta della parrocchiale<\/figcaption><\/figure>\n<p>Qui opere d\u2019arte in corso o attesa di restauro si offrono all\u2019ammirazione del visitatore: la \u201cfolla\u201d di personaggi ci racconta in poco spazio la storia dell\u2019Arte e dell\u2019Archeologia in quel che \u00e8 il pi\u00f9 importante laboratorio di restauro del Piemonte. Tel. 0141.90.91.25 <a href=\"http:\/\/www.nicolarestauri.com\">www.nicolarestauri.com<\/a><\/p>\n<figure id=\"attachment_1285\" aria-describedby=\"caption-attachment-1285\" style=\"width: 636px\" class=\"wp-caption aligncenter\"><a href=\"http:\/\/www.piemonteis.org\/wp-content\/uploads\/2015\/09\/alb6.jpg\"><img decoding=\"async\" loading=\"lazy\" class=\"size-full wp-image-1285\" src=\"http:\/\/www.piemonteis.org\/wp-content\/uploads\/2015\/09\/alb6.jpg\" alt=\"Aramengo - laboratorio Nicola restauri\" width=\"636\" height=\"960\" srcset=\"http:\/\/www.piemonteis.org\/wp-content\/uploads\/2015\/09\/alb6.jpg 636w, http:\/\/www.piemonteis.org\/wp-content\/uploads\/2015\/09\/alb6-199x300.jpg 199w, http:\/\/www.piemonteis.org\/wp-content\/uploads\/2015\/09\/alb6-600x906.jpg 600w\" sizes=\"(max-width: 636px) 100vw, 636px\" \/><\/a><figcaption id=\"caption-attachment-1285\" class=\"wp-caption-text\">Aramengo &#8211; laboratorio Nicola restauri<\/figcaption><\/figure>\n<p>Ad Aramengo segnaliamo, accanto alla parrocchiale barocca, l\u2019<strong>Osteria \u2013 B&amp;B \u201cLa Corte del<\/strong> <strong>Barbio<\/strong>\u201d con cucina tipica e camere. Tel. 0141.909416 \u2013 335.6701221. \u00a0www.lacortedelbarbio.it<\/p>\n<figure id=\"attachment_1286\" aria-describedby=\"caption-attachment-1286\" style=\"width: 960px\" class=\"wp-caption aligncenter\"><a href=\"http:\/\/www.piemonteis.org\/wp-content\/uploads\/2015\/09\/alb3.jpg\"><img decoding=\"async\" loading=\"lazy\" class=\"size-full wp-image-1286\" src=\"http:\/\/www.piemonteis.org\/wp-content\/uploads\/2015\/09\/alb3.jpg\" alt=\"Aramengo - l'Osteria Il Barbio\" width=\"960\" height=\"642\" srcset=\"http:\/\/www.piemonteis.org\/wp-content\/uploads\/2015\/09\/alb3.jpg 960w, http:\/\/www.piemonteis.org\/wp-content\/uploads\/2015\/09\/alb3-300x201.jpg 300w, http:\/\/www.piemonteis.org\/wp-content\/uploads\/2015\/09\/alb3-600x401.jpg 600w\" sizes=\"(max-width: 960px) 100vw, 960px\" \/><\/a><figcaption id=\"caption-attachment-1286\" class=\"wp-caption-text\">Aramengo &#8211; l&#8217;Osteria &#8220;La Corte del Barbio&#8221;<\/figcaption><\/figure>\n<p>&nbsp;<\/p>\n<figure id=\"attachment_1288\" aria-describedby=\"caption-attachment-1288\" style=\"width: 300px\" class=\"wp-caption alignright\"><a href=\"http:\/\/www.piemonteis.org\/wp-content\/uploads\/2015\/09\/alb5.jpg\"><img decoding=\"async\" loading=\"lazy\" class=\"wp-image-1288 size-medium\" src=\"http:\/\/www.piemonteis.org\/wp-content\/uploads\/2015\/09\/alb5-300x201.jpg\" alt=\"alb5\" width=\"300\" height=\"201\" srcset=\"http:\/\/www.piemonteis.org\/wp-content\/uploads\/2015\/09\/alb5-300x201.jpg 300w, http:\/\/www.piemonteis.org\/wp-content\/uploads\/2015\/09\/alb5-600x401.jpg 600w, http:\/\/www.piemonteis.org\/wp-content\/uploads\/2015\/09\/alb5.jpg 960w\" sizes=\"(max-width: 300px) 100vw, 300px\" \/><\/a><figcaption id=\"caption-attachment-1288\" class=\"wp-caption-text\">L&#8217;Osteria &#8220;La Corte del Barbio&#8221; &#8211; dettaglio degli interni<\/figcaption><\/figure>\n<p>&nbsp;<\/p>\n<figure id=\"attachment_1287\" aria-describedby=\"caption-attachment-1287\" style=\"width: 300px\" class=\"wp-caption alignnone\"><a href=\"http:\/\/www.piemonteis.org\/wp-content\/uploads\/2015\/09\/alb4.jpg\"><img decoding=\"async\" loading=\"lazy\" class=\"size-medium wp-image-1287\" src=\"http:\/\/www.piemonteis.org\/wp-content\/uploads\/2015\/09\/alb4-300x201.jpg\" alt=\"L'Osteria &quot;La Corte del Barbio&quot; - dettaglio degli interni\" width=\"300\" height=\"201\" srcset=\"http:\/\/www.piemonteis.org\/wp-content\/uploads\/2015\/09\/alb4-300x201.jpg 300w, http:\/\/www.piemonteis.org\/wp-content\/uploads\/2015\/09\/alb4-600x401.jpg 600w, http:\/\/www.piemonteis.org\/wp-content\/uploads\/2015\/09\/alb4.jpg 960w\" sizes=\"(max-width: 300px) 100vw, 300px\" \/><\/a><figcaption id=\"caption-attachment-1287\" class=\"wp-caption-text\">L&#8217;Osteria &#8220;La Corte del Barbio&#8221; &#8211; dettaglio degli interni<\/figcaption><\/figure>\n<p>&nbsp;<\/p>\n<p>Da Aramengo ad <strong>Albugnano, <\/strong>il<strong> balcone del Monferrato<\/strong>: dalla sommit\u00e0 del paese le colline sono dominate dall\u2019arco alpino sino alle Alpi Marittime, il Monviso, il Cervino, il Monte Rosa e, sotto, i castelli, le pianure. Si veda la chiesa del cimitero, romanica e alcune case a loggiato.<\/p>\n<p><img decoding=\"async\" loading=\"lazy\" class=\"aligncenter wp-image-4377 size-full\" src=\"http:\/\/www.piemonteis.org\/wp-content\/uploads\/2015\/09\/22-Vezzolano_rid.jpg\" width=\"800\" height=\"519\" srcset=\"http:\/\/www.piemonteis.org\/wp-content\/uploads\/2015\/09\/22-Vezzolano_rid.jpg 800w, http:\/\/www.piemonteis.org\/wp-content\/uploads\/2015\/09\/22-Vezzolano_rid-300x195.jpg 300w, http:\/\/www.piemonteis.org\/wp-content\/uploads\/2015\/09\/22-Vezzolano_rid-768x498.jpg 768w, http:\/\/www.piemonteis.org\/wp-content\/uploads\/2015\/09\/22-Vezzolano_rid-400x260.jpg 400w, http:\/\/www.piemonteis.org\/wp-content\/uploads\/2015\/09\/22-Vezzolano_rid-600x389.jpg 600w\" sizes=\"(max-width: 800px) 100vw, 800px\" \/><\/p>\n<p>Raggiungiamo quindi la stupenda <strong>Abbazia di Vezzolano, <\/strong>il cui primo documento risale al 1095, quasi celata in una dolce conca di frutteti e alti pioppi, cornice naturale intatta per l\u2019elegante dispiegarsi dei volumi in cotto che nascondono a loro volta gioielli d\u2019arte eccezionali.<\/p>\n<figure id=\"attachment_1289\" aria-describedby=\"caption-attachment-1289\" style=\"width: 960px\" class=\"wp-caption aligncenter\"><a href=\"http:\/\/www.piemonteis.org\/wp-content\/uploads\/2015\/09\/alb7.jpg\"><img decoding=\"async\" loading=\"lazy\" class=\"wp-image-1289 size-full\" src=\"http:\/\/www.piemonteis.org\/wp-content\/uploads\/2015\/09\/alb7.jpg\" alt=\"Vezzolano - vista della facciata tra i pioppi cipressini\" width=\"960\" height=\"642\" srcset=\"http:\/\/www.piemonteis.org\/wp-content\/uploads\/2015\/09\/alb7.jpg 960w, http:\/\/www.piemonteis.org\/wp-content\/uploads\/2015\/09\/alb7-300x201.jpg 300w, http:\/\/www.piemonteis.org\/wp-content\/uploads\/2015\/09\/alb7-600x401.jpg 600w\" sizes=\"(max-width: 960px) 100vw, 960px\" \/><\/a><figcaption id=\"caption-attachment-1289\" class=\"wp-caption-text\">Vezzolano &#8211; vista della facciata tra i pioppi cipressini<\/figcaption><\/figure>\n<p>Le armoniose e semplici volte gotiche conservano infatti un <strong>gruppo in terracotta policroma<\/strong> del XV secolo raffigurante la Madonna in trono presentata a Carlo VIII di Francia da S.Agostino; il raro <strong>pontile<\/strong>, detto anche <em>jub\u00e8, <\/em>dal<em> latino jube Domine benedicerae, <\/em>parole con cui si iniziava la predica,\u00a0 dove sono rappresentate la <em>Dormitio<\/em>, l\u2019Incoronazione e l\u2019Ascesa al cielo della Vergine, il Tetramorfo, e gli antenati di Maria, recanti un cartiglio con il loro nome. Queste figure sono molto delicate ed espressive e, nelle loro minute proporzioni, ancora pi\u00f9 raffinate. Notiamo l\u2019uso del costoso lapislazzulo, blu, come in facciata la Madonna presenta un bel diaspro traslucido.<\/p>\n<figure id=\"attachment_1293\" aria-describedby=\"caption-attachment-1293\" style=\"width: 960px\" class=\"wp-caption aligncenter\"><a href=\"http:\/\/www.piemonteis.org\/wp-content\/uploads\/2015\/09\/pont.jpg\"><img decoding=\"async\" loading=\"lazy\" class=\"size-full wp-image-1293\" src=\"http:\/\/www.piemonteis.org\/wp-content\/uploads\/2015\/09\/pont.jpg\" alt=\"Il magnifico pontile di Vezzolano\" width=\"960\" height=\"540\" srcset=\"http:\/\/www.piemonteis.org\/wp-content\/uploads\/2015\/09\/pont.jpg 960w, http:\/\/www.piemonteis.org\/wp-content\/uploads\/2015\/09\/pont-300x169.jpg 300w, http:\/\/www.piemonteis.org\/wp-content\/uploads\/2015\/09\/pont-600x338.jpg 600w\" sizes=\"(max-width: 960px) 100vw, 960px\" \/><\/a><figcaption id=\"caption-attachment-1293\" class=\"wp-caption-text\">Il magnifico pontile di Vezzolano &#8211; foto di Paolo Barosso<\/figcaption><\/figure>\n<p>Un <strong>chiostro<\/strong> di minute proporzioni, incantevole e raccolto, conserva affreschi del XIII e XIV secolo.<\/p>\n<figure id=\"attachment_1290\" aria-describedby=\"caption-attachment-1290\" style=\"width: 960px\" class=\"wp-caption aligncenter\"><a href=\"http:\/\/www.piemonteis.org\/wp-content\/uploads\/2015\/09\/alb9.jpg\"><img decoding=\"async\" loading=\"lazy\" class=\"size-full wp-image-1290\" src=\"http:\/\/www.piemonteis.org\/wp-content\/uploads\/2015\/09\/alb9.jpg\" alt=\"Vezzolano - dettaglio del chiostro\" width=\"960\" height=\"642\" srcset=\"http:\/\/www.piemonteis.org\/wp-content\/uploads\/2015\/09\/alb9.jpg 960w, http:\/\/www.piemonteis.org\/wp-content\/uploads\/2015\/09\/alb9-300x201.jpg 300w, http:\/\/www.piemonteis.org\/wp-content\/uploads\/2015\/09\/alb9-600x401.jpg 600w\" sizes=\"(max-width: 960px) 100vw, 960px\" \/><\/a><figcaption id=\"caption-attachment-1290\" class=\"wp-caption-text\">Vezzolano &#8211; dettaglio del chiostro<\/figcaption><\/figure>\n<p>Dall\u2019abbazia partono itinerari a piedi sui crinali delle colline: castelli, Alpi, ma bastano dieci minuti per affacciarsi su tale paesaggio, e vedere il castello di Cinzano, il Monte Rosa e altri monti e colline. E\u2019 possibile anche raggiungere a piedi l\u2019abbazia, dalla chiesa di S. Eusebio (Castelnuovo Don Bosco) attraverso vigneti e boschi: \u00e8 questa l\u2019antica strada che portava all\u2019abbazia ed essa si scorge, verso la fine del percorso, in facciata.<\/p>\n<figure id=\"attachment_4378\" aria-describedby=\"caption-attachment-4378\" style=\"width: 800px\" class=\"wp-caption aligncenter\"><img decoding=\"async\" loading=\"lazy\" class=\"wp-image-4378 size-full\" src=\"http:\/\/www.piemonteis.org\/wp-content\/uploads\/2015\/09\/23-Vezzolano-e-Albugnano_rid.jpg\" alt=\"Albugnano e Vezzolano - panorama\" width=\"800\" height=\"521\" srcset=\"http:\/\/www.piemonteis.org\/wp-content\/uploads\/2015\/09\/23-Vezzolano-e-Albugnano_rid.jpg 800w, http:\/\/www.piemonteis.org\/wp-content\/uploads\/2015\/09\/23-Vezzolano-e-Albugnano_rid-300x195.jpg 300w, http:\/\/www.piemonteis.org\/wp-content\/uploads\/2015\/09\/23-Vezzolano-e-Albugnano_rid-768x500.jpg 768w, http:\/\/www.piemonteis.org\/wp-content\/uploads\/2015\/09\/23-Vezzolano-e-Albugnano_rid-400x261.jpg 400w, http:\/\/www.piemonteis.org\/wp-content\/uploads\/2015\/09\/23-Vezzolano-e-Albugnano_rid-600x391.jpg 600w\" sizes=\"(max-width: 800px) 100vw, 800px\" \/><figcaption id=\"caption-attachment-4378\" class=\"wp-caption-text\">Albugnano e Vezzolano &#8211; panorama<\/figcaption><\/figure>\n<p>Per chi vuole fare un\u2019altra \u00a0breve passeggiata consigliamo di lasciare l\u2019auto al bivio <strong>Mondonio-Pino d\u2019Asti<\/strong>. Qui le colline, intensamente coltivate a vigneti e frutteti sono come morbide sfere punteggiate dalle coltivazioni, dalle quali spuntano le cime alpine. Curioso come camminando sulla strada\u00a0 le colline dal lato opposto siano a livello dei nostri occhi, in una prospettiva particolare che ci fa sentire come sospesi nel cielo, dominanti il panorama.<\/p>\n<figure id=\"attachment_1292\" aria-describedby=\"caption-attachment-1292\" style=\"width: 1221px\" class=\"wp-caption aligncenter\"><a href=\"http:\/\/www.piemonteis.org\/wp-content\/uploads\/2015\/09\/19-paesaggio-tra-Mondonio-e-Pino-dAsti-pressi-Albugnano.jpg\"><img decoding=\"async\" loading=\"lazy\" class=\"size-full wp-image-1292\" src=\"http:\/\/www.piemonteis.org\/wp-content\/uploads\/2015\/09\/19-paesaggio-tra-Mondonio-e-Pino-dAsti-pressi-Albugnano.jpg\" alt=\"Paesaggio invernale tra Mondonio e Pino d'Asti\" width=\"1221\" height=\"823\" srcset=\"http:\/\/www.piemonteis.org\/wp-content\/uploads\/2015\/09\/19-paesaggio-tra-Mondonio-e-Pino-dAsti-pressi-Albugnano.jpg 1221w, http:\/\/www.piemonteis.org\/wp-content\/uploads\/2015\/09\/19-paesaggio-tra-Mondonio-e-Pino-dAsti-pressi-Albugnano-300x202.jpg 300w, http:\/\/www.piemonteis.org\/wp-content\/uploads\/2015\/09\/19-paesaggio-tra-Mondonio-e-Pino-dAsti-pressi-Albugnano-1024x690.jpg 1024w, http:\/\/www.piemonteis.org\/wp-content\/uploads\/2015\/09\/19-paesaggio-tra-Mondonio-e-Pino-dAsti-pressi-Albugnano-600x404.jpg 600w\" sizes=\"(max-width: 1221px) 100vw, 1221px\" \/><\/a><figcaption id=\"caption-attachment-1292\" class=\"wp-caption-text\">Paesaggio invernale tra Mondonio e Pino d&#8217;Asti<\/figcaption><\/figure>\n<p>Le ultime propaggini del Monferrato si fondono con la collina torinese, e possiamo anche definire il luogo una sorta di \u201cArcadia\u201d dei vigneti: lungo la strada che scende a Castelnuovo Don Bosco, a Nevissano, immersa tra le viti troviamo <strong><a href=\"http:\/\/www.cascinagilli.it\/#\/it\">Cascina Gilli<\/a><\/strong>,\u00a0 con annessa villa padronale settecentesca.<\/p>\n<figure id=\"attachment_1294\" aria-describedby=\"caption-attachment-1294\" style=\"width: 1229px\" class=\"wp-caption aligncenter\"><a href=\"http:\/\/www.piemonteis.org\/wp-content\/uploads\/2015\/09\/25-Cascina-Gilli.jpg\"><img decoding=\"async\" loading=\"lazy\" class=\"size-full wp-image-1294\" src=\"http:\/\/www.piemonteis.org\/wp-content\/uploads\/2015\/09\/25-Cascina-Gilli.jpg\" alt=\"Cascina Gili - interno\" width=\"1229\" height=\"824\" srcset=\"http:\/\/www.piemonteis.org\/wp-content\/uploads\/2015\/09\/25-Cascina-Gilli.jpg 1229w, http:\/\/www.piemonteis.org\/wp-content\/uploads\/2015\/09\/25-Cascina-Gilli-300x201.jpg 300w, http:\/\/www.piemonteis.org\/wp-content\/uploads\/2015\/09\/25-Cascina-Gilli-1024x687.jpg 1024w, http:\/\/www.piemonteis.org\/wp-content\/uploads\/2015\/09\/25-Cascina-Gilli-600x402.jpg 600w\" sizes=\"(max-width: 1229px) 100vw, 1229px\" \/><\/a><figcaption id=\"caption-attachment-1294\" class=\"wp-caption-text\">Cascina Gili &#8211; interno<\/figcaption><\/figure>\n<p>La bellezza di questi edifici, ristrutturati con rispetto della tipicit\u00e0 locale, ci permetter\u00e0 di conoscere la cascina monferrina, con le sue tipiche caratteristiche e, insieme, la produzione di <strong>vini tipici<\/strong> della zona: Malvasia, Fresia, Bonarda, Barbera. Dalle colline emerge il Monviso, e altre cime che si fondono con i castelli delle colline celanti la vista della metropoli torinese, poco distante da questo luogo idillico.<\/p>\n<figure id=\"attachment_1304\" aria-describedby=\"caption-attachment-1304\" style=\"width: 960px\" class=\"wp-caption aligncenter\"><a href=\"http:\/\/www.piemonteis.org\/wp-content\/uploads\/2015\/09\/monf3.jpg\"><img decoding=\"async\" loading=\"lazy\" class=\"size-full wp-image-1304\" src=\"http:\/\/www.piemonteis.org\/wp-content\/uploads\/2015\/09\/monf3.jpg\" alt=\"Cascina monferrina con civile\" width=\"960\" height=\"642\" srcset=\"http:\/\/www.piemonteis.org\/wp-content\/uploads\/2015\/09\/monf3.jpg 960w, http:\/\/www.piemonteis.org\/wp-content\/uploads\/2015\/09\/monf3-300x201.jpg 300w, http:\/\/www.piemonteis.org\/wp-content\/uploads\/2015\/09\/monf3-600x401.jpg 600w\" sizes=\"(max-width: 960px) 100vw, 960px\" \/><\/a><figcaption id=\"caption-attachment-1304\" class=\"wp-caption-text\">Cascina monferrina con civile<\/figcaption><\/figure>\n<p>Nella frazione Becchi di Castelnuovo nacque nel 1815\u00a0<strong>San Giovanni Bosco<\/strong>, che fond\u00f2 a Torino la congregazione salesiana, a difesa ed educazione dei fanciulli: l\u00ec potremo visitare il <strong>Colle Don Bosco<\/strong>, con il tempio e la casa natale del Santo, che \u00e8 inoltre un raro esempio di casa del Monferrato lasciata intatta, testimonianza di come si viveva nei tempi passati in questi luoghi<\/p>\n<p><a href=\"http:\/\/www.piemonteis.org\/wp-content\/uploads\/2015\/09\/alb10.jpg\"><img decoding=\"async\" loading=\"lazy\" class=\" size-full wp-image-1295 aligncenter\" src=\"http:\/\/www.piemonteis.org\/wp-content\/uploads\/2015\/09\/alb10.jpg\" alt=\"alb10\" width=\"960\" height=\"642\" srcset=\"http:\/\/www.piemonteis.org\/wp-content\/uploads\/2015\/09\/alb10.jpg 960w, http:\/\/www.piemonteis.org\/wp-content\/uploads\/2015\/09\/alb10-300x201.jpg 300w, http:\/\/www.piemonteis.org\/wp-content\/uploads\/2015\/09\/alb10-600x401.jpg 600w\" sizes=\"(max-width: 960px) 100vw, 960px\" \/><\/a><\/p>\n<p><strong><em>Le genti del Monferrato \u00a0<\/em><\/strong>Voglio terminare l\u2019articolo con un <strong>viso del Monferrato<\/strong>. Le genti che hanno lavorato e lavorano queste terre sono i protagonisti. Questo viso di un\u2019anziana contadina, nonch\u00e9 ancora bello, mi pare riflettere un\u2019espressione di altri tempi: la non diffidenza verso il forestiero, la serenit\u00e0 nonostante la passata povert\u00e0, sentimenti in generale positivi che non appartengono alla societ\u00e0 attuale. Sono felice di immortalarla su questo, pur effimero, giornale moderno!<\/p>\n<figure id=\"attachment_1296\" aria-describedby=\"caption-attachment-1296\" style=\"width: 960px\" class=\"wp-caption aligncenter\"><a href=\"http:\/\/www.piemonteis.org\/wp-content\/uploads\/2015\/09\/alb8.jpg\"><img decoding=\"async\" loading=\"lazy\" class=\"size-full wp-image-1296\" src=\"http:\/\/www.piemonteis.org\/wp-content\/uploads\/2015\/09\/alb8.jpg\" alt=\"Viso di anziana contadina del Monferrato\" width=\"960\" height=\"642\" srcset=\"http:\/\/www.piemonteis.org\/wp-content\/uploads\/2015\/09\/alb8.jpg 960w, http:\/\/www.piemonteis.org\/wp-content\/uploads\/2015\/09\/alb8-300x201.jpg 300w, http:\/\/www.piemonteis.org\/wp-content\/uploads\/2015\/09\/alb8-600x401.jpg 600w\" sizes=\"(max-width: 960px) 100vw, 960px\" \/><\/a><figcaption id=\"caption-attachment-1296\" class=\"wp-caption-text\">Viso di anziana contadina del Monferrato<\/figcaption><\/figure>\n<p>In questo itinerario abbiamo visto fondersi la vastit\u00e0 della Pianura Padana, dall\u2019alto, con l\u2019ampio srotolarsi di questa stoffa verde, gialla, rossastra\u00a0 che sono le colline, sovrastate dalle Alpi e punteggiate dai borghi, castelli e chiese\u00a0 in cotto, tufo e arenaria, manufatti umani \u201cfatti\u201d di Natura.<\/p>\n<figure id=\"attachment_1302\" aria-describedby=\"caption-attachment-1302\" style=\"width: 960px\" class=\"wp-caption aligncenter\"><a href=\"http:\/\/www.piemonteis.org\/wp-content\/uploads\/2015\/09\/monf1.jpg\"><img decoding=\"async\" loading=\"lazy\" class=\"wp-image-1302 size-full\" src=\"http:\/\/www.piemonteis.org\/wp-content\/uploads\/2015\/09\/monf1.jpg\" alt=\"monf1\" width=\"960\" height=\"642\" srcset=\"http:\/\/www.piemonteis.org\/wp-content\/uploads\/2015\/09\/monf1.jpg 960w, http:\/\/www.piemonteis.org\/wp-content\/uploads\/2015\/09\/monf1-300x201.jpg 300w, http:\/\/www.piemonteis.org\/wp-content\/uploads\/2015\/09\/monf1-600x401.jpg 600w\" sizes=\"(max-width: 960px) 100vw, 960px\" \/><\/a><figcaption id=\"caption-attachment-1302\" class=\"wp-caption-text\">Anziani contadini monferrini in uno scatto d&#8217;epoca<\/figcaption><\/figure>\n<p>&nbsp;<\/p>\n<p>Testo e foto di Giovanni Dughera<\/p>\n<p>&nbsp;<\/p>\n<figure id=\"attachment_1303\" aria-describedby=\"caption-attachment-1303\" style=\"width: 642px\" class=\"wp-caption aligncenter\"><a href=\"http:\/\/www.piemonteis.org\/wp-content\/uploads\/2015\/09\/monf2.jpg\"><img decoding=\"async\" loading=\"lazy\" class=\"wp-image-1303 size-full\" src=\"http:\/\/www.piemonteis.org\/wp-content\/uploads\/2015\/09\/monf2.jpg\" alt=\"monf2\" width=\"642\" height=\"960\" srcset=\"http:\/\/www.piemonteis.org\/wp-content\/uploads\/2015\/09\/monf2.jpg 642w, http:\/\/www.piemonteis.org\/wp-content\/uploads\/2015\/09\/monf2-201x300.jpg 201w, http:\/\/www.piemonteis.org\/wp-content\/uploads\/2015\/09\/monf2-600x897.jpg 600w\" sizes=\"(max-width: 642px) 100vw, 642px\" \/><\/a><figcaption id=\"caption-attachment-1303\" class=\"wp-caption-text\">Agiata donna monferrina in una foto d&#8217;epoca<\/figcaption><\/figure>\n<p>&nbsp;<\/p>\n<p>&nbsp;<\/p>\n","protected":false},"excerpt":{"rendered":"<p>Tappa precedente: Cerreto, Cocconato, Passerano Marmorito Si avvia a conclusione l&#8217;itinerario monferrino proposto dal nostro collaboratore Giovanni Dughera che in questa puntata ci&#8230;<\/p>\n","protected":false},"author":1,"featured_media":1290,"comment_status":"open","ping_status":"open","sticky":false,"template":"","format":"standard","meta":{"footnotes":""},"categories":[14,3],"tags":[],"_links":{"self":[{"href":"http:\/\/www.piemonteis.org\/index.php?rest_route=\/wp\/v2\/posts\/1281"}],"collection":[{"href":"http:\/\/www.piemonteis.org\/index.php?rest_route=\/wp\/v2\/posts"}],"about":[{"href":"http:\/\/www.piemonteis.org\/index.php?rest_route=\/wp\/v2\/types\/post"}],"author":[{"embeddable":true,"href":"http:\/\/www.piemonteis.org\/index.php?rest_route=\/wp\/v2\/users\/1"}],"replies":[{"embeddable":true,"href":"http:\/\/www.piemonteis.org\/index.php?rest_route=%2Fwp%2Fv2%2Fcomments&post=1281"}],"version-history":[{"count":8,"href":"http:\/\/www.piemonteis.org\/index.php?rest_route=\/wp\/v2\/posts\/1281\/revisions"}],"predecessor-version":[{"id":4379,"href":"http:\/\/www.piemonteis.org\/index.php?rest_route=\/wp\/v2\/posts\/1281\/revisions\/4379"}],"wp:featuredmedia":[{"embeddable":true,"href":"http:\/\/www.piemonteis.org\/index.php?rest_route=\/wp\/v2\/media\/1290"}],"wp:attachment":[{"href":"http:\/\/www.piemonteis.org\/index.php?rest_route=%2Fwp%2Fv2%2Fmedia&parent=1281"}],"wp:term":[{"taxonomy":"category","embeddable":true,"href":"http:\/\/www.piemonteis.org\/index.php?rest_route=%2Fwp%2Fv2%2Fcategories&post=1281"},{"taxonomy":"post_tag","embeddable":true,"href":"http:\/\/www.piemonteis.org\/index.php?rest_route=%2Fwp%2Fv2%2Ftags&post=1281"}],"curies":[{"name":"wp","href":"https:\/\/api.w.org\/{rel}","templated":true}]}}