{"id":2093,"date":"2016-04-05T21:14:05","date_gmt":"2016-04-05T21:14:05","guid":{"rendered":"http:\/\/www.piemonteis.org\/?p=2093"},"modified":"2016-04-05T21:15:41","modified_gmt":"2016-04-05T21:15:41","slug":"il-consorzio-tutela-vini-colli-tortonesi-approva-il-marchio-derthona-per-il-pregiato-timorasso","status":"publish","type":"post","link":"http:\/\/www.piemonteis.org\/?p=2093","title":{"rendered":"Il Consorzio Tutela Vini Colli Tortonesi approva il marchio Derthona per il pregiato Timorasso"},"content":{"rendered":"<p>L&#8217;Assemblea Ordinaria del <strong>Consorzio Tutela Vini Colli Tortonesi,<\/strong>\u00a0riconfermando i tredici consiglieri in carica e rinnovando\u00a0le cariche dello scorso mandato, con Stefano Bergaglio alla presidenza, ha ribadito la volont\u00e0 di proseguire il cammino gi\u00e0 da tempo intrapreso per rafforzare l&#8217;identit\u00e0 dei prodotti vinicoli locali.<\/p>\n<figure id=\"attachment_2096\" aria-describedby=\"caption-attachment-2096\" style=\"width: 687px\" class=\"wp-caption aligncenter\"><a href=\"http:\/\/www.piemonteis.org\/wp-content\/uploads\/2016\/04\/12936692_10209093558078226_5910400479643057368_n.jpg\" rel=\"attachment wp-att-2096\"><img decoding=\"async\" loading=\"lazy\" class=\"size-full wp-image-2096\" src=\"http:\/\/www.piemonteis.org\/wp-content\/uploads\/2016\/04\/12936692_10209093558078226_5910400479643057368_n.jpg\" alt=\"Cartina dei Colli Tortonesi\" width=\"687\" height=\"600\" srcset=\"http:\/\/www.piemonteis.org\/wp-content\/uploads\/2016\/04\/12936692_10209093558078226_5910400479643057368_n.jpg 687w, http:\/\/www.piemonteis.org\/wp-content\/uploads\/2016\/04\/12936692_10209093558078226_5910400479643057368_n-300x262.jpg 300w, http:\/\/www.piemonteis.org\/wp-content\/uploads\/2016\/04\/12936692_10209093558078226_5910400479643057368_n-600x524.jpg 600w\" sizes=\"(max-width: 687px) 100vw, 687px\" \/><\/a><figcaption id=\"caption-attachment-2096\" class=\"wp-caption-text\">Cartina dei Colli Tortonesi<\/figcaption><\/figure>\n<p>Tra i risultati raggiunti in questi anni particolare rilevanza ha assunto il riconoscimento ministeriale dell&#8217;<em>erga omnes<\/em> e l&#8217;aver portato tutte le aziende imbottigliatrici del territorio a far parte del Consorzio, a riprova della credibilit\u00e0 di un ente sul quale i vignaioli possono fare affidamento per la loro crescita e tutela.<\/p>\n<figure id=\"attachment_2094\" aria-describedby=\"caption-attachment-2094\" style=\"width: 960px\" class=\"wp-caption aligncenter\"><a href=\"http:\/\/www.piemonteis.org\/wp-content\/uploads\/2016\/04\/12963482_10209093560718292_8166699792256645011_n.jpg\" rel=\"attachment wp-att-2094\"><img decoding=\"async\" loading=\"lazy\" class=\"size-full wp-image-2094\" src=\"http:\/\/www.piemonteis.org\/wp-content\/uploads\/2016\/04\/12963482_10209093560718292_8166699792256645011_n.jpg\" alt=\"Veduta dei colli tortonesi\" width=\"960\" height=\"640\" srcset=\"http:\/\/www.piemonteis.org\/wp-content\/uploads\/2016\/04\/12963482_10209093560718292_8166699792256645011_n.jpg 960w, http:\/\/www.piemonteis.org\/wp-content\/uploads\/2016\/04\/12963482_10209093560718292_8166699792256645011_n-300x200.jpg 300w, http:\/\/www.piemonteis.org\/wp-content\/uploads\/2016\/04\/12963482_10209093560718292_8166699792256645011_n-768x512.jpg 768w, http:\/\/www.piemonteis.org\/wp-content\/uploads\/2016\/04\/12963482_10209093560718292_8166699792256645011_n-600x400.jpg 600w\" sizes=\"(max-width: 960px) 100vw, 960px\" \/><\/a><figcaption id=\"caption-attachment-2094\" class=\"wp-caption-text\">Veduta dei colli tortonesi<\/figcaption><\/figure>\n<p>Da evidenziare inoltre l&#8217;approvazione del <strong>marchio Derthona<\/strong>, che potr\u00e0 essere utilizzato, previa autorizzazione da parte del Consorzio, per designare i\u00a0vini bianchi ricavati dalle pregiate uve <strong>Timorasso dei Colli Tortonesi.<\/strong><\/p>\n<p>Il marchio\u00a0<strong>Derthona,<\/strong>\u00a0che caratterizza fortemente il territorio di produzione del Timorasso, riprende il nome latino di Tortona, ricalcato su un precedente toponimo celto-ligure <em>Derton<\/em>, designante un &#8220;<em>luogo elevato, posto su altura<\/em>&#8221; e scelto per indicare <em><strong>Iulia Dertona<\/strong><\/em>, prima colonia romana del Piemonte, fondata verso la fine del II secolo a.C. come avamposto militare nei territori celto-liguri del Piemonte antico e snodo strategico dei traffici commerciali tra pianura padana e area alpina occidentale. Il marchio definir\u00e0 il vino bianco, fermo, ottenuto dal <strong>vitigno Timorasso<\/strong> coltivato nel territorio di 31 Comuni dei Colli Tortonesi. Il marchio \u00e8 di propriet\u00e0 del Consorzio e quindi la denominazione del prodotto rimarr\u00e0 <em><strong>Colli Tortonesi Timorasso<\/strong><\/em>, ma l&#8217;intento \u00e8 di legare sempre di pi\u00f9 il nome del territorio, mutuato dalla denominazione antica della citt\u00e0 di riferimento, Tortona, a quello del vino, come gi\u00e0 accaduto nel caso del Barolo (un tempo definito Nebbiolo di Barolo) o dei Nebbioli del Nord Piemonte, dal Ghemme al Sizzano.<\/p>\n<p>Redazione Piemont\u00e8is<\/p>\n<figure id=\"attachment_2095\" aria-describedby=\"caption-attachment-2095\" style=\"width: 960px\" class=\"wp-caption aligncenter\"><a href=\"http:\/\/www.piemonteis.org\/wp-content\/uploads\/2016\/04\/12472295_10209093559718267_5057684602755287872_n.jpg\" rel=\"attachment wp-att-2095\"><img decoding=\"async\" loading=\"lazy\" class=\"size-full wp-image-2095\" src=\"http:\/\/www.piemonteis.org\/wp-content\/uploads\/2016\/04\/12472295_10209093559718267_5057684602755287872_n.jpg\" alt=\"Scorcio invernale di vigna di Timorasso\" width=\"960\" height=\"640\" srcset=\"http:\/\/www.piemonteis.org\/wp-content\/uploads\/2016\/04\/12472295_10209093559718267_5057684602755287872_n.jpg 960w, http:\/\/www.piemonteis.org\/wp-content\/uploads\/2016\/04\/12472295_10209093559718267_5057684602755287872_n-300x200.jpg 300w, http:\/\/www.piemonteis.org\/wp-content\/uploads\/2016\/04\/12472295_10209093559718267_5057684602755287872_n-768x512.jpg 768w, http:\/\/www.piemonteis.org\/wp-content\/uploads\/2016\/04\/12472295_10209093559718267_5057684602755287872_n-600x400.jpg 600w\" sizes=\"(max-width: 960px) 100vw, 960px\" \/><\/a><figcaption id=\"caption-attachment-2095\" class=\"wp-caption-text\">Scorcio invernale di vigna di Timorasso<\/figcaption><\/figure>\n<p>&nbsp;<\/p>\n","protected":false},"excerpt":{"rendered":"<p>L&#8217;Assemblea Ordinaria del Consorzio Tutela Vini Colli Tortonesi,\u00a0riconfermando i tredici consiglieri in carica e rinnovando\u00a0le cariche dello scorso mandato, con Stefano Bergaglio alla&#8230;<\/p>\n","protected":false},"author":1,"featured_media":2094,"comment_status":"open","ping_status":"open","sticky":false,"template":"","format":"standard","meta":{"footnotes":""},"categories":[16,2,11],"tags":[82,80,81,38],"_links":{"self":[{"href":"http:\/\/www.piemonteis.org\/index.php?rest_route=\/wp\/v2\/posts\/2093"}],"collection":[{"href":"http:\/\/www.piemonteis.org\/index.php?rest_route=\/wp\/v2\/posts"}],"about":[{"href":"http:\/\/www.piemonteis.org\/index.php?rest_route=\/wp\/v2\/types\/post"}],"author":[{"embeddable":true,"href":"http:\/\/www.piemonteis.org\/index.php?rest_route=\/wp\/v2\/users\/1"}],"replies":[{"embeddable":true,"href":"http:\/\/www.piemonteis.org\/index.php?rest_route=%2Fwp%2Fv2%2Fcomments&post=2093"}],"version-history":[{"count":3,"href":"http:\/\/www.piemonteis.org\/index.php?rest_route=\/wp\/v2\/posts\/2093\/revisions"}],"predecessor-version":[{"id":2099,"href":"http:\/\/www.piemonteis.org\/index.php?rest_route=\/wp\/v2\/posts\/2093\/revisions\/2099"}],"wp:featuredmedia":[{"embeddable":true,"href":"http:\/\/www.piemonteis.org\/index.php?rest_route=\/wp\/v2\/media\/2094"}],"wp:attachment":[{"href":"http:\/\/www.piemonteis.org\/index.php?rest_route=%2Fwp%2Fv2%2Fmedia&parent=2093"}],"wp:term":[{"taxonomy":"category","embeddable":true,"href":"http:\/\/www.piemonteis.org\/index.php?rest_route=%2Fwp%2Fv2%2Fcategories&post=2093"},{"taxonomy":"post_tag","embeddable":true,"href":"http:\/\/www.piemonteis.org\/index.php?rest_route=%2Fwp%2Fv2%2Ftags&post=2093"}],"curies":[{"name":"wp","href":"https:\/\/api.w.org\/{rel}","templated":true}]}}