{"id":256,"date":"2023-06-02T11:54:00","date_gmt":"2023-06-02T11:54:00","guid":{"rendered":"http:\/\/www.piemonteis.org\/?p=256"},"modified":"2023-06-04T09:09:25","modified_gmt":"2023-06-04T09:09:25","slug":"labbazia-di-cavour-scrigno-di-arte-storia-e-fede","status":"publish","type":"post","link":"http:\/\/www.piemonteis.org\/?p=256","title":{"rendered":"L&#8217;abbazia di Cavour, scrigno di arte, storia e fede"},"content":{"rendered":"<p><strong>L\u2019abbazia benedettina di Santa Maria <\/strong>a<strong> Cavour (To)<\/strong> venne fondata ufficialmente nel 1037 per iniziativa del vescovo di Torino, Landolfo, che dot\u00f2 la comunit\u00e0 monastica di beni e fondi, incaricandola di recitare preghiere &#8220;<em>omni tempore die noctuque<\/em>&#8221; secondo la pratica, in uso nel monachesimo antico, della &#8220;<em>laus perennis<\/em>&#8221; (preghiera continuativa).<\/p>\n<p><img decoding=\"async\" loading=\"lazy\" class=\"aligncenter wp-image-6698 size-full\" src=\"http:\/\/www.piemonteis.org\/wp-content\/uploads\/2014\/11\/DSC_0485-2-scaled.jpg\" alt=\"\" width=\"2560\" height=\"1707\" srcset=\"http:\/\/www.piemonteis.org\/wp-content\/uploads\/2014\/11\/DSC_0485-2-scaled.jpg 2560w, http:\/\/www.piemonteis.org\/wp-content\/uploads\/2014\/11\/DSC_0485-2-300x200.jpg 300w, http:\/\/www.piemonteis.org\/wp-content\/uploads\/2014\/11\/DSC_0485-2-400x267.jpg 400w, http:\/\/www.piemonteis.org\/wp-content\/uploads\/2014\/11\/DSC_0485-2-768x512.jpg 768w, http:\/\/www.piemonteis.org\/wp-content\/uploads\/2014\/11\/DSC_0485-2-1536x1024.jpg 1536w, http:\/\/www.piemonteis.org\/wp-content\/uploads\/2014\/11\/DSC_0485-2-2048x1365.jpg 2048w\" sizes=\"(max-width: 2560px) 100vw, 2560px\" \/><\/p>\n<p>L\u2019edificio venne innestato sul sedime d\u2019una <strong>chiesa pi\u00f9 antica, <\/strong>distrutta durante le scorrerie saracene,&nbsp;officiata sin dal VII\/VIII secolo forse da una comunit\u00e0 di agostiniani eremitani. Questi, che vivevano secondo l\u2019antica regola di Sant\u2019Agostino, fuggirono dal Nord Africa in seguito alle invasioni dei Vandali (V secolo) e trovarono rifugio in varie localit\u00e0 d\u2019Europa.<\/p>\n<p><img decoding=\"async\" loading=\"lazy\" class=\"wp-image-6702 size-full alignnone\" src=\"http:\/\/www.piemonteis.org\/wp-content\/uploads\/2014\/11\/DSC_0474-2-scaled.jpg\" alt=\"\" width=\"2560\" height=\"1707\" srcset=\"http:\/\/www.piemonteis.org\/wp-content\/uploads\/2014\/11\/DSC_0474-2-scaled.jpg 2560w, http:\/\/www.piemonteis.org\/wp-content\/uploads\/2014\/11\/DSC_0474-2-300x200.jpg 300w, http:\/\/www.piemonteis.org\/wp-content\/uploads\/2014\/11\/DSC_0474-2-400x267.jpg 400w, http:\/\/www.piemonteis.org\/wp-content\/uploads\/2014\/11\/DSC_0474-2-768x512.jpg 768w, http:\/\/www.piemonteis.org\/wp-content\/uploads\/2014\/11\/DSC_0474-2-1536x1024.jpg 1536w, http:\/\/www.piemonteis.org\/wp-content\/uploads\/2014\/11\/DSC_0474-2-2048x1365.jpg 2048w\" sizes=\"(max-width: 2560px) 100vw, 2560px\" \/><\/p>\n<p>Il complesso abbaziale, gravemente danneggiato negli eventi bellici che coinvolsero a pi\u00f9 riprese Cavour (in particolare, il saccheggio degli Ugonotti francesi al comando di Fran\u00e7ois de Bonne duca di Lesdigui\u00e8res nel 1592 e le demolizioni operate da Nicolas de Catinat, generale di Luigi XIV, nel 1690), conserva del periodo altomedievale la suggestiva <strong>cripta<\/strong>, appartenente alla prima fase costruttiva dell\u2019edificio, al tempo degli agostiniani.<\/p>\n<p><img decoding=\"async\" loading=\"lazy\" class=\"size-medium aligncenter\" src=\"https:\/\/i.pinimg.com\/originals\/66\/7e\/0f\/667e0faf427e8f5cbdaa191cb1f84b37.jpg\" width=\"6000\" height=\"4000\"><\/p>\n<p>L\u2019ambiente sotterraneo, composto da tre navate suddivise da dodici pilastrini (richiamo ai dodici apostoli) e conforme alla rara tipologia delle <strong><em>cripte ad absidi contrapposte<\/em><\/strong>, conserva <strong>l\u2019altare pi\u00f9 antico del Piemonte<\/strong>, costituito da tre basi di colonne romane, due delle quali rovesciate, provenienti dagli scavi della vicina citt\u00e0 romana di <em>Forum Vibii\/Caburrum<\/em>, fondata a meridione della Rocca di Cavour nel I secolo a.C. nel territorio che fu della trib\u00f9 celto-ligure dei <em>Caburriates<\/em>.<\/p>\n<p><img decoding=\"async\" loading=\"lazy\" class=\"size-medium aligncenter\" src=\"https:\/\/i.pinimg.com\/originals\/f9\/2f\/2b\/f92f2bb1d5e032e301a8705ff497788a.jpg\" width=\"6000\" height=\"4000\"><\/p>\n<p>Gli altari, nel Cristianesimo delle origini, erano spesso collocati sulle tombe dei martiri e anche in seguito il legame simbolico con questa pratica si rispecchi\u00f2 nell\u2019usanza, in auge dal VI secolo, di inserire nell\u2019altare, per consacrarlo, le<strong> reliquie di un santo<\/strong> (deposte nella \u201cpietra sacra\u201d, incassata nella tavola di legno o di pietra della mensa eucaristica).<\/p>\n<p>L\u2019altare di Cavour conteneva le reliquie di<strong> San Proietto<\/strong>, disperse durante il saccheggio ugonotto del 1592, ma poi in parte recuperate dai monaci e ricollocate al loro posto. Nel 1905 si esegu\u00ec una ricognizione autorizzata dal vescovo, smontando l\u2019altare e trovandovi all\u2019interno, nascosta tra le basi delle colonne, una teca con frammenti ossei, identificati con le reliquie di San Proietto.<\/p>\n<figure style=\"width: 6000px\" class=\"wp-caption alignnone\"><img decoding=\"async\" loading=\"lazy\" class=\"size-medium\" src=\"https:\/\/i.pinimg.com\/originals\/27\/b9\/67\/27b967004434a37e0dcfbda3805fbb8f.jpg\" width=\"6000\" height=\"4000\"><figcaption class=\"wp-caption-text\">Interno del Museo Archeologico &#8220;Caburrum&#8221;<\/figcaption><\/figure>\n<p><!--more--><\/p>\n<p>A partire dal 1780 si esegu\u00ec il progetto di <em>restauratione<\/em> del complesso, realizzando l\u2019attuale chiesa tardo-barocca a croce greca con gli scudi sabaudi sui capitelli e preservando la struttura sotterranea della cripta, la cui sommit\u00e0 in origine fungeva da basamento sopraelevato al presbiterio.<\/p>\n<p>Da visitare l\u2019annesso <strong>Museo Archeologico <em>Caburrum<\/em><\/strong>, che espone alcuni reperti provenienti dalla citt\u00e0 romana di <em>Forum Vibii<\/em> <em>Caburrum<\/em> e dalla vicina necropoli (in particolare, il cippo con l\u2019epitaffio in marmo di Quinto Mannio; alcune anfore di produzione iberica per il trasporto di derrate alimentari, segate, chiuse con coperchio e riutilizzate come urne cinerarie; esempi di tombe alla cappuccina, formate con tegole e coppi sui due spioventi).<\/p>\n","protected":false},"excerpt":{"rendered":"<p>L\u2019abbazia benedettina di Santa Maria a Cavour (To) venne fondata ufficialmente nel 1037 per iniziativa del vescovo di Torino, Landolfo, che dot\u00f2 la&#8230;<\/p>\n","protected":false},"author":1,"featured_media":6705,"comment_status":"open","ping_status":"open","sticky":false,"template":"","format":"standard","meta":{"footnotes":""},"categories":[26,730,2321,495,14,27,3],"tags":[392,2393,2295,965,4347,605,228,2019,1518,4345,117,29,1305,3269],"_links":{"self":[{"href":"http:\/\/www.piemonteis.org\/index.php?rest_route=\/wp\/v2\/posts\/256"}],"collection":[{"href":"http:\/\/www.piemonteis.org\/index.php?rest_route=\/wp\/v2\/posts"}],"about":[{"href":"http:\/\/www.piemonteis.org\/index.php?rest_route=\/wp\/v2\/types\/post"}],"author":[{"embeddable":true,"href":"http:\/\/www.piemonteis.org\/index.php?rest_route=\/wp\/v2\/users\/1"}],"replies":[{"embeddable":true,"href":"http:\/\/www.piemonteis.org\/index.php?rest_route=%2Fwp%2Fv2%2Fcomments&post=256"}],"version-history":[{"count":7,"href":"http:\/\/www.piemonteis.org\/index.php?rest_route=\/wp\/v2\/posts\/256\/revisions"}],"predecessor-version":[{"id":6704,"href":"http:\/\/www.piemonteis.org\/index.php?rest_route=\/wp\/v2\/posts\/256\/revisions\/6704"}],"wp:featuredmedia":[{"embeddable":true,"href":"http:\/\/www.piemonteis.org\/index.php?rest_route=\/wp\/v2\/media\/6705"}],"wp:attachment":[{"href":"http:\/\/www.piemonteis.org\/index.php?rest_route=%2Fwp%2Fv2%2Fmedia&parent=256"}],"wp:term":[{"taxonomy":"category","embeddable":true,"href":"http:\/\/www.piemonteis.org\/index.php?rest_route=%2Fwp%2Fv2%2Fcategories&post=256"},{"taxonomy":"post_tag","embeddable":true,"href":"http:\/\/www.piemonteis.org\/index.php?rest_route=%2Fwp%2Fv2%2Ftags&post=256"}],"curies":[{"name":"wp","href":"https:\/\/api.w.org\/{rel}","templated":true}]}}