{"id":2811,"date":"2016-12-21T14:58:53","date_gmt":"2016-12-21T14:58:53","guid":{"rendered":"http:\/\/www.piemonteis.org\/?p=2811"},"modified":"2016-12-21T15:39:03","modified_gmt":"2016-12-21T15:39:03","slug":"gavi-crocevia-di-storia-nel-piemonte-obertengo","status":"publish","type":"post","link":"http:\/\/www.piemonteis.org\/?p=2811","title":{"rendered":"Gavi, crocevia di storia nel Piemonte Obertengo"},"content":{"rendered":"<p>di <em>Paolo Barosso&nbsp;<\/em><\/p>\n<p>Nel cuore dell\u2019antica <strong>Marca obertenga<\/strong>, al riparo dei contrafforti appenninici che si elevano tra Piemonte e Liguria, si adagia l\u2019abitato di <strong>Gavi<\/strong>, dominato dalla mole massiccia del <strong>forte<\/strong>, arroccato a strapiombo sul borgo.<\/p>\n<p><a href=\"http:\/\/www.piemonteis.org\/wp-content\/uploads\/2016\/12\/15672984_1686656708291156_5387845967596197851_n.jpg\" rel=\"attachment wp-att-2813\"><img decoding=\"async\" loading=\"lazy\" class=\"aligncenter size-full wp-image-2813\" src=\"http:\/\/www.piemonteis.org\/wp-content\/uploads\/2016\/12\/15672984_1686656708291156_5387845967596197851_n.jpg\" alt=\"Forte di Gavi\" width=\"960\" height=\"540\" srcset=\"http:\/\/www.piemonteis.org\/wp-content\/uploads\/2016\/12\/15672984_1686656708291156_5387845967596197851_n.jpg 960w, http:\/\/www.piemonteis.org\/wp-content\/uploads\/2016\/12\/15672984_1686656708291156_5387845967596197851_n-300x169.jpg 300w, http:\/\/www.piemonteis.org\/wp-content\/uploads\/2016\/12\/15672984_1686656708291156_5387845967596197851_n-768x432.jpg 768w, http:\/\/www.piemonteis.org\/wp-content\/uploads\/2016\/12\/15672984_1686656708291156_5387845967596197851_n-600x338.jpg 600w\" sizes=\"(max-width: 960px) 100vw, 960px\" \/><\/a><\/p>\n<p>Gi\u00e0 i toponimi ci rivelano frammenti di passato. Il nome <strong>Gavi<\/strong> \u00e8 la versione attuale del latino alto-medioevale <em>Gavium<\/em>, che richiama la localit\u00e0 di <em>Cavatum<\/em>, capoluogo dei celto-liguri <strong>Cavaturini<\/strong>, insediati in zona prima della conquista romana, ma altri studiosi lo collegano al vocabolo germanico <em>gau<\/em>, che designa la sede d\u2019una trib\u00f9, in correlazione con uno <strong>stanziamento di Goti<\/strong> che nel V\/VI secolo avrebbero tenuto un presidio sul monte.<\/p>\n<p>Esiste anche una tesi leggendaria che fa derivare il toponimo Gavi dal nome d\u2019una principessa franca, <strong>Gavia o Gavina<\/strong>, che qui avrebbe trovato rifugio dalla collera del padre, <strong>Clodoveo I re dei Franchi<\/strong>, contrariato per il matrimonio contratto dalla figlia senza il suo permesso. Il nome <strong>Moro,<\/strong> con cui \u00e8 nota la parte est della rocca su cui sorge il forte, evoca invece le <strong>scorrerie dei Saraceni<\/strong> che, nel corso del X secolo, dalla costa provenzale e ligure risalivano le valli alpine e appenniniche per razziare villaggi e monasteri del Piemonte. &nbsp;&nbsp;<\/p>\n<figure id=\"attachment_2827\" aria-describedby=\"caption-attachment-2827\" style=\"width: 960px\" class=\"wp-caption aligncenter\"><a href=\"http:\/\/www.piemonteis.org\/wp-content\/uploads\/2016\/12\/15542076_1686656294957864_444354846315671803_n.jpg\" rel=\"attachment wp-att-2827\"><img decoding=\"async\" loading=\"lazy\" class=\"size-full wp-image-2827\" src=\"http:\/\/www.piemonteis.org\/wp-content\/uploads\/2016\/12\/15542076_1686656294957864_444354846315671803_n.jpg\" alt=\"Veduta del cortile nel Basso Forte o Cittadella\" width=\"960\" height=\"540\" srcset=\"http:\/\/www.piemonteis.org\/wp-content\/uploads\/2016\/12\/15542076_1686656294957864_444354846315671803_n.jpg 960w, http:\/\/www.piemonteis.org\/wp-content\/uploads\/2016\/12\/15542076_1686656294957864_444354846315671803_n-300x169.jpg 300w, http:\/\/www.piemonteis.org\/wp-content\/uploads\/2016\/12\/15542076_1686656294957864_444354846315671803_n-768x432.jpg 768w, http:\/\/www.piemonteis.org\/wp-content\/uploads\/2016\/12\/15542076_1686656294957864_444354846315671803_n-600x338.jpg 600w\" sizes=\"(max-width: 960px) 100vw, 960px\" \/><\/a><figcaption id=\"caption-attachment-2827\" class=\"wp-caption-text\">Veduta del cortile nel Basso Forte o Cittadella<\/figcaption><\/figure>\n<p>Il nome <strong>Obertenga<\/strong>, oggi riportato in auge per designare un\u2019ampia fetta di Piemonte sud-orientale, rimanda alla dinastia degli <strong>Obertenghi<\/strong>, dal capostipite eponimo, Oberto, assegnatario per volere regio d\u2019una delle quattro marche in cui era suddiviso il Piemonte nel X secolo. La dinastia si framment\u00f2 in vari rami, tra cui i <strong>marchesi di Gavi<\/strong>, che mantennero il dominio sulla localit\u00e0 sino al principio del XIII secolo, contrastando, con l\u2019appoggio di Tortona, le mire espansionistiche di Genova, al tempo potenza mercantile in ascesa desiderosa di assicurarsi il controllo delle vie commerciali dirette verso l\u2019entroterra padano.<\/p>\n<p><a href=\"http:\/\/www.piemonteis.org\/wp-content\/uploads\/2016\/12\/15541503_1686656691624491_1701137064621001567_n.jpg\" rel=\"attachment wp-att-2828\"><img decoding=\"async\" loading=\"lazy\" class=\"aligncenter size-full wp-image-2828\" src=\"http:\/\/www.piemonteis.org\/wp-content\/uploads\/2016\/12\/15541503_1686656691624491_1701137064621001567_n.jpg\" alt=\"Forte di Gavi\" width=\"960\" height=\"540\" srcset=\"http:\/\/www.piemonteis.org\/wp-content\/uploads\/2016\/12\/15541503_1686656691624491_1701137064621001567_n.jpg 960w, http:\/\/www.piemonteis.org\/wp-content\/uploads\/2016\/12\/15541503_1686656691624491_1701137064621001567_n-300x169.jpg 300w, http:\/\/www.piemonteis.org\/wp-content\/uploads\/2016\/12\/15541503_1686656691624491_1701137064621001567_n-768x432.jpg 768w, http:\/\/www.piemonteis.org\/wp-content\/uploads\/2016\/12\/15541503_1686656691624491_1701137064621001567_n-600x338.jpg 600w\" sizes=\"(max-width: 960px) 100vw, 960px\" \/><\/a><\/p>\n<p>Nel clima turbolento di fine XII secolo, caratterizzato dallo scontro tra i comuni della Lega Lombarda e il potere regio, s\u2019inquadra uno degli episodi pi\u00f9 suggestivi della storia locale: nel 1176, dopo la disfatta di Legnano, l\u2019<strong>imperatore Federico I di Svevia, <\/strong>detto il<strong> Barbarossa, <\/strong>fece alloggiare a Gavi per otto mesi, nella torre del castello, la moglie, Beatrice di Borgogna, e i due figli. I signori di Gavi, privati del sostegno imperiale con la morte del Barbarossa, dovettero infine cedere ai pi\u00f9 forti rivali nel 1202 quando con atto ufficiale il <strong>marchesato <\/strong>pass\u00f2 sotto i <strong>Genovesi<\/strong>, pur conoscendo nei secoli successivi diverse capitolazioni a vantaggio di nuovi conquistatori. &nbsp;&nbsp;&nbsp;<\/p>\n<p><a href=\"http:\/\/www.piemonteis.org\/wp-content\/uploads\/2016\/12\/15542199_1686653691624791_1437428313645634448_n.jpg\" rel=\"attachment wp-att-2829\"><img decoding=\"async\" loading=\"lazy\" class=\"aligncenter size-full wp-image-2829\" src=\"http:\/\/www.piemonteis.org\/wp-content\/uploads\/2016\/12\/15542199_1686653691624791_1437428313645634448_n.jpg\" alt=\"Forte di Gavi\" width=\"960\" height=\"540\" srcset=\"http:\/\/www.piemonteis.org\/wp-content\/uploads\/2016\/12\/15542199_1686653691624791_1437428313645634448_n.jpg 960w, http:\/\/www.piemonteis.org\/wp-content\/uploads\/2016\/12\/15542199_1686653691624791_1437428313645634448_n-300x169.jpg 300w, http:\/\/www.piemonteis.org\/wp-content\/uploads\/2016\/12\/15542199_1686653691624791_1437428313645634448_n-768x432.jpg 768w, http:\/\/www.piemonteis.org\/wp-content\/uploads\/2016\/12\/15542199_1686653691624791_1437428313645634448_n-600x338.jpg 600w\" sizes=\"(max-width: 960px) 100vw, 960px\" \/><\/a><\/p>\n<p>La presenza di una <strong>fortificazione cos\u00ec imponente<\/strong>, che deve l\u2019aspetto attuale soprattutto agli interventi realizzati tra Seicento e Settecento per volere dei Genovesi, si spiega con la <strong>posizione strategica<\/strong> del paese, che si dispone sulle rive del torrente Lemme, in prossimit\u00e0 della confluenza con il Neirone, lungo una diramazione della <strong>via Postumia<\/strong>, tracciata dai Romani per collegare la costa ligure all\u2019entroterra padano e consentire cos\u00ec trasporti e commerci.<\/p>\n<figure id=\"attachment_2830\" aria-describedby=\"caption-attachment-2830\" style=\"width: 960px\" class=\"wp-caption aligncenter\"><a href=\"http:\/\/www.piemonteis.org\/wp-content\/uploads\/2016\/12\/15672747_1185993731508760_5131181154592189929_n.jpg\" rel=\"attachment wp-att-2830\"><img decoding=\"async\" loading=\"lazy\" class=\"size-full wp-image-2830\" src=\"http:\/\/www.piemonteis.org\/wp-content\/uploads\/2016\/12\/15672747_1185993731508760_5131181154592189929_n.jpg\" alt=\"Il forte di Gavi visto dal borgo\" width=\"960\" height=\"720\" srcset=\"http:\/\/www.piemonteis.org\/wp-content\/uploads\/2016\/12\/15672747_1185993731508760_5131181154592189929_n.jpg 960w, http:\/\/www.piemonteis.org\/wp-content\/uploads\/2016\/12\/15672747_1185993731508760_5131181154592189929_n-300x225.jpg 300w, http:\/\/www.piemonteis.org\/wp-content\/uploads\/2016\/12\/15672747_1185993731508760_5131181154592189929_n-768x576.jpg 768w, http:\/\/www.piemonteis.org\/wp-content\/uploads\/2016\/12\/15672747_1185993731508760_5131181154592189929_n-600x450.jpg 600w\" sizes=\"(max-width: 960px) 100vw, 960px\" \/><\/a><figcaption id=\"caption-attachment-2830\" class=\"wp-caption-text\">Il forte di Gavi visto dal borgo<\/figcaption><\/figure>\n<p>Si legge sui tabelloni ad uso turistico che Gavi \u00e8 <strong>crocevia di storia<\/strong>, concetto di cui troviamo evidenza negli stemmi che compaiono qua e l\u00e0 lungo il percorso di visita, scolpiti nell\u2019arenaria o dipinti sui muri, e che rimandano all\u2019identit\u00e0 dei <strong>diversi dominatori<\/strong> che, dal XIII secolo in avanti, si sono succeduti nel controllo dell\u2019importante borgo, dai Genovesi agli Alessandrini, dai Visconti agli Sforza, dai Francesi ai Savoia, che sin dal primo Seicento coltivarono l\u2019ambizione di estendere la propria influenza su questo lembo di Piemonte geograficamente proteso verso la Liguria.<\/p>\n<figure id=\"attachment_2831\" aria-describedby=\"caption-attachment-2831\" style=\"width: 960px\" class=\"wp-caption aligncenter\"><a href=\"http:\/\/www.piemonteis.org\/wp-content\/uploads\/2016\/12\/15541340_1686654344958059_362043760919894750_n.jpg\" rel=\"attachment wp-att-2831\"><img decoding=\"async\" loading=\"lazy\" class=\"size-full wp-image-2831\" src=\"http:\/\/www.piemonteis.org\/wp-content\/uploads\/2016\/12\/15541340_1686654344958059_362043760919894750_n.jpg\" alt=\"L'Alto Forte \" width=\"960\" height=\"540\" srcset=\"http:\/\/www.piemonteis.org\/wp-content\/uploads\/2016\/12\/15541340_1686654344958059_362043760919894750_n.jpg 960w, http:\/\/www.piemonteis.org\/wp-content\/uploads\/2016\/12\/15541340_1686654344958059_362043760919894750_n-300x169.jpg 300w, http:\/\/www.piemonteis.org\/wp-content\/uploads\/2016\/12\/15541340_1686654344958059_362043760919894750_n-768x432.jpg 768w, http:\/\/www.piemonteis.org\/wp-content\/uploads\/2016\/12\/15541340_1686654344958059_362043760919894750_n-600x338.jpg 600w\" sizes=\"(max-width: 960px) 100vw, 960px\" \/><\/a><figcaption id=\"caption-attachment-2831\" class=\"wp-caption-text\">L&#8217;Alto Forte<\/figcaption><\/figure>\n<p>Significativa al riguardo \u00e8 la data del 1625, quando le <strong>truppe sabaude<\/strong>, coadiuvate dai Francesi del <strong>duca di Lesdigui\u00e8res, <\/strong>in quell\u2019occasione alleati del <strong>duca Carlo Emanuele I di Savoia<\/strong> in guerra contro Genova, diedero l\u2019assalto al castello, strappandolo ai difensori con uno stratagemma che li convinse alla resa. Risale a questo periodo il primo rilievo con descrizione del forte, eseguito dal sabaudo <strong>Carlo Morello<\/strong>. L\u2019ebbrezza della vittoria dur\u00f2 solo pochi giorni perch\u00e9 il governatore Alessandro Giustiniani riusc\u00ec a riconquistarlo con l\u2019appoggio dei tedeschi, e fu proprio questo episodio a stimolare i progetti di <strong>potenziamento del complesso fortificato<\/strong> messi in atto da Genova tra Seicento e Settecento.<\/p>\n<figure id=\"attachment_2816\" aria-describedby=\"caption-attachment-2816\" style=\"width: 960px\" class=\"wp-caption aligncenter\"><a href=\"http:\/\/www.piemonteis.org\/wp-content\/uploads\/2016\/12\/15578854_1686656048291222_5154250780781306468_n.jpg\" rel=\"attachment wp-att-2816\"><img decoding=\"async\" loading=\"lazy\" class=\"size-full wp-image-2816\" src=\"http:\/\/www.piemonteis.org\/wp-content\/uploads\/2016\/12\/15578854_1686656048291222_5154250780781306468_n.jpg\" alt=\"Veduta dell'Alto Forte \" width=\"960\" height=\"540\" srcset=\"http:\/\/www.piemonteis.org\/wp-content\/uploads\/2016\/12\/15578854_1686656048291222_5154250780781306468_n.jpg 960w, http:\/\/www.piemonteis.org\/wp-content\/uploads\/2016\/12\/15578854_1686656048291222_5154250780781306468_n-300x169.jpg 300w, http:\/\/www.piemonteis.org\/wp-content\/uploads\/2016\/12\/15578854_1686656048291222_5154250780781306468_n-768x432.jpg 768w, http:\/\/www.piemonteis.org\/wp-content\/uploads\/2016\/12\/15578854_1686656048291222_5154250780781306468_n-600x338.jpg 600w\" sizes=\"(max-width: 960px) 100vw, 960px\" \/><\/a><figcaption id=\"caption-attachment-2816\" class=\"wp-caption-text\">Veduta dell&#8217;Alto Forte<\/figcaption><\/figure>\n<p>Il nucleo pi\u00f9 antico del complesso di Gavi \u00e8 il cosiddetto <strong>Alto Forte<\/strong>, gi\u00e0 attestato come <em>castrum<\/em> nel 973 e ampliato nei secoli seguenti, durante i quali il dominio sulla localit\u00e0 venne a lungo conteso tra potenze rivali, come <strong>Tortona<\/strong> che, appoggiata dagli Alessandrini, tent\u00f2 pi\u00f9 volte tra fine XIII e XIV secolo di prenderne possesso, e il <strong>ducato di Milano<\/strong> che, profittando delle lotte intestine a Genova, riusc\u00ec ad imporre la propria egemonia su Gavi nel 1348 e poi ancora, lungamente, tra il 1418 e il 1468. Di seguito il castello pass\u00f2 ad altre famiglie, tra cui i conti alessandrini <strong>Guasco<\/strong>, che lo tennero sino al 1528 quando lo rivendettero ai Genovesi. &nbsp;&nbsp;<\/p>\n<p><a href=\"http:\/\/www.piemonteis.org\/wp-content\/uploads\/2016\/12\/15578617_1686655124957981_2051088244403905297_n.jpg\" rel=\"attachment wp-att-2817\"><img decoding=\"async\" loading=\"lazy\" class=\"aligncenter size-full wp-image-2817\" src=\"http:\/\/www.piemonteis.org\/wp-content\/uploads\/2016\/12\/15578617_1686655124957981_2051088244403905297_n.jpg\" alt=\"L'Alto Forte di Gavi\" width=\"960\" height=\"540\" srcset=\"http:\/\/www.piemonteis.org\/wp-content\/uploads\/2016\/12\/15578617_1686655124957981_2051088244403905297_n.jpg 960w, http:\/\/www.piemonteis.org\/wp-content\/uploads\/2016\/12\/15578617_1686655124957981_2051088244403905297_n-300x169.jpg 300w, http:\/\/www.piemonteis.org\/wp-content\/uploads\/2016\/12\/15578617_1686655124957981_2051088244403905297_n-768x432.jpg 768w, http:\/\/www.piemonteis.org\/wp-content\/uploads\/2016\/12\/15578617_1686655124957981_2051088244403905297_n-600x338.jpg 600w\" sizes=\"(max-width: 960px) 100vw, 960px\" \/><\/a><\/p>\n<p>A partire dal 1626, con l\u2019intervento dell\u2019ingegnere militare Gaspare Maculano, noto come <strong>fra Vincenzo da Fiorenzuola<\/strong>, si mise mano, per volere di Genova, al rafforzamento delle difese del sito, <strong>trasformando l\u2019antico castello in vero e proprio<\/strong> <strong>forte <\/strong>e realizzando un\u2019opera integrata nel contesto ambientale e paesaggistico circostante, in conformit\u00e0 con le intenzioni del progettista che volle \u201c<em>adattare la nuova struttura alla natura orografica del luogo<\/em>\u201d. &nbsp;I lavori, interrotti e poi ripresi nel 1673, con la realizzazione della <strong>ridotta del Monte Moro<\/strong>, collegata al forte da una galleria fortificata, e infine completati nel 1727, trasformarono il cosiddetto <strong>Alto Forte<\/strong>, il nucleo pi\u00f9 antico che racchiude il castello medioevale, nel nuovo <strong>Maschio<\/strong>, e allargarono il complesso realizzando il <strong>Basso Forte<\/strong> o <strong>Cittadella<\/strong>, comprensiva di ingresso, cortile, cappella e alcuni edifici concepiti come quartieri militari e magazzini. &nbsp;&nbsp;<\/p>\n<p><a href=\"http:\/\/www.piemonteis.org\/wp-content\/uploads\/2016\/12\/15590169_1686655088291318_3808270308658165758_n.jpg\" rel=\"attachment wp-att-2832\"><img decoding=\"async\" loading=\"lazy\" class=\"aligncenter size-full wp-image-2832\" src=\"http:\/\/www.piemonteis.org\/wp-content\/uploads\/2016\/12\/15590169_1686655088291318_3808270308658165758_n.jpg\" alt=\"Forte di Gavi\" width=\"960\" height=\"540\" srcset=\"http:\/\/www.piemonteis.org\/wp-content\/uploads\/2016\/12\/15590169_1686655088291318_3808270308658165758_n.jpg 960w, http:\/\/www.piemonteis.org\/wp-content\/uploads\/2016\/12\/15590169_1686655088291318_3808270308658165758_n-300x169.jpg 300w, http:\/\/www.piemonteis.org\/wp-content\/uploads\/2016\/12\/15590169_1686655088291318_3808270308658165758_n-768x432.jpg 768w, http:\/\/www.piemonteis.org\/wp-content\/uploads\/2016\/12\/15590169_1686655088291318_3808270308658165758_n-600x338.jpg 600w\" sizes=\"(max-width: 960px) 100vw, 960px\" \/><\/a><\/p>\n<p>Successivamente il sempre pi\u00f9 rapido declino della Repubblica di Genova, rovesciata dai giacobini nel 1797 e poi occupata dai francesi, culmin\u00f2 nella sua soppressione con conseguente assegnazione<strong> agli Stati di Savoia,<\/strong> sancita dal Congresso di Vienna nel 1815. <strong>Gavi <\/strong>e il suo territorio vennero cos\u00ec incorporati nei <strong>domini sabaudi<\/strong>, coronando un\u2019ambizione a lungo coltivata, e ne seguirono, da quel tempo in avanti, le sorti. Il forte, disarmato nel 1859, venne adibito a reclusorio civile e, nel corso del Novecento, a carcere militare e campo di prigionia. Oggi, grazie alla collaborazione tra <strong>Polo Museale del Piemonte<\/strong> e <strong>Associazione Amici del Forte di Gavi<\/strong>, \u00e8 aperto al pubblico.&nbsp;<\/p>\n<figure id=\"attachment_2826\" aria-describedby=\"caption-attachment-2826\" style=\"width: 960px\" class=\"wp-caption aligncenter\"><a href=\"http:\/\/www.piemonteis.org\/wp-content\/uploads\/2016\/12\/15589989_1186013758173424_3299427911804202506_n.jpg\" rel=\"attachment wp-att-2826\"><img decoding=\"async\" loading=\"lazy\" class=\"size-full wp-image-2826\" src=\"http:\/\/www.piemonteis.org\/wp-content\/uploads\/2016\/12\/15589989_1186013758173424_3299427911804202506_n.jpg\" alt=\"Resti di vigneti sperimentali sulla cortina di Santa Caterina\" width=\"960\" height=\"414\" srcset=\"http:\/\/www.piemonteis.org\/wp-content\/uploads\/2016\/12\/15589989_1186013758173424_3299427911804202506_n.jpg 960w, http:\/\/www.piemonteis.org\/wp-content\/uploads\/2016\/12\/15589989_1186013758173424_3299427911804202506_n-300x129.jpg 300w, http:\/\/www.piemonteis.org\/wp-content\/uploads\/2016\/12\/15589989_1186013758173424_3299427911804202506_n-768x331.jpg 768w, http:\/\/www.piemonteis.org\/wp-content\/uploads\/2016\/12\/15589989_1186013758173424_3299427911804202506_n-600x259.jpg 600w\" sizes=\"(max-width: 960px) 100vw, 960px\" \/><\/a><figcaption id=\"caption-attachment-2826\" class=\"wp-caption-text\">Resti di vigneti sperimentali sulla cortina di Santa Caterina<\/figcaption><\/figure>\n<p>Visitando l\u2019Alto Forte si nota la presenza sugli spalti di alcuni filari di vite, testimonianza dei <strong>vigneti sperimentali<\/strong> messi a dimora nel primo Novecento dal Consorzio Antifilosserico nel tentativo di preservare il <strong>Cortese<\/strong>, vitigno principe della zona, dall\u2019epidemia di fillossera. Dalle uve Cortese coltivate a Gavi e in altri dieci comuni del comprensorio si ricava il <strong>Gavi Docg<\/strong>, tra i pi\u00f9 <strong>pregiati bianchi piemontesi<\/strong>.<\/p>\n<figure id=\"attachment_2824\" aria-describedby=\"caption-attachment-2824\" style=\"width: 960px\" class=\"wp-caption aligncenter\"><a href=\"http:\/\/www.piemonteis.org\/wp-content\/uploads\/2016\/12\/15622607_1185993851508748_8576085528185350377_n.jpg\" rel=\"attachment wp-att-2824\"><img decoding=\"async\" loading=\"lazy\" class=\"size-full wp-image-2824\" src=\"http:\/\/www.piemonteis.org\/wp-content\/uploads\/2016\/12\/15622607_1185993851508748_8576085528185350377_n.jpg\" alt=\"Il borgo antico di Gavi visto dall'Alto Forte\" width=\"960\" height=\"720\" srcset=\"http:\/\/www.piemonteis.org\/wp-content\/uploads\/2016\/12\/15622607_1185993851508748_8576085528185350377_n.jpg 960w, http:\/\/www.piemonteis.org\/wp-content\/uploads\/2016\/12\/15622607_1185993851508748_8576085528185350377_n-300x225.jpg 300w, http:\/\/www.piemonteis.org\/wp-content\/uploads\/2016\/12\/15622607_1185993851508748_8576085528185350377_n-768x576.jpg 768w, http:\/\/www.piemonteis.org\/wp-content\/uploads\/2016\/12\/15622607_1185993851508748_8576085528185350377_n-600x450.jpg 600w\" sizes=\"(max-width: 960px) 100vw, 960px\" \/><\/a><figcaption id=\"caption-attachment-2824\" class=\"wp-caption-text\">Il borgo antico di Gavi visto dall&#8217;Alto Forte<\/figcaption><\/figure>\n<p>Dall\u2019alto del forte si ammira la forma del borgo antico di <strong>Gavi<\/strong>, che pare ancora ben definito nella sua tessitura medioevale, quasi fosse ancora delimitato dalle mura che un tempo lo cingevano da ogni lato, e di cui sopravvivono alcuni tratti e il <strong>Portino<\/strong>, unica rimasta delle quattro porte urbiche. Oltre agli eleganti palazzi nobiliari, Gavi vanta significative testimonianze medioevali, come la bellissima <strong>chiesa parrocchiale di San Giacomo Maggiore<\/strong>, costruita nella seconda met\u00e0 del XII secolo sui resti d\u2019un antico ospizio per i pellegrini diretti a san Giacomo di Compostella (da cui la dedicazione).<\/p>\n<p><a href=\"http:\/\/www.piemonteis.org\/wp-content\/uploads\/2016\/12\/download.png\" rel=\"attachment wp-att-2819\"><img decoding=\"async\" loading=\"lazy\" class=\"aligncenter size-full wp-image-2819\" src=\"http:\/\/www.piemonteis.org\/wp-content\/uploads\/2016\/12\/download.png\" alt=\"Gavi\" width=\"924\" height=\"547\" srcset=\"http:\/\/www.piemonteis.org\/wp-content\/uploads\/2016\/12\/download.png 924w, http:\/\/www.piemonteis.org\/wp-content\/uploads\/2016\/12\/download-300x178.png 300w, http:\/\/www.piemonteis.org\/wp-content\/uploads\/2016\/12\/download-768x455.png 768w, http:\/\/www.piemonteis.org\/wp-content\/uploads\/2016\/12\/download-600x355.png 600w\" sizes=\"(max-width: 924px) 100vw, 924px\" \/><\/a><\/p>\n<p>&nbsp;<\/p>\n<p>Nell\u2019apparato scultoreo della chiesa, con impianto romanico, aggiunte gotiche e inserzioni barocche nell\u2019interno, risalta <strong>l\u2019Ultima Cena<\/strong> raffigurata nell\u2019architrave del portale d\u2019ingresso, con i dodici apostoli disposti dietro due tavoli, sei per parte, a lato del Cristo, assiso sul trono al centro, e sovrastati nella lunetta dallo Spirito Santo in forma di colomba e da due figure angeliche.<\/p>\n<p><a href=\"http:\/\/www.piemonteis.org\/wp-content\/uploads\/2016\/12\/15578482_1686657528291074_5979694084526649766_n.jpg\" rel=\"attachment wp-att-2823\"><img decoding=\"async\" loading=\"lazy\" class=\"aligncenter size-full wp-image-2823\" src=\"http:\/\/www.piemonteis.org\/wp-content\/uploads\/2016\/12\/15578482_1686657528291074_5979694084526649766_n.jpg\" alt=\"15578482_1686657528291074_5979694084526649766_n\" width=\"946\" height=\"437\" srcset=\"http:\/\/www.piemonteis.org\/wp-content\/uploads\/2016\/12\/15578482_1686657528291074_5979694084526649766_n.jpg 946w, http:\/\/www.piemonteis.org\/wp-content\/uploads\/2016\/12\/15578482_1686657528291074_5979694084526649766_n-300x139.jpg 300w, http:\/\/www.piemonteis.org\/wp-content\/uploads\/2016\/12\/15578482_1686657528291074_5979694084526649766_n-768x355.jpg 768w, http:\/\/www.piemonteis.org\/wp-content\/uploads\/2016\/12\/15578482_1686657528291074_5979694084526649766_n-600x277.jpg 600w\" sizes=\"(max-width: 946px) 100vw, 946px\" \/><\/a><\/p>\n<p><strong>Fonti bibliografiche<\/strong>:<\/p>\n<p><em>Il forte di Gavi<\/em>, Francesco Pernice, CELID, 1997<\/p>\n<p><em>I castelli del Piemonte, Tomo II Alessandria e Asti<\/em>, Flavio Conti e Gian Maria Tabarelli, Gorlich editore, 1978<\/p>\n<p>&nbsp;<\/p>\n<p>&nbsp;<\/p>\n","protected":false},"excerpt":{"rendered":"<p>di Paolo Barosso&nbsp; Nel cuore dell\u2019antica Marca obertenga, al riparo dei contrafforti appenninici che si elevano tra Piemonte e Liguria, si adagia l\u2019abitato&#8230;<\/p>\n","protected":false},"author":1,"featured_media":2816,"comment_status":"open","ping_status":"open","sticky":false,"template":"","format":"standard","meta":{"footnotes":""},"categories":[25,64,14],"tags":[421,506,507,501,502,505,500,30,117,35,504,80,508,503],"_links":{"self":[{"href":"http:\/\/www.piemonteis.org\/index.php?rest_route=\/wp\/v2\/posts\/2811"}],"collection":[{"href":"http:\/\/www.piemonteis.org\/index.php?rest_route=\/wp\/v2\/posts"}],"about":[{"href":"http:\/\/www.piemonteis.org\/index.php?rest_route=\/wp\/v2\/types\/post"}],"author":[{"embeddable":true,"href":"http:\/\/www.piemonteis.org\/index.php?rest_route=\/wp\/v2\/users\/1"}],"replies":[{"embeddable":true,"href":"http:\/\/www.piemonteis.org\/index.php?rest_route=%2Fwp%2Fv2%2Fcomments&post=2811"}],"version-history":[{"count":5,"href":"http:\/\/www.piemonteis.org\/index.php?rest_route=\/wp\/v2\/posts\/2811\/revisions"}],"predecessor-version":[{"id":2838,"href":"http:\/\/www.piemonteis.org\/index.php?rest_route=\/wp\/v2\/posts\/2811\/revisions\/2838"}],"wp:featuredmedia":[{"embeddable":true,"href":"http:\/\/www.piemonteis.org\/index.php?rest_route=\/wp\/v2\/media\/2816"}],"wp:attachment":[{"href":"http:\/\/www.piemonteis.org\/index.php?rest_route=%2Fwp%2Fv2%2Fmedia&parent=2811"}],"wp:term":[{"taxonomy":"category","embeddable":true,"href":"http:\/\/www.piemonteis.org\/index.php?rest_route=%2Fwp%2Fv2%2Fcategories&post=2811"},{"taxonomy":"post_tag","embeddable":true,"href":"http:\/\/www.piemonteis.org\/index.php?rest_route=%2Fwp%2Fv2%2Ftags&post=2811"}],"curies":[{"name":"wp","href":"https:\/\/api.w.org\/{rel}","templated":true}]}}