{"id":3362,"date":"2017-08-04T14:47:19","date_gmt":"2017-08-04T14:47:19","guid":{"rendered":"http:\/\/www.piemonteis.org\/?p=3362"},"modified":"2017-08-04T14:47:19","modified_gmt":"2017-08-04T14:47:19","slug":"esecuzioni-capitali-savoia-il-caso-di-gervais-baudin-fratricida","status":"publish","type":"post","link":"http:\/\/www.piemonteis.org\/?p=3362","title":{"rendered":"Esecuzioni capitali in Savoia &#8211; il caso di Gervais Baudin, fratricida"},"content":{"rendered":"<p>di <em>Milo Julini<\/em><\/p>\n<p>Gioved\u00ec 25 agosto 1853, a <strong>Mo\u00fbtiers<\/strong>, alle 6:00 del mattino, viene giustiziato <strong>Gervais Baudin<\/strong>, di 34 anni, cameriere d\u2019albergo a Parigi. La Corte d\u2019Appello di Chamb\u00e9ry, con sentenza del 30 maggio 1853, lo ha condannato a morte per aver assassinato suo <strong>fratello Antoine<\/strong>, il 24 luglio 1852, in una fattoria di <strong>N\u00e2ves<\/strong>, con undici colpi di uno strumento appuntito e tagliente, cos\u00ec il linguaggio legale dell\u2019epoca definisce un coltello.<\/p>\n<p><img decoding=\"async\" loading=\"lazy\" class=\"aligncenter size-full\" src=\"https:\/\/s-media-cache-ak0.pinimg.com\/originals\/5e\/12\/d2\/5e12d299de9470e63b7a939bec27ce4c.jpg\" width=\"899\" height=\"593\" \/><\/p>\n<p><strong>Gervais Baudin<\/strong>, eccezionalmente refrattario alla religione, manda al diavolo i cappellani e respinge ogni tentativo di riconciliazione per mezzo della fede. Soltanto l\u2019<strong>abate Chevray<\/strong>, con fine psicologia e parlandogli di sua madre, riesce a commuoverlo e a riportarlo cos\u00ec a migliori sentimenti. Il cambiamento \u00e8 eccezionale perch\u00e9 il condannato diventa molto pio.<\/p>\n<p>Lascia la prigione il 23 agosto per Mo\u00fbtiers e il pubblico, venuto a vederlo il 24 nella sua cella, rimane particolarmente commosso dalla sua <strong>confessione<\/strong>.<\/p>\n<p><img decoding=\"async\" loading=\"lazy\" class=\"aligncenter size-full\" src=\"https:\/\/s-media-cache-ak0.pinimg.com\/originals\/ea\/5e\/2a\/ea5e2afff32b9de5c735e519939b32ce.jpg\" width=\"812\" height=\"502\" \/><\/p>\n<p>Baudin passa la notte in <strong>preghiera<\/strong> e a stento si interrompe all\u2019arrivo del boia verso le 4 del mattino. Percorre a piedi il tragitto dalla prigione al patibolo: malgrado l\u2019ora mattutina, gli spettatori sono numerosi.<\/p>\n<p>Abbraccia il prete prima di salire sulla forca e di rivolgere queste parole alla folla: \u00ab<em>Sto per comparire davanti a Dio. Giovani, tutti voi, amici miei, prendete esempio da me: abbandonate a tempo le cattive compagnie, non lasciatevi fuorviare dalle letture pericolose\u2026<\/em>\u00bb. Dopo alcune parole <strong>molto devote<\/strong>, si affida all\u2019esecutore che lo abbraccia prima di impiccarlo davanti ad una folla silenziosa e raccolta.<\/p>\n<p><img decoding=\"async\" loading=\"lazy\" class=\"aligncenter size-full\" src=\"https:\/\/s-media-cache-ak0.pinimg.com\/originals\/e4\/7f\/0d\/e47f0d4b6267e07d1010f238d9c5c488.jpg\" width=\"960\" height=\"607\" \/><\/p>\n<p>&nbsp;<\/p>\n","protected":false},"excerpt":{"rendered":"<p>di Milo Julini Gioved\u00ec 25 agosto 1853, a Mo\u00fbtiers, alle 6:00 del mattino, viene giustiziato Gervais Baudin, di 34 anni, cameriere d\u2019albergo a&#8230;<\/p>\n","protected":false},"author":1,"featured_media":3363,"comment_status":"open","ping_status":"open","sticky":false,"template":"","format":"standard","meta":{"footnotes":""},"categories":[26,143,237],"tags":[1057,788,1058,1014,1054,1055,1056],"_links":{"self":[{"href":"http:\/\/www.piemonteis.org\/index.php?rest_route=\/wp\/v2\/posts\/3362"}],"collection":[{"href":"http:\/\/www.piemonteis.org\/index.php?rest_route=\/wp\/v2\/posts"}],"about":[{"href":"http:\/\/www.piemonteis.org\/index.php?rest_route=\/wp\/v2\/types\/post"}],"author":[{"embeddable":true,"href":"http:\/\/www.piemonteis.org\/index.php?rest_route=\/wp\/v2\/users\/1"}],"replies":[{"embeddable":true,"href":"http:\/\/www.piemonteis.org\/index.php?rest_route=%2Fwp%2Fv2%2Fcomments&post=3362"}],"version-history":[{"count":1,"href":"http:\/\/www.piemonteis.org\/index.php?rest_route=\/wp\/v2\/posts\/3362\/revisions"}],"predecessor-version":[{"id":3364,"href":"http:\/\/www.piemonteis.org\/index.php?rest_route=\/wp\/v2\/posts\/3362\/revisions\/3364"}],"wp:featuredmedia":[{"embeddable":true,"href":"http:\/\/www.piemonteis.org\/index.php?rest_route=\/wp\/v2\/media\/3363"}],"wp:attachment":[{"href":"http:\/\/www.piemonteis.org\/index.php?rest_route=%2Fwp%2Fv2%2Fmedia&parent=3362"}],"wp:term":[{"taxonomy":"category","embeddable":true,"href":"http:\/\/www.piemonteis.org\/index.php?rest_route=%2Fwp%2Fv2%2Fcategories&post=3362"},{"taxonomy":"post_tag","embeddable":true,"href":"http:\/\/www.piemonteis.org\/index.php?rest_route=%2Fwp%2Fv2%2Ftags&post=3362"}],"curies":[{"name":"wp","href":"https:\/\/api.w.org\/{rel}","templated":true}]}}