{"id":3417,"date":"2017-09-22T12:43:35","date_gmt":"2017-09-22T12:43:35","guid":{"rendered":"http:\/\/www.piemonteis.org\/?p=3417"},"modified":"2017-09-22T12:52:53","modified_gmt":"2017-09-22T12:52:53","slug":"architettura-torinese-versi-una-poesia-di-sergio-donna","status":"publish","type":"post","link":"http:\/\/www.piemonteis.org\/?p=3417","title":{"rendered":"Architettura torinese in versi &#8211; una poesia di Sergio Donna"},"content":{"rendered":"<p style=\"margin: 0cm 0cm 4.5pt 0cm;\"><em><span style=\"font-size: 10.5pt; font-family: 'Helvetica',sans-serif; color: #1d2129;\">di Redazione<\/span><\/em><\/p>\n<p style=\"margin: 0cm 0cm 4.5pt 0cm;\"><em><span style=\"font-size: 10.5pt; font-family: 'Helvetica',sans-serif; color: #1d2129;\">Vi proponiamo una scherzosa poesia (laeta carmen) composta da <\/span><\/em><em><b><span style=\"font-size: 10.5pt; font-family: 'Helvetica',sans-serif; color: #1d2129; font-style: normal;\">Sergio Donna*<\/span><\/b><\/em><em><span style=\"font-size: 10.5pt; font-family: 'Helvetica',sans-serif; color: #1d2129;\"> e ispirata all&#8217;accattivante libro &#8220;<\/span><\/em><a href=\"http:\/\/www.piemonteis.org\/?p=3087\"><em><b><span style=\"font-size: 10.5pt; font-family: 'Helvetica',sans-serif; color: #1d2129; font-style: normal;\">Torino che non c&#8217;\u00e8 pi\u00f9<\/span><\/b><\/em><\/a><em><span style=\"font-size: 10.5pt; font-family: 'Helvetica',sans-serif; color: #1d2129;\">&#8221; di Milo Julini, da tempo collaboratore di Piemont\u00e8is.<\/span><\/em><\/p>\n<p style=\"margin: 0cm 0cm 4.5pt 0cm;\"><em><span style=\"font-size: 10.5pt; font-family: 'Helvetica',sans-serif; color: #1d2129;\">Julini, docente in quiescenza dell&#8217;Universit\u00e0 torinese, appassionato ricercatore storico, conferenziere e scrittore, ci\u00a0conduce in questa sua ultima fatica letteraria alla riscoperta di<\/span><\/em><em><b><span style=\"font-style: normal;\"> illustri personaggi subalpini<\/span><\/b><\/em><em><span style=\"font-size: 10.5pt; font-family: 'Helvetica',sans-serif; color: #1d2129;\"> spesso misconosciuti o dimenticati, ma anche di <\/span><\/em><em><b><span style=\"font-style: normal;\">luoghi torinesi,\u00a0<\/span><\/b><\/em><em><span style=\"font-size: 10.5pt; font-family: 'Helvetica',sans-serif; color: #1d2129;\">piazze e contrade che nel tempo hanno cambiato volto, palazzi spesso non pi\u00f9 esistenti, o che nei secoli hanno mutato destinazione, e delle loro particolarissime architetture movimentate da un<\/span><\/em><em><b><span style=\"font-style: normal;\"> ricco apparato decorativo<\/span><\/b><\/em><em><span style=\"font-size: 10.5pt; font-family: 'Helvetica',sans-serif; color: #1d2129;\">, composto da volute, dipinti murali, cariatidi, telamoni, mascheroni con figure grottesche, ibride, chimeriche, motivi geometrici, floreali e vegetali, bow-window, fregi, frontespizi. <\/span><\/em><\/p>\n<p style=\"margin: 0cm 0cm 4.5pt 0cm;\"><em><b><span style=\"font-style: normal;\">Dettagli architettonici<\/span><\/b><\/em><em><span style=\"font-size: 10.5pt; font-family: 'Helvetica',sans-serif; color: #1d2129;\"> che, pur caratterizzando in modo marcato il paesaggio urbano torinese, spesso sfuggono a sguardi superficiali, ma non certo all&#8217;occhio attento e ironico dell&#8217;Autore, che ne sa cogliere il valore, la singolarit\u00e0, e ce ne spiega il significato nascosto, con dovizia di curiose rivelazioni, spesso corredate di esilaranti battute in<\/span><\/em><em><b><span style=\"font-style: normal;\"> lingua piemontese<\/span><\/b><\/em><em><span style=\"font-size: 10.5pt; font-family: 'Helvetica',sans-serif; color: #1d2129;\">.<\/span><\/em><\/p>\n<p style=\"margin: 0cm 0cm 4.5pt 0cm;\"><img decoding=\"async\" loading=\"lazy\" class=\"aligncenter size-full\" src=\"https:\/\/i.pinimg.com\/originals\/73\/04\/7a\/73047a7dcbadab88202ae90a938e5285.jpg\" width=\"600\" height=\"400\" \/><\/p>\n<p style=\"margin: 0cm 0cm 4.5pt; text-align: center;\">di <em>Sergio Donna<\/em><\/p>\n<p style=\"margin: 0cm 0cm 4.5pt; text-align: center;\">16 settembre 2017<\/p>\n<p style=\"text-align: center;\"><strong><em>Tela-Mone e Caria-T\u00ecde<\/em><em><br \/>\n<\/em><em>(ovvero l\u2019Atlante e la Can\u00e9fora)*<\/em><\/strong><\/p>\n<p style=\"text-align: center;\"><em>Faccia mesta, Tela-Mone<br \/>\ncon la testa sosteneva<br \/>\nun balcone col bovindo<\/em><\/p>\n<p style=\"text-align: center;\"><em>proprio sopra un bel portone,<br \/>\ncon la mano che reggeva<br \/>\ndei ramage di tamarindo<\/em><\/p>\n<p style=\"text-align: center;\"><em>e d\u2019acanto sette frasche.<br \/>\nMa non \u00e8 che gli piacesse<br \/>\n\u2013 che monotona la posa! \u2013<\/em><\/p>\n<p style=\"text-align: center;\"><em>senza gambe e senza tasche,<br \/>\ncon il busto messo a \u201cS\u201d,<br \/>\nera proprio fastidiosa.<\/em><\/p>\n<p style=\"text-align: center;\"><em>Tela-Mone gir\u00f2 gli occhi:<br \/>\ngli ammiccava un mezzo busto<br \/>\n\u2013 con due poppe prorompenti<\/em><\/p>\n<p style=\"text-align: center;\"><em>ed un velo sui ginocchi \u2013<br \/>\nda un palazzo un po\u2019 vetusto<br \/>\ndel vicin civico 20:<\/em><\/p>\n<p style=\"text-align: center;\"><em>stava l\u00ec sotto una loggia.<br \/>\nGli fe\u2019: \u201cCiao, son Caria-T\u00ecde.<br \/>\nTu chi sei, bell\u2019omaccione?<\/em><\/p>\n<p style=\"text-align: center;\"><em>Ti ripari dalla pioggia?\u201d<br \/>\nE l\u2019Atlante che la vide:<br \/>\n\u201cIl mio nome \u00e8 Tela-Mone.<\/em><\/p>\n<p style=\"text-align: center;\"><em><img decoding=\"async\" loading=\"lazy\" class=\"aligncenter size-full\" src=\"https:\/\/i.pinimg.com\/originals\/6f\/57\/ec\/6f57ec155dae3cfc121ab1386e8fa042.jpg\" width=\"2187\" height=\"1799\" \/>\u00a0<\/em><\/p>\n<p style=\"text-align: center;\"><em>Vieni qui sotto il balcone!\u201d<br \/>\nLa Cari\u00e0tide discese<br \/>\nl\u00ec al portone del diciotto.<\/em><\/p>\n<p style=\"text-align: center;\"><em>Ora a reggere il loggione<br \/>\n\u2013 \u00e8 cos\u00ec da quasi un mese \u2013<br \/>\nsono in due a star l\u00ec sotto.<\/em><\/p>\n<p style=\"text-align: center;\"><em>Non fia mai che il troppo stroppia,<br \/>\ngiacch\u00e8 Zeus, con Giunone,<br \/>\nfa le coppie e poi le appaia:<\/em><\/p>\n<p style=\"text-align: center;\"><em>da quel giorno fanno coppia<br \/>\nCaria-T\u00ecde e Tela-Mone:<br \/>\ndue colombi in piccionaia\u2026<\/em><\/p>\n<p style=\"text-align: center;\"><em>sul porton di Via Cernaia<\/em><\/p>\n<figure style=\"width: 800px\" class=\"wp-caption aligncenter\"><img decoding=\"async\" loading=\"lazy\" class=\"size-full\" src=\"https:\/\/i.pinimg.com\/originals\/5e\/aa\/f5\/5eaaf58963f341abd94d71acfa9636f8.jpg\" width=\"800\" height=\"533\" \/><figcaption class=\"wp-caption-text\">Dettaglio decorativo di un palazzo torinese in via Madama Cristina &#8211; foto di Alberto Chinaglia<\/figcaption><\/figure>\n<p><em>*\u00a0<strong>Sergio Donna<\/strong>, torinese di Borgo San Paolo, \u00e8 presidente dell\u2019<strong>Associazione Monginevro Cultura<\/strong>. Cultore della <strong>lingua piemontese<\/strong>, \u00e8 autore di racconti, saggi e poesie, in lingua italiana, piemontese e francese. Tra le sue opere, annoveriamo:\u00a0<\/em><em>Via Monginevro com\u2019era<\/em><em>\u00a0(2009), racconto;\u00a0<\/em><em>Le antiche fabbriche di Borgo San Paolo<\/em><em>\u00a0(2010), saggio;\u00a0<\/em><em>M\u00e8 Borgh San P\u00e0ul<\/em><em>, Milaneuvsent (2010), saggio storico-musicale ;\u00a0<\/em><em>Il trionfo della bandiera<\/em><em>\u00a0(2011), romanzo;\u00a0<\/em><em>Storie e racconti dimenticati | St\u00f2rie e conte d\u00ebsmenti\u00e0<\/em><em>\u00a0(2012), racconti in italiano e in piemontese;\u00a0<\/em><em>Epigrafi sui palazzi di Torino<\/em><em>\u00a0(2012), con prefazione di Bruno Gambarotta, saggio storico;\u00a0<\/em><em>Una storia di cioccolato | C\u2019era una volta la Venchi Unica<\/em><em>\u00a0(2013), scritto con Luigia Casati e Giovanna Sorrentino, saggio;\u00a0<\/em><em>Diatto &amp; Viscosa | Due leggendarie fabbriche torinesi del Novecento in Borgata Cenisia<\/em><em>, 2013, con prefazione di Bruno Gambarotta, saggio storico;\u00a0<\/em><em>Lines | Raccolte di poesie<\/em><em>\u00a0(2013);\u00a0<\/em><em>Laeta Carmina<\/em><em>\u00a0(2014), raccolta di poesie;\u00a0<\/em><em>\u00cbl Giornalin \u00ebd Gioanin Tempesta<\/em><em>, riduzione in lingua piemontese de\u00a0<\/em><em>Il Giornalino di Gian Burrasca<\/em><em>\u00a0di Vamba , 2015.<\/em><\/p>\n<p><em>\u00a0<\/em><\/p>\n","protected":false},"excerpt":{"rendered":"<p>di Redazione Vi proponiamo una scherzosa poesia (laeta carmen) composta da Sergio Donna* e ispirata all&#8217;accattivante libro &#8220;Torino che non c&#8217;\u00e8 pi\u00f9&#8221; di&#8230;<\/p>\n","protected":false},"author":1,"featured_media":3410,"comment_status":"open","ping_status":"open","sticky":false,"template":"","format":"standard","meta":{"footnotes":""},"categories":[417],"tags":[1105,32,1102,1104,720,1101,1100,1103,29],"_links":{"self":[{"href":"http:\/\/www.piemonteis.org\/index.php?rest_route=\/wp\/v2\/posts\/3417"}],"collection":[{"href":"http:\/\/www.piemonteis.org\/index.php?rest_route=\/wp\/v2\/posts"}],"about":[{"href":"http:\/\/www.piemonteis.org\/index.php?rest_route=\/wp\/v2\/types\/post"}],"author":[{"embeddable":true,"href":"http:\/\/www.piemonteis.org\/index.php?rest_route=\/wp\/v2\/users\/1"}],"replies":[{"embeddable":true,"href":"http:\/\/www.piemonteis.org\/index.php?rest_route=%2Fwp%2Fv2%2Fcomments&post=3417"}],"version-history":[{"count":5,"href":"http:\/\/www.piemonteis.org\/index.php?rest_route=\/wp\/v2\/posts\/3417\/revisions"}],"predecessor-version":[{"id":3422,"href":"http:\/\/www.piemonteis.org\/index.php?rest_route=\/wp\/v2\/posts\/3417\/revisions\/3422"}],"wp:featuredmedia":[{"embeddable":true,"href":"http:\/\/www.piemonteis.org\/index.php?rest_route=\/wp\/v2\/media\/3410"}],"wp:attachment":[{"href":"http:\/\/www.piemonteis.org\/index.php?rest_route=%2Fwp%2Fv2%2Fmedia&parent=3417"}],"wp:term":[{"taxonomy":"category","embeddable":true,"href":"http:\/\/www.piemonteis.org\/index.php?rest_route=%2Fwp%2Fv2%2Fcategories&post=3417"},{"taxonomy":"post_tag","embeddable":true,"href":"http:\/\/www.piemonteis.org\/index.php?rest_route=%2Fwp%2Fv2%2Ftags&post=3417"}],"curies":[{"name":"wp","href":"https:\/\/api.w.org\/{rel}","templated":true}]}}