{"id":3577,"date":"2017-12-13T09:55:20","date_gmt":"2017-12-13T09:55:20","guid":{"rendered":"http:\/\/www.piemonteis.org\/?p=3577"},"modified":"2017-12-13T09:59:27","modified_gmt":"2017-12-13T09:59:27","slug":"luci-della-montagna-paesaggi-delle-valli-cuneesi-immortalati-dallobiettivo-di-luca-gino","status":"publish","type":"post","link":"http:\/\/www.piemonteis.org\/?p=3577","title":{"rendered":"Luci della Montagna &#8211; i paesaggi delle Valli Cuneesi immortalati dall&#8217;obiettivo di Luca Gino"},"content":{"rendered":"<p>di <em>Andrea Elia Rovera\u00a0<\/em><\/p>\n<p>Nella splendida cornice di &#8220;<strong>Beertola &#8211; Birreria\/Birrificio Artigianale<\/strong>&#8221; di Cuneo, fino al 2 gennaio sar\u00e0 possibile ammirare &#8220;<strong><em>Luci della Montagna &#8211; Mostra fotografica personale di Luca Gino<\/em><\/strong>&#8220;.<\/p>\n<figure style=\"width: 1600px\" class=\"wp-caption aligncenter\"><img decoding=\"async\" loading=\"lazy\" class=\"size-full\" src=\"https:\/\/i.pinimg.com\/originals\/f6\/36\/19\/f636191b1888e99347a02a1e2b853cf5.jpg\" width=\"1600\" height=\"900\" \/><figcaption class=\"wp-caption-text\">L&#8217;interno di &#8220;Beertola&#8221;<\/figcaption><\/figure>\n<p><strong>Luca Gino<\/strong>, classe 1971, nasce a Sanremo, in provincia di Imperia ma sin dalla tenera et\u00e0 frequenta le Valli Cuneesi col padre e se ne innamora.<\/p>\n<p>Nel 2000 lascia la Liguria per trasferirsi in <strong>Val Vermenagna<\/strong>. Essendo figlio di un uomo amante del bello e dell&#8217;arte fotografica analogica inizia anch&#8217;egli ad appassionarsi al mondo complesso e poliedrico della fotografia. Nel 2002 inizia un approccio professionale con la reflex analogica e, nel 2004, in un&#8217;ottica di sviluppo e progressione della tecnica si immerge completamente nel mondo del Digitale.<\/p>\n<p>Abitando in un luogo ricco di storia, natura e paesaggi inizia a cimentarsi nello studio fotografico compositivo a <strong>tema paesaggistico<\/strong> ottenendo, sin da subito, interessanti risultati.<\/p>\n<figure style=\"width: 720px\" class=\"wp-caption aligncenter\"><img decoding=\"async\" loading=\"lazy\" src=\"https:\/\/i.pinimg.com\/originals\/c5\/7a\/20\/c57a2076c9fae9532a31abf66c25f61b.jpg\" width=\"720\" height=\"480\" \/><figcaption class=\"wp-caption-text\">Luci della Montagna &#8211; Lago Fiorenza sul Versante nord del Monviso<\/figcaption><\/figure>\n<p>Nel 2014, assieme ad altri professionisti del settore, d\u00e0 vita all&#8217;<strong><em>Agenzia Fotografica &#8220;ClickAlps&#8221;<\/em><\/strong>\u00a0con la quale e per la quale svolge attivit\u00e0 di docenza e formazione in molte localit\u00e0 dell&#8217;intera Penisola.<\/p>\n<p>Personalmente ho avuto la fortuna di visitare la mostra durante un momento di chiusura del locale ed ho potuto rapportarmi con le fotografie in un clima silenzioso dalle luci soffuse.<\/p>\n<p>Il mio sguardo ha potuto scrutare ogni singola opera partendo dalla conoscenza che la mia persona ha di quei luoghi. Il sottoscritto, infatti, come l&#8217;artista, \u00e8 cresciuto nelle <strong>Valli Cuneesi<\/strong> e ha visitato i suoi numerosi rifugi durante le colonie estive organizzate dall&#8217;oratorio.<\/p>\n<figure style=\"width: 720px\" class=\"wp-caption aligncenter\"><img decoding=\"async\" loading=\"lazy\" src=\"https:\/\/i.pinimg.com\/originals\/bb\/45\/a1\/bb45a1d82484e4785654f1262d252264.jpg\" width=\"720\" height=\"480\" \/><figcaption class=\"wp-caption-text\">Luci della Montagna &#8211; Disgelo ai Laghi di Sant&#8217;Anna di Vinadio<\/figcaption><\/figure>\n<p>In ogni pannello ho potuto dunque scorgere l&#8217;attenzione di Luca verso i <strong>colori delle stagioni<\/strong>, e l&#8217;accostamento umile ai paesaggi dinanzi ai quali egli si \u00e8 venuto a trovare. Ho notato e percepito un senso di pace e di serenit\u00e0 che solo un vero amante della natura pu\u00f2 raggiungere e trasmettere con il semplice scatto di una fotografia.<\/p>\n<p>Raramente, e lo dico conoscendo personalmente Luca Gino, mi sono trovato dinanzi ad un\u00a0<em>fotografo che entra nell&#8217;ambiente paesaggistico come se stesse camminando in una cristalleria di inestimabile valore<\/em>. Chi vede &#8220;<strong>Luci della Montagna<\/strong>&#8221; si rende subito conto del rispetto che Luca nutre per il paesaggio, per la natura e per lo stesso osservatore che dovr\u00e0 poi guardare e giudicare i suoi scatti.<\/p>\n<figure style=\"width: 720px\" class=\"wp-caption aligncenter\"><img decoding=\"async\" loading=\"lazy\" src=\"https:\/\/i.pinimg.com\/originals\/0d\/ab\/f3\/0dabf3e3b044a382ab1425331c16eb8b.jpg\" width=\"720\" height=\"478\" \/><figcaption class=\"wp-caption-text\">Luci della Montagna &#8211; Pian della Casa del Re (Alta Valle Gesso)<\/figcaption><\/figure>\n<p>La fotografia \u00e8 un&#8217;arte complessa perch\u00e9 se da un lato \u00e8 il &#8220;semplice&#8221;\u00a0<strong>immortalamento<\/strong>\u00a0di ci\u00f2 che si vede, dall&#8217;altro \u00e8\u00a0<strong>trasmissione<\/strong>\u00a0d&#8217;emozione, di stato d&#8217;animo e di sentimento di chi si trova dinanzi alla meravigliosa Creazione di Dio con un cavalletto ed una reflex.<\/p>\n<p>In ogni caso le mie parole, per quanto auliche e ricercate, non potranno mai rendere &#8211; neppure infinitesimamente &#8211; giustizia alla splendida mostra di Luca Gino, perci\u00f2, in spirito di condivisione delle cose belle vi invito a visitarla, in questo mese, presso\u00a0<strong>&#8220;Beertola&#8221;<\/strong>.<\/p>\n<figure style=\"width: 720px\" class=\"wp-caption aligncenter\"><img decoding=\"async\" loading=\"lazy\" src=\"https:\/\/i.pinimg.com\/originals\/4b\/08\/ca\/4b08ca99d09ba5c97a7140b958deca7b.jpg\" width=\"720\" height=\"480\" \/><figcaption class=\"wp-caption-text\">Luci della Montagna &#8211; Autunno in Valle Gesso nei pressi di Sant&#8217;Anna di Valdieri<\/figcaption><\/figure>\n<p>Come spesso mi trovo a dire: il <strong>Piemonte<\/strong> \u00e8 una fucina di idee, cose belle, paesaggi mozzafiato e prodotti enogastronomici degni dei palati pi\u00f9 raffinati; il problema sta in noi piemontesi che abbiamo poca autostima e siamo troppo autocritici.<\/p>\n<p>Luca Gino, ligure di nascita ma piemontese per scelta, ci dimostra che abbiamo un grande potenziale da sfruttare e valorizzare. Vogliamo provarci?<\/p>\n<p>&nbsp;<\/p>\n","protected":false},"excerpt":{"rendered":"<p>di Andrea Elia Rovera\u00a0 Nella splendida cornice di &#8220;Beertola &#8211; Birreria\/Birrificio Artigianale&#8221; di Cuneo, fino al 2 gennaio sar\u00e0 possibile ammirare &#8220;Luci della&#8230;<\/p>\n","protected":false},"author":1,"featured_media":3578,"comment_status":"open","ping_status":"open","sticky":false,"template":"","format":"standard","meta":{"footnotes":""},"categories":[295,292,86],"tags":[465,1389,1388,1390,30,1387],"_links":{"self":[{"href":"http:\/\/www.piemonteis.org\/index.php?rest_route=\/wp\/v2\/posts\/3577"}],"collection":[{"href":"http:\/\/www.piemonteis.org\/index.php?rest_route=\/wp\/v2\/posts"}],"about":[{"href":"http:\/\/www.piemonteis.org\/index.php?rest_route=\/wp\/v2\/types\/post"}],"author":[{"embeddable":true,"href":"http:\/\/www.piemonteis.org\/index.php?rest_route=\/wp\/v2\/users\/1"}],"replies":[{"embeddable":true,"href":"http:\/\/www.piemonteis.org\/index.php?rest_route=%2Fwp%2Fv2%2Fcomments&post=3577"}],"version-history":[{"count":4,"href":"http:\/\/www.piemonteis.org\/index.php?rest_route=\/wp\/v2\/posts\/3577\/revisions"}],"predecessor-version":[{"id":3582,"href":"http:\/\/www.piemonteis.org\/index.php?rest_route=\/wp\/v2\/posts\/3577\/revisions\/3582"}],"wp:featuredmedia":[{"embeddable":true,"href":"http:\/\/www.piemonteis.org\/index.php?rest_route=\/wp\/v2\/media\/3578"}],"wp:attachment":[{"href":"http:\/\/www.piemonteis.org\/index.php?rest_route=%2Fwp%2Fv2%2Fmedia&parent=3577"}],"wp:term":[{"taxonomy":"category","embeddable":true,"href":"http:\/\/www.piemonteis.org\/index.php?rest_route=%2Fwp%2Fv2%2Fcategories&post=3577"},{"taxonomy":"post_tag","embeddable":true,"href":"http:\/\/www.piemonteis.org\/index.php?rest_route=%2Fwp%2Fv2%2Ftags&post=3577"}],"curies":[{"name":"wp","href":"https:\/\/api.w.org\/{rel}","templated":true}]}}