{"id":3622,"date":"2017-12-26T10:59:09","date_gmt":"2017-12-26T10:59:09","guid":{"rendered":"http:\/\/www.piemonteis.org\/?p=3622"},"modified":"2017-12-26T11:11:51","modified_gmt":"2017-12-26T11:11:51","slug":"il-26-dicembre-1941-dragali-montenegro-muore-il-cappellano-militare-don-secondo-pollo-primo-santo-degli-alpini","status":"publish","type":"post","link":"http:\/\/www.piemonteis.org\/?p=3622","title":{"rendered":"Il 26 dicembre 1941, a Dragali in Montenegro, muore il Cappellano militare don Secondo Pollo, primo \u201csanto\u201d degli Alpini"},"content":{"rendered":"<p>di <em>Milo Julini<\/em><\/p>\n<p>Il 26 dicembre, oltre a Santo Stefano, la Chiesa ricorda il <strong>Beato Secondo Pollo <\/strong>Sacerdote e martire, colpito a morte da un proiettile il 26 dicembre 1941 a Dragali, in Montenegro durante la Seconda Guerra Mondiale: come cappellano militare del battaglione alpino \u201c<strong>Val Chisone<\/strong>\u201d, durante il combattimento, stava prestando soccorso ad un soldato moribondo.<\/p>\n<p><img decoding=\"async\" loading=\"lazy\" class=\"size-full alignleft\" src=\"https:\/\/s-media-cache-ak0.pinimg.com\/originals\/58\/6c\/5e\/586c5ed8bdbda416de422d5799536c04.jpg\" width=\"400\" height=\"592\" \/><\/p>\n<p>Ho voluto ricordare questo sacerdote di origine vercellese, nato a <strong>Caresanablot<\/strong> il 2 gennaio 1908, insignito di medaglia d\u2019argento al valor militare ed elevato agli onori degli altari da Papa Giovanni Paolo II, il 23 maggio 1998 a Vercelli, con la proclamazione a beato.<\/p>\n<p>Don Secondo Pollo \u00e8 cos\u00ec il <strong>primo alpino<\/strong> venerato come beato dalla Chiesa cattolica.<\/p>\n<p>All\u2019et\u00e0 di undici anni entra in seminario a Vercelli, per proseguire gli studi teologici a Roma dove, nel 1931, si laurea in <strong>filosofia<\/strong> presso la Pontificia Accademia di San Tommaso e in <strong>teologia<\/strong> presso la Pontificia Universit\u00e0 Gregoriana. Il 15 agosto \u00e8 ordinato sacerdote a Vercelli dove insegna nei seminari minore e maggiore ed \u00e8 anche Assistente diocesano dei giovani di Azione Cattolica.<\/p>\n<p>Allo scoppio della <strong>seconda guerra mondiale<\/strong>, per seguire i giovani conosciuti durante la sua attivit\u00e0, fa domanda per divenire <strong>cappellano militare<\/strong> malgrado una grave infermit\u00e0 all\u2019occhio sinistro. \u00c8 nominato tenente cappellano del 3\u00ba battaglione \u201cVal Chisone\u201d della Divisione Alpina Alpi Graie che, sul finire del 1941, viene inviato in <strong>Montenegro<\/strong>. Il 26 dicembre\u00a0 1941, durante la battaglia di Dragali, mentre soccorre un ferito, un proiettile gli recide l\u2019arteria femorale, provocandone la morte per dissanguamento.<\/p>\n<p>Per questo, don Pollo \u00e8 insignito di<strong> medaglia d\u2019argento al valor militare<\/strong> con questa motivazione: \u00ab<em>Cappellano di un battaglione alpini, durante alcune giornate di combattimento, malgrado le precarie condizioni fisiche, si prodigava sotto il violento fuoco nemico, per portare la parola di fede ed il conforto spirituale ai combattenti delle prime linee. Con ardimento e sprezzo del pericolo si spingeva ove pi\u00f9 ferveva la lotta e, mentre assolveva il suo ministero, veniva mortalmente colpito da pallottole di mitragliatrice. Noncurante di s\u00e9, mentre esortava a curare gli altri feriti, serenamente spirava (Dragali, Montenegro, 26 dicembre 1941)<\/em>\u00bb.<\/p>\n<p><img decoding=\"async\" loading=\"lazy\" class=\"aligncenter size-full\" src=\"https:\/\/s-media-cache-ak0.pinimg.com\/originals\/fb\/09\/3b\/fb093b8497a2130b8e342345cde10509.jpg\" width=\"490\" height=\"700\" \/><\/p>\n<p>&nbsp;<\/p>\n<p>Nel 1961 la sua salma viene trasferita dal cimitero di Scagliari, presso Cattaro, a quello di Caresanablot, nella tomba di famiglia, per essere poi trasferita, il 25 maggio 1968, nella<strong> Cattedrale di Sant\u2019Eusebio<\/strong> a Vercelli, dapprima nella terza Cappella della navata di destra. Il 26 dicembre 2000, i suoi resti, posti in un\u2019urna di cristallo ed argento, sono inumati sotto la mensa dell\u2019altare della terza Cappella della navata sinistra.<\/p>\n<p><img decoding=\"async\" loading=\"lazy\" class=\"alignright size-full\" src=\"https:\/\/s-media-cache-ak0.pinimg.com\/originals\/53\/02\/fa\/5302fa5ce58bb1fa59bb040dbccb1270.jpg\" width=\"312\" height=\"598\" \/><\/p>\n<p>A Caresanablot, in piazza Secondo Pollo, \u00e8 stato edificato un monumento in suo onore. Il <strong>Gruppo Alpini<\/strong> di Chivasso (Torino) ha costruito un sacello in suo onore, inaugurato l\u20198 aprile 2001. A Villareggia (Torino), \u00a0il 22 settembre 2002, in suo ricordo \u00e8 stato inaugurato un capitello votivo con un suo ritratto dipinto dal pittore vercellese Renzo Roncarolo.<\/p>\n<p>Ricordiamo infine che in occasione dell\u2019 89<sup>ma<\/sup> Adunata Nazionale degli Alpini, tenuta ad\u00a0 dal 13 al 15 maggio del 2016, papa Francesco ha indirizzato il suo saluto con <strong>l\u2019incredibile dimenticanza<\/strong> del Beato don Secondo Pollo, come emerge dal testo che riportiamo: \u00ab<em>Un pensiero speciale rivolgo agli alpini riuniti ad Asti per l\u2019Adunata nazionale. Li esorto ad essere testimoni di misericordia e di speranza, imitando l\u2019esempio del Beato don Carlo Gnocchi, del Beato fratel Luigi Bordino e del venerabile Teresio Olivelli che onorarono il corpo degli alpini con la santit\u00e0 della loro vita<\/em>\u00bb.<\/p>\n<p><em>Per maggiori informazioni, si rimanda al sito \u201c<\/em><a href=\"http:\/\/www.santiebeati.it\/dettaglio\/36250\"><em>santiebeati<\/em><\/a><em>\u201d<\/em><\/p>\n<p><em>\u00a0<\/em><\/p>\n<p><em>\u00a0<\/em><\/p>\n","protected":false},"excerpt":{"rendered":"<p>di Milo Julini Il 26 dicembre, oltre a Santo Stefano, la Chiesa ricorda il Beato Secondo Pollo Sacerdote e martire, colpito a morte&#8230;<\/p>\n","protected":false},"author":1,"featured_media":3626,"comment_status":"open","ping_status":"open","sticky":false,"template":"","format":"standard","meta":{"footnotes":""},"categories":[26,143,4],"tags":[1446,1450,1453,1455,1457,343,1454,1448,1451,1447,1449,1452,1445,833,124,1456],"_links":{"self":[{"href":"http:\/\/www.piemonteis.org\/index.php?rest_route=\/wp\/v2\/posts\/3622"}],"collection":[{"href":"http:\/\/www.piemonteis.org\/index.php?rest_route=\/wp\/v2\/posts"}],"about":[{"href":"http:\/\/www.piemonteis.org\/index.php?rest_route=\/wp\/v2\/types\/post"}],"author":[{"embeddable":true,"href":"http:\/\/www.piemonteis.org\/index.php?rest_route=\/wp\/v2\/users\/1"}],"replies":[{"embeddable":true,"href":"http:\/\/www.piemonteis.org\/index.php?rest_route=%2Fwp%2Fv2%2Fcomments&post=3622"}],"version-history":[{"count":2,"href":"http:\/\/www.piemonteis.org\/index.php?rest_route=\/wp\/v2\/posts\/3622\/revisions"}],"predecessor-version":[{"id":3625,"href":"http:\/\/www.piemonteis.org\/index.php?rest_route=\/wp\/v2\/posts\/3622\/revisions\/3625"}],"wp:featuredmedia":[{"embeddable":true,"href":"http:\/\/www.piemonteis.org\/index.php?rest_route=\/wp\/v2\/media\/3626"}],"wp:attachment":[{"href":"http:\/\/www.piemonteis.org\/index.php?rest_route=%2Fwp%2Fv2%2Fmedia&parent=3622"}],"wp:term":[{"taxonomy":"category","embeddable":true,"href":"http:\/\/www.piemonteis.org\/index.php?rest_route=%2Fwp%2Fv2%2Fcategories&post=3622"},{"taxonomy":"post_tag","embeddable":true,"href":"http:\/\/www.piemonteis.org\/index.php?rest_route=%2Fwp%2Fv2%2Ftags&post=3622"}],"curies":[{"name":"wp","href":"https:\/\/api.w.org\/{rel}","templated":true}]}}