{"id":3832,"date":"2018-03-01T09:33:02","date_gmt":"2018-03-01T09:33:02","guid":{"rendered":"http:\/\/www.piemonteis.org\/?p=3832"},"modified":"2018-03-01T09:37:33","modified_gmt":"2018-03-01T09:37:33","slug":"riso-gigante-vercelli-unantica-varieta-che-torna-alla-ribalta","status":"publish","type":"post","link":"http:\/\/www.piemonteis.org\/?p=3832","title":{"rendered":"Riso Gigante Vercelli, un\u2019antica variet\u00e0 che torna alla ribalta"},"content":{"rendered":"<p>di <em>Redazione<\/em><\/p>\n<p>Grazie all\u2019azienda vercellese <a href=\"http:\/\/www.gliaironi.it\/\"><strong>gliAironi <\/strong><\/a>torna sul mercato una prestigiosa variet\u00e0 di riso, il <strong>Gigante Vercelli<\/strong>, che era una delle pi\u00f9 coltivate in questi territori nel secondo dopoguerra.<\/p>\n<figure style=\"width: 4682px\" class=\"wp-caption aligncenter\"><img decoding=\"async\" loading=\"lazy\" class=\"size-medium\" src=\"https:\/\/s-media-cache-ak0.pinimg.com\/originals\/c7\/66\/a7\/c766a7774efcb1a04fc36aee3b373c13.jpg\" width=\"4682\" height=\"3226\" \/><figcaption class=\"wp-caption-text\">Riso Gigante Vercelli<\/figcaption><\/figure>\n<p>La paternit\u00e0 del <strong>Gigante Vercelli<\/strong> \u00e8 attribuita a Giovanni Roncarolo che costitu\u00ec la variet\u00e0 nel 1946 presso le Cascine San Giacomo di Livorno Ferraris, facendola derivare da una selezione di razza denominata <em>Gigante Vercelli inallettabile<\/em>, ottenuta nel 1936 da un incrocio tra il Vialone e il Lady Wright.<\/p>\n<p>In breve tempo la variet\u00e0 prese piede, affermandosi come la pi\u00f9 apprezzata tra le tipologie fino e superfino accanto a Razza 77, Vialone e Carnaroli. Dalla fine degli anni Settanta, per le <strong>basse rese produttive<\/strong> e le difficolt\u00e0 nella coltivazione, perse per\u00f2 terreno a vantaggio di variet\u00e0 pi\u00f9 redditizie, tanto che nel 2017 in area vercellese sono state soltanto tre le aziende a coltivarla, riservando al Gigante Vercelli circa 10 ettari.<\/p>\n<p>Le interessanti qualit\u00e0 organolettiche e nutrizionali del Gigante Vercelli hanno di recente riportato l\u2019attenzione sulla variet\u00e0, che pareva condannata alla scomparsa e che \u00e8 invece stata inserita nell\u2019Arca del Gusto di Slow Food ed \u00e8 destinata a diventare <strong>Presidio <\/strong>(il secondo prodotto del Vercellese a far parte dei Presidi Slow Food dopo il formaggio <em>Macagn<\/em>, che per\u00f2 comprende anche la provincia di Biella).<\/p>\n<figure style=\"width: 1024px\" class=\"wp-caption aligncenter\"><img decoding=\"async\" loading=\"lazy\" class=\"size-medium\" src=\"https:\/\/s-media-cache-ak0.pinimg.com\/originals\/43\/d3\/0f\/43d30fcb9c53f2f0a89e4b1671492309.jpg\" width=\"1024\" height=\"683\" \/><figcaption class=\"wp-caption-text\">Risaie nell&#8217;area delle Grange vercellesi &#8211; foto di Sarah Scaparone<\/figcaption><\/figure>\n<p>Il primo fattore che ha indotto l\u2019azienda gliAironi a scommettere sul recupero in purezza della variet\u00e0, riportandola alla coltivazione e rimettendola in commercio a partire da marzo 2018, \u00e8 legato al <strong>marketing territoriale<\/strong>. Il nome del riso contiene infatti il toponimo <strong>Vercelli<\/strong>, citt\u00e0 simbolo della coltura risicola, e riflette quindi la vocazione agricola di un intero territorio che gravita attorno alla capitale del gotico piemontese.<\/p>\n<p>La seconda considerazione \u00e8 di natura agronomica e ambientale. Il Gigante Vercelli si caratterizza infatti per la capacit\u00e0 di germinare alle basse temperature, per una crescita veloce e soprattutto per la naturale <strong>resistenza alle malattie<\/strong>, in particolare al <strong>brusone<\/strong>, la pi\u00f9 comune patologia fungina del riso, propriet\u00e0 che consente di escludere il ricorso a fungicidi.<\/p>\n<p><img decoding=\"async\" loading=\"lazy\" class=\"aligncenter size-medium\" src=\"https:\/\/s-media-cache-ak0.pinimg.com\/originals\/1a\/55\/aa\/1a55aaec781f7ff7b9b95ab02eec96ba.jpg\" width=\"4928\" height=\"2583\" \/><\/p>\n<p>&nbsp;<\/p>\n<p>La terza riflessione \u00e8 infine focalizzata sulle qualit\u00e0 organolettiche, in particolare l\u2019alto contenuto in <strong>amido<\/strong>, con relativi benefici per la salute intestinale, e le buone propriet\u00e0 nutrizionali. Il Gigante Vercelli, apprezzato per la capacit\u00e0 di tenere la cottura, simile a quella del Carnaroli, \u00e8 poi ritenuto ideale per la preparazione di risotti cremosi, tipici della cultura gastronomica piemontese.<\/p>\n<p>L\u2019<a href=\"http:\/\/www.gliaironi.it\/\"><strong>azienda gliAironi <\/strong><\/a>ha sede a Lignana, nel cuore delle Grange vercellesi, ed \u00e8 guidata da Michele Perinotti, tecnologo alimentare, discendente di una famiglia che da cinque generazione si dedica alla coltivazione del riso, impegnandosi nel miglioramento continuo delle condizioni colturali e nella ricerca di una qualit\u00e0 sempre pi\u00f9 alta.<\/p>\n<p>&nbsp;<\/p>\n<p>&nbsp;<\/p>\n<p>&nbsp;<\/p>\n<p>&nbsp;<\/p>\n","protected":false},"excerpt":{"rendered":"<p>di Redazione Grazie all\u2019azienda vercellese gliAironi torna sul mercato una prestigiosa variet\u00e0 di riso, il Gigante Vercelli, che era una delle pi\u00f9 coltivate&#8230;<\/p>\n","protected":false},"author":1,"featured_media":3833,"comment_status":"open","ping_status":"open","sticky":false,"template":"","format":"standard","meta":{"footnotes":""},"categories":[2],"tags":[1775,1779,1774,1769,1771,1770,1778,1772,30,1776,59,1773,61,124,1777],"_links":{"self":[{"href":"http:\/\/www.piemonteis.org\/index.php?rest_route=\/wp\/v2\/posts\/3832"}],"collection":[{"href":"http:\/\/www.piemonteis.org\/index.php?rest_route=\/wp\/v2\/posts"}],"about":[{"href":"http:\/\/www.piemonteis.org\/index.php?rest_route=\/wp\/v2\/types\/post"}],"author":[{"embeddable":true,"href":"http:\/\/www.piemonteis.org\/index.php?rest_route=\/wp\/v2\/users\/1"}],"replies":[{"embeddable":true,"href":"http:\/\/www.piemonteis.org\/index.php?rest_route=%2Fwp%2Fv2%2Fcomments&post=3832"}],"version-history":[{"count":2,"href":"http:\/\/www.piemonteis.org\/index.php?rest_route=\/wp\/v2\/posts\/3832\/revisions"}],"predecessor-version":[{"id":3835,"href":"http:\/\/www.piemonteis.org\/index.php?rest_route=\/wp\/v2\/posts\/3832\/revisions\/3835"}],"wp:featuredmedia":[{"embeddable":true,"href":"http:\/\/www.piemonteis.org\/index.php?rest_route=\/wp\/v2\/media\/3833"}],"wp:attachment":[{"href":"http:\/\/www.piemonteis.org\/index.php?rest_route=%2Fwp%2Fv2%2Fmedia&parent=3832"}],"wp:term":[{"taxonomy":"category","embeddable":true,"href":"http:\/\/www.piemonteis.org\/index.php?rest_route=%2Fwp%2Fv2%2Fcategories&post=3832"},{"taxonomy":"post_tag","embeddable":true,"href":"http:\/\/www.piemonteis.org\/index.php?rest_route=%2Fwp%2Fv2%2Ftags&post=3832"}],"curies":[{"name":"wp","href":"https:\/\/api.w.org\/{rel}","templated":true}]}}