{"id":4081,"date":"2018-06-14T12:50:51","date_gmt":"2018-06-14T12:50:51","guid":{"rendered":"http:\/\/www.piemonteis.org\/?p=4081"},"modified":"2018-06-14T12:52:33","modified_gmt":"2018-06-14T12:52:33","slug":"giustizia-militare-nel-piemonte-post-unitario-il-grave-atto-di-insubordinazione-del-soldato-nencioni","status":"publish","type":"post","link":"http:\/\/www.piemonteis.org\/?p=4081","title":{"rendered":"Giustizia militare nel Piemonte post-unitario: il &#8220;grave atto di insubordinazione&#8221; del soldato Nencioni"},"content":{"rendered":"<p>di Arconte<\/p>\n<p>Questa storia inizia a Leyn\u00ec, il 31 luglio 1865. sono le quattro e mezza del mattino e la quinta compagnia del <strong>2\u00b0 Reggimento Artiglieria<\/strong>, al comando del luogotenente Ernesto De-Simone, dal campo di Lombardore sta dirigendosi a Torino. Mentre la colonna attraversa il comune di Leyn\u00ec, pare sollevarsi tra alcuni soldati una certa ostilit\u00e0 verso la popolazione civile.<\/p>\n<p><img decoding=\"async\" loading=\"lazy\" class=\"aligncenter size-medium\" src=\"https:\/\/i.pinimg.com\/originals\/98\/36\/4b\/98364b37b758e97e48faf72b37fd2e53.jpg\" width=\"1600\" height=\"1256\" \/><\/p>\n<p>Fatto sta che viene scagliata una pietra contro la porta di una casa.<\/p>\n<p>Il luogotenente De-Simone interviene, chiede chi abbia <strong>scagliato la pietra<\/strong> e subito gli viene indicato il cannoniere Ferdinando Nencioni. Nencioni nega di aver lanciato il sasso, ma lo fa con parole poco conformi alla disciplina, tanto che De-Simone lo rimprovera e gli annuncia che sar\u00e0 punito con la prigione. Nencioni continua a mormorare e il luogotenente De-Simone deve imporgli il silenzio. Tutto pare finito quando Nencioni si allontana dai suoi commilitoni, salta addosso al luogotenente e <strong>lo colpisce al capo<\/strong> col calcio del fucile. De-Simone crolla a terra e Nencioni lo colpisce ancora due volte, un secondo colpo ancora sul capo ed un altro sulla spalla.<\/p>\n<p>Nencioni a questo punto viene bloccato e arrestato mentre De-Simone \u00e8 soccorso dal medico che gli riscontra tre ferite lacero contuse con effusione di sangue.<\/p>\n<p>Ferdinando Nencioni, di 27 anni, da Firenze, il 23 agosto 1865 compare davanti il Tribunale militare di Torino: \u00e8 condannato alla <strong>pena della morte<\/strong>, previa degradazione, alla perdita dei diritti politici e civili, all\u2019indennit\u00e0 verso chi di ragione ed alle spese del procedimento, perch\u00e9 riconosciuto colpevole di insubordinazione con vie di fatto verso un superiore ufficiale.<\/p>\n<p>Contro questa condanna, Nencioni ricorre al Tribunale Supremo di Guerra (Astrea, anno III, 19 e 26 agosto 1865, n. 26 e 27, p. 208).<\/p>\n<p>Il <strong>Tribunale Supremo di Guerra<\/strong>, col luogotenente generale D\u2019Auvare come Presidente e Genina, Relatore, considera il ricorso di Nencioni nell\u2019udienza del 7 settembre 1865. Pubblico Ministero \u00e8 il cavalier Lo Gatto e difensore l\u2019avvocato Corrado.<\/p>\n<p>Per ottenere l\u2019annullamento della sentenza e quindi un nuovo processo, l\u2019avvocato Corrado ha messo in campo varie questioni giuridiche. Noi non gli andiamo dietro, ci limitiamo a sottolineare alcuni aspetti della vicenda che emergono dalla sentenza.<\/p>\n<figure style=\"width: 744px\" class=\"wp-caption aligncenter\"><img decoding=\"async\" loading=\"lazy\" src=\"https:\/\/i.pinimg.com\/originals\/46\/f5\/23\/46f523e7851052faabce7493904bd886.jpg\" width=\"744\" height=\"600\" \/><figcaption class=\"wp-caption-text\">Planimetria della Cittadella di Torino nel 1664: qui venne eseguita la fucilazione di Nencioni<\/figcaption><\/figure>\n<p>Non \u00e8 stato accertato con sicurezza che Nencioni abbia lanciato la pietra contro la porta della casa di Leyn\u00ec. Oltre che su questo <strong>ingiusto rimprovero<\/strong>, la difesa insiste anche sulla minaccia di De-Simone di mandare Nencioni al Corpo Franco, se non cambiava la sua cattiva condotta.<\/p>\n<p>Il Tribunale ritiene per\u00f2 che n\u00e9 un rimprovero, anche se ingiusto, n\u00e9 la minaccia del Corpo Franco, non provata, e che non contiene ingiurie e provocazioni tanto gravi da diminuire l\u2019imputabilit\u00e0 di Nencioni, possano giustificare il <strong>grave atto di insubordinazione<\/strong>.<\/p>\n<p>Il ricorso \u00e8 respinto, con sentenza datata 7 settembre 1865.<\/p>\n<p>Ferdinando Nencioni viene fucilato, nella<strong> cittadella di Torino<\/strong>, la mattina del 16 settembre 1865 (Astrea, anno III, 5 e 12 ottobre 1865, n. 32 e 33, pp.237-238).<\/p>\n<p>&nbsp;<\/p>\n<p>&nbsp;<\/p>\n","protected":false},"excerpt":{"rendered":"<p>di Arconte Questa storia inizia a Leyn\u00ec, il 31 luglio 1865. sono le quattro e mezza del mattino e la quinta compagnia del&#8230;<\/p>\n","protected":false},"author":1,"featured_media":4086,"comment_status":"open","ping_status":"open","sticky":false,"template":"","format":"standard","meta":{"footnotes":""},"categories":[26,143,237],"tags":[76,119,2026,2054,2116,2117,2115,29,1122,2052],"_links":{"self":[{"href":"http:\/\/www.piemonteis.org\/index.php?rest_route=\/wp\/v2\/posts\/4081"}],"collection":[{"href":"http:\/\/www.piemonteis.org\/index.php?rest_route=\/wp\/v2\/posts"}],"about":[{"href":"http:\/\/www.piemonteis.org\/index.php?rest_route=\/wp\/v2\/types\/post"}],"author":[{"embeddable":true,"href":"http:\/\/www.piemonteis.org\/index.php?rest_route=\/wp\/v2\/users\/1"}],"replies":[{"embeddable":true,"href":"http:\/\/www.piemonteis.org\/index.php?rest_route=%2Fwp%2Fv2%2Fcomments&post=4081"}],"version-history":[{"count":4,"href":"http:\/\/www.piemonteis.org\/index.php?rest_route=\/wp\/v2\/posts\/4081\/revisions"}],"predecessor-version":[{"id":4089,"href":"http:\/\/www.piemonteis.org\/index.php?rest_route=\/wp\/v2\/posts\/4081\/revisions\/4089"}],"wp:featuredmedia":[{"embeddable":true,"href":"http:\/\/www.piemonteis.org\/index.php?rest_route=\/wp\/v2\/media\/4086"}],"wp:attachment":[{"href":"http:\/\/www.piemonteis.org\/index.php?rest_route=%2Fwp%2Fv2%2Fmedia&parent=4081"}],"wp:term":[{"taxonomy":"category","embeddable":true,"href":"http:\/\/www.piemonteis.org\/index.php?rest_route=%2Fwp%2Fv2%2Fcategories&post=4081"},{"taxonomy":"post_tag","embeddable":true,"href":"http:\/\/www.piemonteis.org\/index.php?rest_route=%2Fwp%2Fv2%2Ftags&post=4081"}],"curies":[{"name":"wp","href":"https:\/\/api.w.org\/{rel}","templated":true}]}}