{"id":4208,"date":"2018-09-12T15:40:42","date_gmt":"2018-09-12T15:40:42","guid":{"rendered":"http:\/\/www.piemonteis.org\/?p=4208"},"modified":"2018-12-02T17:02:19","modified_gmt":"2018-12-02T17:02:19","slug":"la-vigna-di-madama-reale-luogo-di-delizie-di-maria-cristina-di-francia-sulla-collina-torinese","status":"publish","type":"post","link":"http:\/\/www.piemonteis.org\/?p=4208","title":{"rendered":"La Vigna di Madama Reale, &#8220;luogo di delizie&#8221; di Maria Cristina di Francia sulla collina torinese"},"content":{"rendered":"<p>Testo e foto di <em>Giovanni Dughera<\/em><\/p>\n<p>Tra i colli di San Vito e il Colle della Maddalena, nella collina torinese, brilla per la sua bellezza la <strong>Vigna di Madama Reale<\/strong>, detta anche Abegg. Vigna sta per villa alla quale era abbinata una vigna, allo scopo di avere una rendita per mantenere l\u2019edificio.<\/p>\n<p><img decoding=\"async\" loading=\"lazy\" class=\"aligncenter size-medium\" src=\"https:\/\/i.pinimg.com\/originals\/61\/6e\/33\/616e33fa849bedbc4dc35fec894ad446.jpg\" width=\"3872\" height=\"2592\" \/><\/p>\n<p>Maria Cristina di Francia, figlia di Enrico IV e di Maria de\u2019 Medici, fece costruire una maestosa villa su disegni del <strong>padre Andrea Costaguta<\/strong>, suo consigliere e teologo, che fu ultimata nel 1653. In realt\u00e0 l\u2019architetto abate ridimension\u00f2 la villa con un progetto meno monumentale e pi\u00f9 economico.<\/p>\n<figure style=\"width: 2807px\" class=\"wp-caption aligncenter\"><img decoding=\"async\" loading=\"lazy\" src=\"https:\/\/i.pinimg.com\/originals\/fc\/1c\/bd\/fc1cbd67f66cfba9f2bddbfa7c4eb470.jpg\" width=\"2807\" height=\"2288\" \/><figcaption class=\"wp-caption-text\">La villa ai tempi del sig. Abegg &#8211; da A. Pedrini, Ville dei sec XVII e XVIII in Piemonte, Dagnino, 1965<\/figcaption><\/figure>\n<p>Madama Reale vi trascorse dieci anni , tra feste, balletti e amori dei quali la reg\u00eca era di <strong>Filippo d\u2019Agli\u00e8<\/strong>, suo favorito, seguita da una schiera di cortigiani.<\/p>\n<p>L\u2019edificio \u00e8 di forma quadrata con tre piani di abitazione e ha un solo modestissimo fregio: un abbaino centrale e due comignoli; bello anche il portale e le cornici delle finestre. Vi lavorarono i migliori artisti dell\u2019epoca e cost\u00f2 250.000 lire.<\/p>\n<p><img decoding=\"async\" loading=\"lazy\" class=\"aligncenter size-medium\" src=\"https:\/\/i.pinimg.com\/originals\/c6\/13\/30\/c61330ed91f147ef0e312ea3732ce87a.jpg\" width=\"3872\" height=\"2592\" \/><\/p>\n<p>Esiste un inventario degli arredi, mobili e argenterie della villa, conservato all\u2019<strong>Archivio di Stato<\/strong> di Torino (Sez. I, mazzo 1,2,4). Gli arredi presentavano mobili, quadri, cornici, specchiere di artisti coevi del Piffetti.<\/p>\n<p><img decoding=\"async\" loading=\"lazy\" class=\"aligncenter size-medium\" src=\"https:\/\/i.pinimg.com\/originals\/2e\/53\/50\/2e5350cb61f94f0226d0af526a0169d8.jpg\" width=\"2592\" height=\"3872\" \/><\/p>\n<p>La villa pass\u00f2 poi ad altri membri della corte, morta madama Reale, che accolsero due favorite di Vittorio Amedeo II: la <strong>Contessa di Verrua<\/strong>, la quale pare fosse in realt\u00e0 una spia francese che spogli\u00f2 di denaro e trad\u00ec il Duca, \u00a0e la <strong>marchesa di Spigno<\/strong>. Questo sino al 1706, quando i Francesi\u00a0 devastarono le ville della collina e Vittorio Amedeo II vendette la villa all\u2019ospizio di Carit\u00e0, indi questa pass\u00f2 ai padri Missionari di San Vincenzo.<\/p>\n<p><img decoding=\"async\" loading=\"lazy\" class=\"aligncenter size-medium\" src=\"https:\/\/i.pinimg.com\/originals\/7f\/55\/f8\/7f55f8d8c402d76cf66f8c8ea569c9b3.jpg\" width=\"3872\" height=\"2592\" \/><\/p>\n<p>Nel 1769 si tenne nella villa con positivo risultato \u201c<em>lo sperimento dell\u2019inoculazione del vajiolo<\/em>\u201d: la scomparsa dall\u2019Europa del vaiolo \u00e8 stata una delle pi\u00f9 grandi vittorie della medicina.<\/p>\n<p>Nel 1798 il Piemonte divenne provincia francese, e nel 1808 vi si trasfer\u00ec <strong>Paolina Bonaparte<\/strong>, sorella di Napoleone e moglie di Camillo Borghese, governatore del Piemonte. Paolina non godette del favore della nobilt\u00e0 e presto se ne and\u00f2.<\/p>\n<p><img decoding=\"async\" loading=\"lazy\" class=\"aligncenter size-medium\" src=\"https:\/\/i.pinimg.com\/originals\/0c\/07\/be\/0c07be7eda4939cea11b2104d7e44001.jpg\" width=\"3872\" height=\"2592\" \/><\/p>\n<p>Tra vari successivi cambiamenti di propriet\u00e0 pass\u00f2 nel 1932 all\u2019industriale tessile sig. <strong>Werner Abegg<\/strong>.<\/p>\n<p>La propriet\u00e0 superficiale della villa e di parte del parco nell\u2019immediato circondario \u00e8 di <strong>Intesa San Paolo<\/strong> con l\u2019accordo di consegna dell\u2019intero cespite al Comune di Torino nel 2082. La Compagnia di San Paolo \u00e8 titolare, al momento, di un comodato gratuito per la gestione.<\/p>\n<p><img decoding=\"async\" loading=\"lazy\" class=\"aligncenter size-medium\" src=\"https:\/\/i.pinimg.com\/originals\/82\/4e\/bc\/824ebcf998d2b339dc327868f1aacb1d.jpg\" width=\"3872\" height=\"2592\" \/><\/p>\n<p>Colpisce il <strong>parco della villa<\/strong>, con una parte squisitamente barocca, una fontana con statua,\u00a0 giardini di bossi, piramidi in pietra, statue di cani e un\u2019altra zona con un romantico laghetto e prato all\u2019inglese, rose, serre, stagni. Una balconata dai ricami in ferro battuto guarda il parco dall\u2019alto e, alle spalle, uno squisito casino dal tetto in rame con doccioni a forma di serpente e maestosi tigli: questa parte del parco \u00e8 comunale.<\/p>\n<p><img decoding=\"async\" loading=\"lazy\" class=\"aligncenter size-medium\" src=\"https:\/\/i.pinimg.com\/originals\/9f\/b7\/20\/9fb7207b4ac10999ab05f865fa676fad.jpg\" width=\"3872\" height=\"2592\" \/><\/p>\n<p>Nel parco, ai tempi di <strong>madama Cristina<\/strong>, si allevavano cervi, camosci, gazzelle, caprioli, scimmie, cigni ,aquile, lupi, orsi: questo per stupire gli ospiti.<\/p>\n<p><img decoding=\"async\" loading=\"lazy\" class=\"aligncenter size-medium\" src=\"https:\/\/i.pinimg.com\/originals\/4f\/b3\/e9\/4fb3e92df4a530aa4da319287e65bd17.jpg\" width=\"2102\" height=\"1637\" \/><\/p>\n<p>La villa compare nel <strong><em>Theatrum Sabaudiae<\/em><\/strong>, sorta di album di rappresentanza nel quale i Savoia presentavano le loro regge in una luce fantasiosa, al di sopra della realt\u00e0 effettiva.<\/p>\n<figure style=\"width: 3872px\" class=\"wp-caption aligncenter\"><img decoding=\"async\" loading=\"lazy\" src=\"https:\/\/i.pinimg.com\/originals\/28\/be\/3e\/28be3e5b1b6c1353a84512b4c17e4a33.jpg\" width=\"3872\" height=\"2592\" \/><figcaption class=\"wp-caption-text\">Gio. T. Borgonio &#8211; 1670 &#8211; Theatrum Statuum Regiae Celsitudinis Sabaudiae Ducis &#8211; da R. Grigli\u00e8, Invito alla collina torinese, Viglongo, 1968<\/figcaption><\/figure>\n<p><em>Riferimenti bibliografici<\/em>:<\/p>\n<p>(testo desunto da A.Pedrini \u2013 <em>Ville dei secoli XVII e XVIII in \u00a0Pi<\/em>emonte \u2013 Rotocalco Dagnino 1965)<\/p>\n<p>Remo Grigli\u00e8 \u2013 <em>Invito alla collina torinese<\/em> \u2013 Viglongo 1968)<\/p>\n<p>Elisa Gribaudi Rossi \u2013 <em>La collina di Torino<\/em> \u2013 \u201cPiemonte Vivo \u201c CRT &#8211; 1983<\/p>\n<p><em>Nota<\/em>: le foto sono di <strong>Giovanni Dughera<\/strong> \u2013 soggette a copyright \u2013 per gentile concessione della Compagnia di San Paolo. La riproduzione di stampa e la foto dell\u2019epoca di Abegg sono desunte dal libro citato in didascalia.<\/p>\n<p><img decoding=\"async\" loading=\"lazy\" class=\"aligncenter size-medium\" src=\"https:\/\/i.pinimg.com\/originals\/23\/0b\/f6\/230bf6cbb7ad66b1d04c6a615130c1f8.jpg\" width=\"2592\" height=\"3872\" \/><\/p>\n","protected":false},"excerpt":{"rendered":"<p>Testo e foto di Giovanni Dughera Tra i colli di San Vito e il Colle della Maddalena, nella collina torinese, brilla per la&#8230;<\/p>\n","protected":false},"author":1,"featured_media":4209,"comment_status":"open","ping_status":"open","sticky":false,"template":"","format":"standard","meta":{"footnotes":""},"categories":[25,2321,14],"tags":[2229,1315,2226,2228,2231,2224,2225,1856,273,165,2232,1314,1902,2227,35,2230,29,2223,272],"_links":{"self":[{"href":"http:\/\/www.piemonteis.org\/index.php?rest_route=\/wp\/v2\/posts\/4208"}],"collection":[{"href":"http:\/\/www.piemonteis.org\/index.php?rest_route=\/wp\/v2\/posts"}],"about":[{"href":"http:\/\/www.piemonteis.org\/index.php?rest_route=\/wp\/v2\/types\/post"}],"author":[{"embeddable":true,"href":"http:\/\/www.piemonteis.org\/index.php?rest_route=\/wp\/v2\/users\/1"}],"replies":[{"embeddable":true,"href":"http:\/\/www.piemonteis.org\/index.php?rest_route=%2Fwp%2Fv2%2Fcomments&post=4208"}],"version-history":[{"count":2,"href":"http:\/\/www.piemonteis.org\/index.php?rest_route=\/wp\/v2\/posts\/4208\/revisions"}],"predecessor-version":[{"id":4213,"href":"http:\/\/www.piemonteis.org\/index.php?rest_route=\/wp\/v2\/posts\/4208\/revisions\/4213"}],"wp:featuredmedia":[{"embeddable":true,"href":"http:\/\/www.piemonteis.org\/index.php?rest_route=\/wp\/v2\/media\/4209"}],"wp:attachment":[{"href":"http:\/\/www.piemonteis.org\/index.php?rest_route=%2Fwp%2Fv2%2Fmedia&parent=4208"}],"wp:term":[{"taxonomy":"category","embeddable":true,"href":"http:\/\/www.piemonteis.org\/index.php?rest_route=%2Fwp%2Fv2%2Fcategories&post=4208"},{"taxonomy":"post_tag","embeddable":true,"href":"http:\/\/www.piemonteis.org\/index.php?rest_route=%2Fwp%2Fv2%2Ftags&post=4208"}],"curies":[{"name":"wp","href":"https:\/\/api.w.org\/{rel}","templated":true}]}}