{"id":4250,"date":"2018-09-27T17:09:17","date_gmt":"2018-09-27T17:09:17","guid":{"rendered":"http:\/\/www.piemonteis.org\/?p=4250"},"modified":"2018-12-02T17:02:17","modified_gmt":"2018-12-02T17:02:17","slug":"1997-2018-rinasce-la-cappella-della-sacra-sindone","status":"publish","type":"post","link":"http:\/\/www.piemonteis.org\/?p=4250","title":{"rendered":"1997-2018: rinasce la cappella della Sacra Sindone"},"content":{"rendered":"<p>Di: <strong><em>Giorgio Enrico Cavallo<\/em><\/strong><\/p>\n<p>Rinasce la <strong>cappella della Sacra Sindone<\/strong> di Torino. L\u2019opera somma dell\u2019architetto <strong>Guarino Guarini<\/strong> \u00e8 stata inaugurata ieri, alla presenza del ministro ai beni e alle attivit\u00e0 culturali Alberto Bonisoli, dell\u2019arcivescovo di Torino Cesare Nosiglia, del presidente della Regione Piemonte Sergio Chiamparino, del sindaco di Torino Chiara Appendino e della direttrice dei Musei Reali Enrica Pagella.<\/p>\n<p><img decoding=\"async\" loading=\"lazy\" class=\"aligncenter size-medium\" src=\"https:\/\/i.pinimg.com\/originals\/cd\/60\/99\/cd6099d456adff9c1d29e40582f89e9c.jpg\" width=\"960\" height=\"960\" \/><\/p>\n<p>Un\u2019intera generazione non ha mai messo piede nella cappella della Sindone. Era l\u201911 aprile 1997 quando nella cupola del Guarini scoppiava un <strong>violento incendio<\/strong>, che trasformava un inestimabile gioiello dell\u2019arte barocca in un tizzone ardente. La fiaccola che arse per una notte intera rischiava di distruggere per sempre non soltanto il capolavoro del Guarini, ma anche il duomo di Torino, palazzo Reale e naturalmente la Sacra Sindone, che \u00e8 stata trasportata fuori dalla cattedrale quando tutto minacciava di crollare. L\u2019eroismo dei vigili del fuoco, quella notte, fu encomiabile e ci ha permesso di avere ancora con noi l\u2019<strong>enigmatica reliquia<\/strong> di Torino.<\/p>\n<figure style=\"width: 720px\" class=\"wp-caption alignright\"><img decoding=\"async\" loading=\"lazy\" src=\"https:\/\/i.pinimg.com\/originals\/a9\/4e\/72\/a94e720df24059443b8b3bb4eab4ad99.jpg\" width=\"720\" height=\"960\" \/><figcaption class=\"wp-caption-text\">ph Andrea Coda<\/figcaption><\/figure>\n<p>Finalmente, dopo 21 anni di attesa, la cupola del Guarini \u00e8 tornata all\u2019antico splendore, grazie ad un restauro spettacolare, attento in ogni dettaglio, compresa la scelta dei materiali: \u00e8 stata, per l\u2019occasione, riaperta la <strong>cava di Frabosa Soprana<\/strong>, dalla quale provenivano i marmi utilizzati dall\u2019architetto teatino per realizzare il suo ardito progetto.<\/p>\n<p>\u00ab<em>Un\u2019opera che non ha confronti nell\u2019esperienza della cultura occidentale<\/em>\u00bb, l\u2019ha definita la direttrice Enrica Pagella, ed effettivamente ha ragione: la cappella della Sindone \u00e8 unica e rappresenta un <strong>tesoro inestimabile<\/strong>, del quale la citt\u00e0 si \u00e8 finalmente riappropriata. I torinesi potranno visitarla, fino a domenica, al prezzo speciale di 3 euro; dopodich\u00e9 la cappella sar\u00e0 resa parte integrante del percorso di visita dei Musei Reali di Torino.<\/p>\n<figure style=\"width: 564px\" class=\"wp-caption aligncenter\"><img decoding=\"async\" loading=\"lazy\" src=\"https:\/\/i.pinimg.com\/564x\/24\/4d\/62\/244d621daeaa758dda7776f576a51716.jpg\" width=\"564\" height=\"752\" \/><figcaption class=\"wp-caption-text\">ph Andrea Coda<\/figcaption><\/figure>\n<p><em>\u00ab\u00c8 una giornata di grande emozione<\/em> \u2013 ha osservato il ministro Bonisoli \u2013 <em>dopo oltre vent\u2019anni la Cappella della Sindone viene restituita alla citt\u00e0 di Torino, all\u2019Italia e al mondo in tutto il suo splendore. Desidero ringraziare tutti i coloro \u2013 tra restauratori, architetti, ingegneri e tecnici \u2013 che in questi lunghi anni hanno lavorato per il recupero di questa straordinaria opera di architettura barocca di Guarino Guarini<\/em>\u00bb.<\/p>\n<p>Il restauro, comunque, \u00e8 ancora da finire: i visitatori che ammireranno la cappella nei prossimi giorni noteranno che al suo centro \u00e8 ancora incompiuto il restauro dell\u2019<strong>altare del Bertola<\/strong>, che sar\u00e0 completato nei prossimi mesi. Allo stato attuale, esso rappresenta una memoria del devastante incendio e fa ben comprendere il lavoro certosino di questi anni.<\/p>\n","protected":false},"excerpt":{"rendered":"<p>Di: Giorgio Enrico Cavallo Rinasce la cappella della Sacra Sindone di Torino. L\u2019opera somma dell\u2019architetto Guarino Guarini \u00e8 stata inaugurata ieri, alla presenza&#8230;<\/p>\n","protected":false},"author":83,"featured_media":4251,"comment_status":"open","ping_status":"open","sticky":false,"template":"","format":"standard","meta":{"footnotes":""},"categories":[16,2321,69,679,5,284],"tags":[2277,2279,2278,35,393,29],"_links":{"self":[{"href":"http:\/\/www.piemonteis.org\/index.php?rest_route=\/wp\/v2\/posts\/4250"}],"collection":[{"href":"http:\/\/www.piemonteis.org\/index.php?rest_route=\/wp\/v2\/posts"}],"about":[{"href":"http:\/\/www.piemonteis.org\/index.php?rest_route=\/wp\/v2\/types\/post"}],"author":[{"embeddable":true,"href":"http:\/\/www.piemonteis.org\/index.php?rest_route=\/wp\/v2\/users\/83"}],"replies":[{"embeddable":true,"href":"http:\/\/www.piemonteis.org\/index.php?rest_route=%2Fwp%2Fv2%2Fcomments&post=4250"}],"version-history":[{"count":6,"href":"http:\/\/www.piemonteis.org\/index.php?rest_route=\/wp\/v2\/posts\/4250\/revisions"}],"predecessor-version":[{"id":4263,"href":"http:\/\/www.piemonteis.org\/index.php?rest_route=\/wp\/v2\/posts\/4250\/revisions\/4263"}],"wp:featuredmedia":[{"embeddable":true,"href":"http:\/\/www.piemonteis.org\/index.php?rest_route=\/wp\/v2\/media\/4251"}],"wp:attachment":[{"href":"http:\/\/www.piemonteis.org\/index.php?rest_route=%2Fwp%2Fv2%2Fmedia&parent=4250"}],"wp:term":[{"taxonomy":"category","embeddable":true,"href":"http:\/\/www.piemonteis.org\/index.php?rest_route=%2Fwp%2Fv2%2Fcategories&post=4250"},{"taxonomy":"post_tag","embeddable":true,"href":"http:\/\/www.piemonteis.org\/index.php?rest_route=%2Fwp%2Fv2%2Ftags&post=4250"}],"curies":[{"name":"wp","href":"https:\/\/api.w.org\/{rel}","templated":true}]}}