{"id":5046,"date":"2020-07-23T14:29:34","date_gmt":"2020-07-23T14:29:34","guid":{"rendered":"http:\/\/www.piemonteis.org\/?p=5046"},"modified":"2020-07-23T14:34:40","modified_gmt":"2020-07-23T14:34:40","slug":"piemonte-in-video-mondovi-citta-darte-e-di-storia","status":"publish","type":"post","link":"http:\/\/www.piemonteis.org\/?p=5046","title":{"rendered":"Piemonte in video: Mondov\u00ec, citt\u00e0 d&#8217;arte e di storia"},"content":{"rendered":"\n<p>di Redazione<\/p>\n\n\n\n<p>La citt\u00e0 di <strong>Mondov\u00ec<\/strong> (\u00cbl Mondv\u00ec in piemontese), fondata alla fine del XII secolo con la titolatura di &#8220;Mons Regalis&#8221; (Monte Regale) dall&#8217;aggregazione in un unico centro abitato di pi\u00f9 villaggi preesistenti, acquis\u00ec crescente importanza economica e politica a partire dalla seconda met\u00e0 del XIV secolo tanto da assurgere nel 1388 al rango di &#8220;civitas&#8221; (sede di cattedra vescovile), formalmente riconosciuto da papa Urbano VI, e da guadagnarsi nello stesso periodo la palma di citt\u00e0 con il tasso di incremento demografico pi\u00f9 alto di tutto il Piemonte.<\/p>\n\n\n\n<figure class=\"wp-block-embed-youtube wp-block-embed is-type-video is-provider-youtube wp-embed-aspect-16-9 wp-has-aspect-ratio\"><div class=\"wp-block-embed__wrapper\">\n<iframe loading=\"lazy\" width=\"640\" height=\"360\" src=\"https:\/\/www.youtube.com\/embed\/lmPijM-RaCk?feature=oembed\" frameborder=\"0\" allow=\"accelerometer; autoplay; encrypted-media; gyroscope; picture-in-picture\" allowfullscreen><\/iframe>\n<\/div><\/figure>\n\n\n\n<p><br>Ricordiamo, tra i primati monregalesi, che qui si pubblic\u00f2 nel 1472 il <strong>primo libro <\/strong>con data impressa certa stampato in Piemonte con la tecnica dei caratteri mobili introdotta in Europa nel 1455 dal tedesco Gutenberg e che, attorno alla plurisecolare tradizione locale nelle arti tipografiche, si \u00e8 costruito il notevole <strong>Museo Civico della Stampa<\/strong>, che espone la pi\u00f9 importante collezione pubblica italiana di attrezzature e macchine per la stampa.<\/p>\n\n\n\n<p>Numerosi sono i monumenti architettonici e artistici che testimoniano l&#8217;importante ruolo di Mondov\u00ec nella storia del Piemonte, risalenti in particolare al tardo Medioevo (secoli XIV e XV) e al Settecento, quando il fervore edilizio che interess\u00f2 la citt\u00e0 ne riplasm\u00f2 in parte il volto, grazie all&#8217;intervento di grandi architetti sabaudi come <strong>Francesco Gallo<\/strong>. <\/p>\n\n\n\n<div class=\"wp-block-image\"><figure class=\"aligncenter\"><img decoding=\"async\" src=\"https:\/\/i.pinimg.com\/originals\/f2\/9b\/6c\/f29b6cc7dbb5edbdb049f781bd6d08f2.jpg\" alt=\"\"\/><figcaption>Veduta della torre dei Bressani o torre civica del Belvedere &#8211; ph ufficio turistico del comune di Mondov\u00ec<\/figcaption><\/figure><\/div>\n","protected":false},"excerpt":{"rendered":"<p>di Redazione La citt\u00e0 di Mondov\u00ec (\u00cbl Mondv\u00ec in piemontese), fondata alla fine del XII secolo con la titolatura di &#8220;Mons Regalis&#8221; (Monte&#8230;<\/p>\n","protected":false},"author":1,"featured_media":5050,"comment_status":"closed","ping_status":"open","sticky":false,"template":"","format":"standard","meta":{"footnotes":""},"categories":[2321,14,2783],"tags":[2873,2881,2871,2880,2868,2874,2875,741,2866,2864,2865,2872,2877,2879,2870,2869,2876,2878,2867],"_links":{"self":[{"href":"http:\/\/www.piemonteis.org\/index.php?rest_route=\/wp\/v2\/posts\/5046"}],"collection":[{"href":"http:\/\/www.piemonteis.org\/index.php?rest_route=\/wp\/v2\/posts"}],"about":[{"href":"http:\/\/www.piemonteis.org\/index.php?rest_route=\/wp\/v2\/types\/post"}],"author":[{"embeddable":true,"href":"http:\/\/www.piemonteis.org\/index.php?rest_route=\/wp\/v2\/users\/1"}],"replies":[{"embeddable":true,"href":"http:\/\/www.piemonteis.org\/index.php?rest_route=%2Fwp%2Fv2%2Fcomments&post=5046"}],"version-history":[{"count":2,"href":"http:\/\/www.piemonteis.org\/index.php?rest_route=\/wp\/v2\/posts\/5046\/revisions"}],"predecessor-version":[{"id":5051,"href":"http:\/\/www.piemonteis.org\/index.php?rest_route=\/wp\/v2\/posts\/5046\/revisions\/5051"}],"wp:featuredmedia":[{"embeddable":true,"href":"http:\/\/www.piemonteis.org\/index.php?rest_route=\/wp\/v2\/media\/5050"}],"wp:attachment":[{"href":"http:\/\/www.piemonteis.org\/index.php?rest_route=%2Fwp%2Fv2%2Fmedia&parent=5046"}],"wp:term":[{"taxonomy":"category","embeddable":true,"href":"http:\/\/www.piemonteis.org\/index.php?rest_route=%2Fwp%2Fv2%2Fcategories&post=5046"},{"taxonomy":"post_tag","embeddable":true,"href":"http:\/\/www.piemonteis.org\/index.php?rest_route=%2Fwp%2Fv2%2Ftags&post=5046"}],"curies":[{"name":"wp","href":"https:\/\/api.w.org\/{rel}","templated":true}]}}