{"id":6683,"date":"2023-05-11T15:43:52","date_gmt":"2023-05-11T15:43:52","guid":{"rendered":"https:\/\/www.piemonteis.org\/?p=6683"},"modified":"2023-05-11T15:43:53","modified_gmt":"2023-05-11T15:43:53","slug":"venerdi-12-maggio-a-pianezza-si-festeggia-san-pancrazio-con-la-nuova-illuminazione-del-santuario","status":"publish","type":"post","link":"http:\/\/www.piemonteis.org\/?p=6683","title":{"rendered":"Venerd\u00ec 12 maggio a Pianezza si festeggia San Pancrazio con la nuova illuminazione del santuario"},"content":{"rendered":"\n<p>Venerd\u00ec 12 maggio a&nbsp;<strong>Pianezza (To)<\/strong>&nbsp;si torner\u00e0 a celebrare, come da antica tradizione, la&nbsp;<strong>festa di San Pancrazio<\/strong>, legata alla plurisecolare presenza in citt\u00e0 del celebre santuario dedicato al martire che, nativo della Frigia nell\u2019Anatolia occidentale, trov\u00f2 la morte a Roma nel 304 d.C., vittima delle persecuzioni anti-cristiane volute dall\u2019imperatore Diocleziano.<\/p>\n\n\n\n<figure class=\"wp-block-image\"><img decoding=\"async\" src=\"https:\/\/www.piemontetopnews.it\/wp-content\/uploads\/2023\/05\/20160602_095719-1024x576.jpg\" alt=\"\" class=\"wp-image-67644\"\/><figcaption>Il maestoso interno del santuario di San Pancrazio.<\/figcaption><\/figure>\n\n\n\n<p>In occasione della festa, che vedr\u00e0 la partecipazione dell\u2019arcivescovo di Torino, Roberto Repole, \u00e8 prevista l\u2019inaugurazione del nuovo impianto di illuminazione del santuario di San Pancrazio, finanziato dalla Delegazione \u201cPiemonte e Stati di Savoia\u201d del movimento culturale&nbsp;<strong>\u201cCroce Reale \u2013 Rinnovamento nella Tradizione\u201d,<\/strong>&nbsp;che ha voluto cos\u00ec rendere omaggio alla grande devozione dei cittadini pianezzesi per il santo martire, molto venerato in tutti i territori degli antichi Stati Sabaudi per i suoi poteri taumaturgici.<\/p>\n\n\n\n<p>\u201c<em>Il nostro impegno per il santuario di Pianezza<\/em>\u201d, sottolinea<strong>&nbsp;Fabrizio Giampaolo Nucera<\/strong>, presidente del movimento Croce Reale, \u201c<em>non si limita alla sola installazione delle nuove luci, necessaria per dare il giusto risalto al complesso sacro e alla sua bellezza architettonica, ma si estender\u00e0 nel tempo, assicurando la costante manutenzione dell\u2019impianto\u201d. &nbsp;&nbsp;<\/em><\/p>\n\n\n\n<figure class=\"wp-block-image\"><img decoding=\"async\" src=\"https:\/\/www.piemontetopnews.it\/wp-content\/uploads\/2023\/05\/20160602_095246-1024x576.jpg\" alt=\"\" class=\"wp-image-67645\"\/><figcaption>L\u2019ingresso del santuario con il quadriportico.<\/figcaption><\/figure>\n\n\n\n<p>Il&nbsp;<strong>santuario di San Pancrazio<\/strong>&nbsp;venne fondato intorno alla met\u00e0 del Seicento, negli anni successivi alla cosiddetta \u201cGuerra civile piemontese\u201d tra madamisti (sostenitori di Cristina di Francia, prima Madama Reale) e principisti (sostenitori dei cognati della Madama Reale e della Spagna) per volere di&nbsp;<strong>Giacinto Simiana<\/strong>, marchese di Pianezza, che lo volle edificare nel luogo dove, il 12 maggio 1450, s\u2019era verificata una guarigione prodigiosa ricordata come il \u201c<strong>miracolo Casella<\/strong>\u201d, di cui fu protagonista, secondo le testimonianze dell\u2019epoca, la moglie di un contadino locale, inavvertitamente ferita in modo grave dal marito durante i lavori nei campi e in seguito guarita per l\u2019intercessione di San Pancrazio.<\/p>\n\n\n\n<figure class=\"wp-block-image\"><img decoding=\"async\" src=\"https:\/\/www.piemontetopnews.it\/wp-content\/uploads\/2023\/05\/20160602_100454-1024x576.jpg\" alt=\"\" class=\"wp-image-67646\"\/><figcaption>Nella cripta del santuario si conserva una delle pi\u00f9 grandi raccolte di ex voto del Piemonte.<\/figcaption><\/figure>\n\n\n\n<p>Nel campo dove era avvenuto il miracolo, in adempimento della solenne promessa fatta dal contadino al santo che gli era apparso, si provvide alla costruzione di un&nbsp;<strong>pilone votivo<\/strong>&nbsp;dedicato al martire Pancrazio, rappresentato, secondo i canoni dell\u2019iconografia classica, con la palma del martirio e le vesti del militare romano (bench\u00e9 egli non fosse un soldato, ma forse con riferimento all\u2019origine del nome, \u201cpancrazio\u201d, che nell\u2019antica Gracia indicava una disciplina sportiva consistente in un misto di lotta e pugilato).<\/p>\n\n\n\n<p>La fama del miracolo, e di altri fatti prodigiosi avvenuti in loco, aliment\u00f2 il&nbsp;<strong>culto di San Pancrazio<\/strong>, attirando nel territorio di Pianezza un numero crescente di devoti, in cerca di conforto alle afflizioni dello spirito e di sollievo ai mali fisici. Il fervore devozionale, potenziatosi negli anni, indusse il&nbsp;<strong>marchese Simiana<\/strong>&nbsp;a farsi promotore della costruzione di un santuario con annesso convento che, inglobando l\u2019antico \u201cpilone dei Casella\u201d, venne affidato alle cure degli Agostiniani di San Carlo di Torino. Il marchese s\u2019incaric\u00f2 di farvi deporre un\u2019importante reliquia del santo martire, giunta appositamente da Roma e sistemata sotto l\u2019altare. &nbsp;&nbsp;<\/p>\n\n\n\n<figure class=\"wp-block-image\"><img decoding=\"async\" src=\"https:\/\/www.piemontetopnews.it\/wp-content\/uploads\/2023\/05\/Pianezza-1-1024x576.jpg\" alt=\"\" class=\"wp-image-67648\"\/><figcaption>Sopra l\u2019altare della Cappella del Miracolo campeggia l\u2019affresco raffigurante l\u2019apparizione di San Pancrazio nel 1450.<\/figcaption><\/figure>\n\n\n\n<p>L\u2019edificio attuale, che s\u2019impone alla vista di pianezzesi e visitatori per il suo aspetto monumentale, modellato secondo il gusto eclettico, in forme neo-gotiche con richiami all\u2019architettura toscana rinascimentale, non corrisponde, per\u00f2, al complesso architettonico barocco voluto dal marchese Simiana, ma \u00e8 invece&nbsp;<strong>il frutto di un nuovo cantiere<\/strong>, avviato nel 1919, ma conclusosi solo, almeno nelle parti essenziali, nel 1953.<\/p>\n\n\n\n<p>La nuova chiesa santuariale, preceduta da un arioso quadriportico che cinge l\u2019ingresso a somiglianza delle chiese paleocristiane, prese forma in adempimento di un altro voto, questa volta fatto dai&nbsp;<strong>Padri Passionisti,<\/strong>&nbsp;che nel 1886, per porre rimedio al lungo declino iniziato con le soppressioni napoleoniche del primo Ottocento e proseguito con gli espropri imposti dalla legge Rattazzi del 1855, s\u2019erano insediati nel santuario di Pianezza per farlo rinascere a nuova vita.<\/p>\n","protected":false},"excerpt":{"rendered":"<p>Venerd\u00ec 12 maggio a&nbsp;Pianezza (To)&nbsp;si torner\u00e0 a celebrare, come da antica tradizione, la&nbsp;festa di San Pancrazio, legata alla plurisecolare presenza in citt\u00e0 del&#8230;<\/p>\n","protected":false},"author":1,"featured_media":6684,"comment_status":"closed","ping_status":"open","sticky":false,"template":"","format":"standard","meta":{"footnotes":""},"categories":[16,26,295,294,77,27,241],"tags":[2393,4323,4325,4006,4321,4322,4326,3915,3764,737,4328,4324,3672,157,1518,4320,256,4327,2904],"_links":{"self":[{"href":"http:\/\/www.piemonteis.org\/index.php?rest_route=\/wp\/v2\/posts\/6683"}],"collection":[{"href":"http:\/\/www.piemonteis.org\/index.php?rest_route=\/wp\/v2\/posts"}],"about":[{"href":"http:\/\/www.piemonteis.org\/index.php?rest_route=\/wp\/v2\/types\/post"}],"author":[{"embeddable":true,"href":"http:\/\/www.piemonteis.org\/index.php?rest_route=\/wp\/v2\/users\/1"}],"replies":[{"embeddable":true,"href":"http:\/\/www.piemonteis.org\/index.php?rest_route=%2Fwp%2Fv2%2Fcomments&post=6683"}],"version-history":[{"count":1,"href":"http:\/\/www.piemonteis.org\/index.php?rest_route=\/wp\/v2\/posts\/6683\/revisions"}],"predecessor-version":[{"id":6685,"href":"http:\/\/www.piemonteis.org\/index.php?rest_route=\/wp\/v2\/posts\/6683\/revisions\/6685"}],"wp:featuredmedia":[{"embeddable":true,"href":"http:\/\/www.piemonteis.org\/index.php?rest_route=\/wp\/v2\/media\/6684"}],"wp:attachment":[{"href":"http:\/\/www.piemonteis.org\/index.php?rest_route=%2Fwp%2Fv2%2Fmedia&parent=6683"}],"wp:term":[{"taxonomy":"category","embeddable":true,"href":"http:\/\/www.piemonteis.org\/index.php?rest_route=%2Fwp%2Fv2%2Fcategories&post=6683"},{"taxonomy":"post_tag","embeddable":true,"href":"http:\/\/www.piemonteis.org\/index.php?rest_route=%2Fwp%2Fv2%2Ftags&post=6683"}],"curies":[{"name":"wp","href":"https:\/\/api.w.org\/{rel}","templated":true}]}}