{"id":7281,"date":"2024-02-09T11:15:02","date_gmt":"2024-02-09T11:15:02","guid":{"rendered":"https:\/\/www.piemonteis.org\/?p=7281"},"modified":"2024-02-09T11:15:12","modified_gmt":"2024-02-09T11:15:12","slug":"revigliasco-la-parrocchia-di-san-martino-vescovo-nel-nuovo-libro-di-mariacristina-colli","status":"publish","type":"post","link":"http:\/\/www.piemonteis.org\/?p=7281","title":{"rendered":"Revigliasco, la parrocchia di San Martino Vescovo nel nuovo libro di Mariacristina Colli"},"content":{"rendered":"\n<p>di Paolo Barosso<\/p>\n\n\n\n<p>Mercoled\u00ec 14 febbraio alle ore 17.30, presso la Biblioteca Civica \u201cAntonio Arduino\u201d di Moncalieri, verr\u00e0 presentata la nuova pubblicazione della storica d\u2019arte&nbsp;<strong>Mariacristina Colli<\/strong>&nbsp;dal titolo \u201c<strong><em>Sotto il mantello di Martino. La chiesa parrocchiale di San Martino Vescovo in Revigliasco Torinese. 1620-2020<\/em><\/strong>\u201d.<\/p>\n\n\n\n<figure class=\"wp-block-image\"><img decoding=\"async\" src=\"https:\/\/www.piemontetopnews.it\/wp-content\/uploads\/2024\/02\/img012.jpg\" alt=\"\" class=\"wp-image-74077\"\/><\/figure>\n\n\n\n<p>L\u2019opera, pubblicata per i tipi di Casa Editrice EDITO con progetto grafico e impaginazione di Dario Perotti (Artefacta), ricostruisce&nbsp;<strong>le vicende storiche e costruttive della chiesa parrocchiale di Revigliasco<\/strong>, dedicata a San Martino.<\/p>\n\n\n\n<p>Posto su un colle a sud-est di Torino, al confine con gli insediamenti di Pecetto, Trofarello e Moncalieri, l\u2019abitato di Revigliasco \u00e8 oggi noto come la \u201c<strong>Riviera di Torino<\/strong>\u201d, felice definizione delle attrattive naturalistiche e climatiche del luogo, coniata dal barone Amerigo Sagna che, scegliendola come residenza e sede della sua prestigiosa attivit\u00e0 imprenditoriale, contribu\u00ec a trasformare un antico e prospero borgo rurale in una diffusa realt\u00e0 insediativa di&nbsp;<strong>consolidato prestigio sociale.<\/strong><\/p>\n\n\n\n<figure class=\"wp-block-image\"><img decoding=\"async\" src=\"https:\/\/www.piemontetopnews.it\/wp-content\/uploads\/2024\/02\/IMG_2418-768x1024.jpg\" alt=\"\" class=\"wp-image-74079\"\/><\/figure>\n\n\n\n<p>Se l\u2019abitato storico ha mantenuto pressoch\u00e9 intatta la&nbsp;<strong>conformazione urbanistica<\/strong>&nbsp;nota sin dai catasti sabaudi settecenteschi, composta da edifici religiosi, ville signorili di villeggianti e dignitose abitazioni con rustici annessi, a partire dagli anni \u201960 del Novecento la lottizzazione della collina, in particolare della parte del Redentore, ha trasformato un territorio dedicato alla coltivazione della vite, degli alberi da frutto (in particolare ciliegie), dello zafferano e alla bachicoltura in&nbsp;<strong>zona residenziale di pregio<\/strong>, ambita dai torinesi in cerca di natura e tranquillit\u00e0.<\/p>\n\n\n\n<p>Ma Revigliasco \u00e8 anche un centro&nbsp;<strong>dalla storia plurisecolare<\/strong>: il primo documento noto che ne attesta l\u2019esistenza risale al 6 marzo 1163 e testimonia il possesso feudale dei Marchesi di Romagnano, nell\u2019orbita politica ed economica del potente&nbsp;<strong>comune di Chieri<\/strong>.<\/p>\n\n\n\n<figure class=\"wp-block-image\"><img decoding=\"async\" src=\"https:\/\/www.piemontetopnews.it\/wp-content\/uploads\/2024\/02\/01-1017x1024.jpg\" alt=\"\" class=\"wp-image-74080\"\/><\/figure>\n\n\n\n<p>Nel 2020, in occasione dei&nbsp;<strong>400 anni dalla fondazione della nuova parrocchiale<\/strong>, si progett\u00f2 una mostra a cura di Mariacristina Colli che, a causa delle restrizioni imposte nel periodo pandemico, fu presentata al pubblico nell\u2019autunno del 2021.<\/p>\n\n\n\n<p>&nbsp;L\u2019esposizione, allestita nei locali della Parrocchia, svel\u00f2 al pubblico&nbsp;<strong>documenti archivistici, fotografie, dipinti, statue, libri antichi e paramenti sacri<\/strong>. All\u2019interno della parrocchiale furono inoltre collocati dei pannelli esplicativi che accompagnano il visitatore alla scoperta della&nbsp;<strong>storia architettonica e artistica<\/strong>&nbsp;di questo edificio.<\/p>\n\n\n\n<p>Nell\u2019autunno del 2023, in occasioni dei festeggiamenti di San Martino, \u00e8 stato presentato il catalogo, sempre a cura di Mariacristina Colli, ampliato nei contenuti, con prefazioni a cura del parroco&nbsp;<strong>Don Roberto Gottero<\/strong>, dell\u2019Assessore alla Cultura del Comune di Moncalieri Laura Pompeo, del Presidente della Proloco di Revigliasco Marino Briccarello e del Professore e membro del coll\u00e8ge de France Carlo Ossola. Le fotografie che illustrano il testo, e che permettono al lettore di ammirare visivamente la ricchezza religiosa, storica e artistica di questo edificio, sono di Piero Ferroglio, Mariacristina Colli e Sofia Parlatore.<\/p>\n\n\n\n<figure class=\"wp-block-image\"><img decoding=\"async\" src=\"https:\/\/www.piemontetopnews.it\/wp-content\/uploads\/2024\/02\/03-727x1024.jpg\" alt=\"\" class=\"wp-image-74081\"\/><\/figure>\n\n\n\n<p>La presentazione del testo di&nbsp;<strong>Mariacristina Colli<\/strong>, in programma il 14 febbraio, avverr\u00e0 alla presenza dell\u2019autrice e con l\u2019introduzione di Laura Pompeo, assessore alla Cultura e alle Pari Opportunit\u00e0 della Citt\u00e0 di Moncalieri.<\/p>\n\n\n\n<p><strong>Paolo&nbsp;<\/strong><\/p>\n","protected":false},"excerpt":{"rendered":"<p>In libreria la pubblicazione di Mariacristina Colli su arte e storia della parrocchia di San Martino Vescovo a Revigliasco.<\/p>\n","protected":false},"author":1,"featured_media":7283,"comment_status":"closed","ping_status":"open","sticky":false,"template":"","format":"standard","meta":{"footnotes":""},"categories":[26,2321,495,10,27],"tags":[4244],"_links":{"self":[{"href":"http:\/\/www.piemonteis.org\/index.php?rest_route=\/wp\/v2\/posts\/7281"}],"collection":[{"href":"http:\/\/www.piemonteis.org\/index.php?rest_route=\/wp\/v2\/posts"}],"about":[{"href":"http:\/\/www.piemonteis.org\/index.php?rest_route=\/wp\/v2\/types\/post"}],"author":[{"embeddable":true,"href":"http:\/\/www.piemonteis.org\/index.php?rest_route=\/wp\/v2\/users\/1"}],"replies":[{"embeddable":true,"href":"http:\/\/www.piemonteis.org\/index.php?rest_route=%2Fwp%2Fv2%2Fcomments&post=7281"}],"version-history":[{"count":1,"href":"http:\/\/www.piemonteis.org\/index.php?rest_route=\/wp\/v2\/posts\/7281\/revisions"}],"predecessor-version":[{"id":7284,"href":"http:\/\/www.piemonteis.org\/index.php?rest_route=\/wp\/v2\/posts\/7281\/revisions\/7284"}],"wp:featuredmedia":[{"embeddable":true,"href":"http:\/\/www.piemonteis.org\/index.php?rest_route=\/wp\/v2\/media\/7283"}],"wp:attachment":[{"href":"http:\/\/www.piemonteis.org\/index.php?rest_route=%2Fwp%2Fv2%2Fmedia&parent=7281"}],"wp:term":[{"taxonomy":"category","embeddable":true,"href":"http:\/\/www.piemonteis.org\/index.php?rest_route=%2Fwp%2Fv2%2Fcategories&post=7281"},{"taxonomy":"post_tag","embeddable":true,"href":"http:\/\/www.piemonteis.org\/index.php?rest_route=%2Fwp%2Fv2%2Ftags&post=7281"}],"curies":[{"name":"wp","href":"https:\/\/api.w.org\/{rel}","templated":true}]}}