{"id":7503,"date":"2025-03-21T09:14:39","date_gmt":"2025-03-21T09:14:39","guid":{"rendered":"https:\/\/www.piemonteis.org\/?p=7503"},"modified":"2025-03-21T09:19:26","modified_gmt":"2025-03-21T09:19:26","slug":"aglie-in-lizza-per-il-piemonte-a-il-borgo-dei-borghi","status":"publish","type":"post","link":"http:\/\/www.piemonteis.org\/?p=7503","title":{"rendered":"Agli\u00e8 in lizza per il Piemonte a &#8220;Il Borgo dei Borghi&#8221;"},"content":{"rendered":"\n<p>di Redazione<\/p>\n\n\n\n<p>Una terra suggestiva, immersa nel verde, tra dimore storiche, poesia e profumi dei suoi vigneti.<\/p>\n\n\n\n<p><strong>Il Comune di Agli\u00e8, nelle terre del Canavese, <\/strong>\u00e8 stato scelto dal famoso concorso<strong> \u201cIl Borgo dei Borghi\u201d <\/strong>del programma RAI&nbsp;<em>Kilimangiaro<\/em>&nbsp;come uno dei 20 borghi pi\u00f9 belli d\u2019Italia che si contenderanno<strong> l\u2019ambito titolo per il 2025.<\/strong><\/p>\n\n\n\n<p>Un importante riconoscimento per il comune piemontese, unico selezionato della regione, che si \u00e8 distinto per la presenza di un patrimonio storico, artistico e culturale che, ogni anno, attira turisti nei suoi suggestivi vicoli e sentieri naturalistici.<strong>&nbsp;Per sostenere Agli\u00e8 come vincitore, sar\u00e0 possibile votare sul sito di RaiPlay al link&nbsp;<\/strong><a href=\"https:\/\/gdgpress.voxmail.it\/nl\/pvwqdx\/hnnc40\/kb5yfm\/ut\/1\/aHR0cDovL3d3dy5yYWlwbGF5Lml0L2JvcmdvZGVpYm9yZ2hp?_d=A2J&amp;_c=f9901620\" target=\"_blank\" rel=\"noreferrer noopener\"><strong>www.raiplay.it\/borgodeiborghi<\/strong><\/a>.&nbsp;<strong>Il link&nbsp;sar\u00e0 attivo&nbsp;dalle ore 19:00 del 23 marzo fino alle ore 23:59 del 6 aprile.<\/strong><\/p>\n\n\n<div class=\"wp-block-image\">\n<figure class=\"aligncenter size-full\"><img decoding=\"async\" src=\"https:\/\/www.lambello.org\/wp-content\/uploads\/2025\/03\/1-bis-Facciata-scaled.jpg\" alt=\"Agli\u00e8\" class=\"wp-image-6311\"\/><figcaption class=\"wp-element-caption\"><em>Il Castello Ducale di Agli\u00e8 &#8211; ph Giovanni Dughera.<\/em><\/figcaption><\/figure><\/div>\n\n\n<p>La bellezza di Agli\u00e8 \u00e8 racchiusa nei suoi piccoli ma preziosi dettagli che lo rendono uno dei centri pi\u00f9 affascinanti del Canavese e del Piemonte.&nbsp;Ci sono le dimore storiche, una su tutte il&nbsp;<strong>Castello Ducale di Agli\u00e8<\/strong>, tra le perle delle<strong>&nbsp;Residenze Reali Sabaude<\/strong>, protagonista delle&nbsp;<em>Camminate Reali<\/em>&nbsp;proposte dall\u2019evento&nbsp;<strong>#<\/strong><em><strong>MiMuovo<\/strong><\/em>&nbsp;che attira l\u2019attenzione di cittadini e turisti offrendo anche l\u2019occasione di ammirare il centro storico del borgo che, grazie alle costanti opere di restauro, ha conservato la sua bellezza. Circondato da giardini all&#8217;inglese e da un grande parco dove ammirare fiori rari e alberi secolari, il Castello \u00e8 stato scelto come set della nota serie tv <em><strong>Elisa di Rivombrosa&nbsp;<\/strong><\/em>su&nbsp;<strong>Canale 5<\/strong>, e della pi\u00f9 recente&nbsp;<em><strong>La legge di Lidia Po\u00ebt 2&nbsp;<\/strong><\/em>con Matilda De Angelis su&nbsp;<strong>Netflix<\/strong>.&nbsp;Non meno importante \u00e8 lo stretto legame con un autore di rilievo come&nbsp;<strong>Guido Gozzano<\/strong>, che qui ha trascorso gran parte della sua vita dedicando anche delle poesie ad Agli\u00e8. La sua residenza estiva,&nbsp;<em><strong>Villa Il Meleto<\/strong><\/em>, \u00e8 tutt\u2019ora visitabile.<\/p>\n\n\n\n<p><em>Questa candidatura \u00e8 un&#8217;occasione unica per valorizzare non solo il nostro borgo, ma un intero territorio. Essere l\u2019unico rappresentante della Regione ci carica di responsabilit\u00e0, ma anche di grande euforia: un\u2019opportunit\u00e0 concreta per far conoscere la nostra storia e le nostre peculiarit\u00e0 a livello nazionale, rafforzando cos\u00ec il turismo e l\u2019economia locale. Con il supporto di tutta la popolazione locale e non solo, possiamo portare Agli\u00e8 e con esso il Canavese e il Piemonte alla vittoria.&nbsp;<\/em><strong>&#8211; Marco Succio, Sindaco di Agli\u00e8.&nbsp;<\/strong><\/p>\n\n\n\n<p>Le profonde radici storiche del borgo hanno permesso anche lo sbocciare di un&nbsp;<strong>turismo enogastronomico<\/strong>&nbsp;legato in particolare alla&nbsp;<em><strong>Sagra del Torcetto<\/strong><\/em>&nbsp;e a&nbsp;<em><strong>Calici<\/strong><\/em>, evento di punta del Comune di Agli\u00e8. Nel mese di luglio, la manifestazione \u2013 da tre anni entrata, insieme a&nbsp;<em>#MiMuovo<\/em>, nel cartellone del Festival della Reciprocit\u00e0 delle Tre Terre Canavesane &#8211; accompagna i visitatori nel cuore delle eccellenze enogastronomiche del territorio: dai caldi sapori dei vini autoctoni alla maestria culinaria degli chef locali.&nbsp;<\/p>\n\n\n\n<p><em>\u00c8 con entusiasmo che sosteniamo la candidatura di Agli\u00e8 al prestigioso titolo di &#8216;Borgo dei Borghi 2025<\/em>&#8216; &#8211;&nbsp;<strong>dichiara Alberto Cirio, Presidente della Regione Piemonte<\/strong>&nbsp;-.&nbsp;<em>Questo bellissimo borgo del Canavese, con la sua storia millenaria, la sua bellezza naturale e il suo ricchissimo patrimonio culturale, rappresenta al meglio l&#8217;anima autentica del nostro Piemonte. \u00c8 un&#8217;opportunit\u00e0 straordinaria per far conoscere il nostro territorio ricco di tradizioni, arte e sapori unici.&nbsp;Sostenere Agli\u00e8 significa sostenere la nostra cultura e il nostro turismo: le risorse pi\u00f9 preziose della nostra terra. Invito quindi tutti i cittadini a partecipare con il loro voto per contribuire a far conoscere ancora di pi\u00f9 la bellezza dei nostri luoghi. Insieme possiamo rendere Agli\u00e8 il &#8216;Borgo dei Borghi 2025<\/em>&#8216;.<\/p>\n\n\n\n<p><em>Siamo contenti e orgogliosi&nbsp;<\/em>\u2013 commenta&nbsp;<strong>Sonia Cambursano, Consigliera Citt\u00e0 metropolitana di Torino, delegata al Turismo<\/strong>&nbsp;\u2013<em>&nbsp;di questa candidatura. Questo Comune, famoso per l\u2019imponente Castello, per quello che rappresenta e per il territorio che racconta, ha le caratteristiche giuste per essere apprezzato e quindi votato, grazie alla sua storia, sapori autentici e natura incontaminata.<\/em>&nbsp;<\/p>\n\n\n\n<p>Per promuovere la candidatura del borgo alla vittoria del concorso, il Comune di Agli\u00e8 presenter\u00e0 due eventi:<strong>&nbsp;sabato 22 marzo<\/strong>&nbsp;\u00e8 in programma una cena di beneficenza e a seguire serata danzante a favore del restauro della&nbsp;<strong>Cappella Sant\u2019Anna<\/strong>&nbsp;mentre&nbsp;<strong>domenica 6 aprile&nbsp;<\/strong>ci sar\u00e0 l\u2019evento&nbsp;<em><strong>Arte nelle mani&nbsp;<\/strong><\/em>\u2013 una giornata dedicata all\u2019arte e alla cultura &#8211; con una coloratissima&nbsp;<em><strong>Infiorata<\/strong><\/em>&nbsp;per le strade del borgo.<\/p>\n\n\n\n<p>Per votare Agli\u00e8 \u00e8 necessario possedere un account RaiPlay o scaricare l\u2019app da Play store (sistema Android) e Apple store (sistema iOS). Nel periodo di durata del concorso, compreso tra il 23 marzo e il 6 aprile 2025, si pu\u00f2 votare&nbsp;<strong>una sola volta al giorno&nbsp;<\/strong>e comunque per<strong>&nbsp;non pi\u00f9 di 5 volte complessive<\/strong>, esprimendo<strong>&nbsp;una sola preferenza sulle 20 opzioni di voto<\/strong>&nbsp;<strong>corrispondenti a ciascun Borgo in gara<\/strong>.&nbsp;<\/p>\n\n\n\n<p>Tutte le informazioni sul sito:&nbsp;<a href=\"https:\/\/www.rai.it\/borgodeiborghi\/Regolamento\">https:\/\/www.rai.it\/borgodeiborghi\/Regolamento<\/a><a href=\"https:\/\/gdgpress.voxmail.it\/nl\/pvwqdx\/hnnc40\/kb5yfm\/ut\/2\/aHR0cHM6Ly93d3cucmFpLml0L2JvcmdvZGVpYm9yZ2hpL1JlZ29sYW1lbnRvLUlsLUJvcmdvLWRlaS1Cb3JnaGktMjAyNC0tLVZvdGF6aW9uZS1XZWItZDNlZTg1YWUtYzViNS00ZTMzLWI5MzItNjg0OGM3NjE1NTVlLmh0bWw?_d=A2J&amp;_c=98b51d87\" target=\"_blank\" rel=\"noreferrer noopener\">.<\/a><\/p>\n\n\n\n<p>La candidatura di Agli\u00e8 al&nbsp;<em>Il&nbsp;Borgo dei Borghi<\/em>&nbsp;2025 \u00e8 supportata da&nbsp;<strong>Comune di Agli\u00e8, Regione Piemonte, Citt\u00e0 metropolitana di Torino<\/strong>. In collaborazione con<strong>&nbsp;Visit Piemonte, Turismo Torino, Film Commission Torino Piemonte, Canavesar e Canavese Village.<\/strong><\/p>\n","protected":false},"excerpt":{"rendered":"<p>Il Comune di Agli\u00e8, nelle terre del Canavese, \u00e8 stato scelto dal famoso concorso \u201cIl Borgo dei Borghi\u201d del programma RAI\u00a0Kilimangiaro\u00a0come uno dei 20 borghi pi\u00f9 belli d\u2019Italia che si contenderanno l\u2019ambito titolo per il 2025. Si vota dal 23 marzo al 6 aprile su RaiPlay.<\/p>\n","protected":false},"author":1,"featured_media":7506,"comment_status":"closed","ping_status":"open","sticky":false,"template":"","format":"standard","meta":{"footnotes":""},"categories":[16,2321],"tags":[438,4535,76,4536,30,4538],"_links":{"self":[{"href":"http:\/\/www.piemonteis.org\/index.php?rest_route=\/wp\/v2\/posts\/7503"}],"collection":[{"href":"http:\/\/www.piemonteis.org\/index.php?rest_route=\/wp\/v2\/posts"}],"about":[{"href":"http:\/\/www.piemonteis.org\/index.php?rest_route=\/wp\/v2\/types\/post"}],"author":[{"embeddable":true,"href":"http:\/\/www.piemonteis.org\/index.php?rest_route=\/wp\/v2\/users\/1"}],"replies":[{"embeddable":true,"href":"http:\/\/www.piemonteis.org\/index.php?rest_route=%2Fwp%2Fv2%2Fcomments&post=7503"}],"version-history":[{"count":1,"href":"http:\/\/www.piemonteis.org\/index.php?rest_route=\/wp\/v2\/posts\/7503\/revisions"}],"predecessor-version":[{"id":7505,"href":"http:\/\/www.piemonteis.org\/index.php?rest_route=\/wp\/v2\/posts\/7503\/revisions\/7505"}],"wp:featuredmedia":[{"embeddable":true,"href":"http:\/\/www.piemonteis.org\/index.php?rest_route=\/wp\/v2\/media\/7506"}],"wp:attachment":[{"href":"http:\/\/www.piemonteis.org\/index.php?rest_route=%2Fwp%2Fv2%2Fmedia&parent=7503"}],"wp:term":[{"taxonomy":"category","embeddable":true,"href":"http:\/\/www.piemonteis.org\/index.php?rest_route=%2Fwp%2Fv2%2Fcategories&post=7503"},{"taxonomy":"post_tag","embeddable":true,"href":"http:\/\/www.piemonteis.org\/index.php?rest_route=%2Fwp%2Fv2%2Ftags&post=7503"}],"curies":[{"name":"wp","href":"https:\/\/api.w.org\/{rel}","templated":true}]}}