{"id":6911,"global_id":"www.piemonteis.org?id=6911","global_id_lineage":["www.piemonteis.org?id=6911"],"author":"1","status":"publish","date":"2023-09-18 20:15:04","date_utc":"2023-09-18 20:15:04","modified":"2023-09-18 20:15:04","modified_utc":"2023-09-18 20:15:04","url":"https:\/\/www.piemonteis.org\/?tribe_events=7-e-8-ottobre-a-volpiano-torna-la-festa-medievale-1339-de-bello-canepiciano","rest_url":"https:\/\/www.piemonteis.org\/index.php?rest_route=\/tribe\/events\/v1\/events\/6911","title":"7 e 8 ottobre: a Volpiano torna la Festa Medievale &#8220;1339 &#8211; De Bello Canepiciano&#8221;","description":"<p>Nel fine settimana del 7 e 8 ottobre il comune canavesano di<strong> Volpiano<\/strong> torner\u00e0 ad ospitare la manifestazione battezzata &#8220;<strong>1339 &#8211; De Bello Canepiciano<\/strong>&#8220;, settima edizione dell&#8217;evento organizzato dalla Pro Loco di Volpiano e ideato dall&#8217;associazione <strong>Tavola di Smeraldo <\/strong>che da tempo opera in ambito storico-culturale per lo studio e la valorizzazione del territorio con particolare riguardo al periodo medievale.<\/p>\n<p><img decoding=\"async\" loading=\"lazy\" class=\"size-medium aligncenter\" src=\"https:\/\/i.pinimg.com\/originals\/47\/aa\/b0\/47aab0ebacabd9dd8aa8b66dfce3d6b3.jpg\" width=\"720\" height=\"723\" \/><\/p>\n<p>Nata nel 2010 e inserita nel circuito delle rievocazioni storiche di qualit\u00e0 della Citt\u00e0 Metropolitana di Torino, la manifestazione riporta all&#8217;attenzione generale una fase particolarmente drammatica della storia volpianese e canavesana, il lungo conflitto trecentesco noto come &#8220;<strong>Guerra del Canavese<\/strong>&#8220;, descritto dal cronista novarese Pietro Azario (1312-dopo 1366) nel volume intitolato &#8220;<strong><em>De Bello Canepiciano<\/em><\/strong>&#8220;. Il testo dell&#8217;Azario ripercorre i passaggi salienti del conflitto che trasse origine dalle aspre rivalit\u00e0 tra le due pi\u00f9 influenti famiglie comitali canavesane, apparentate fra loro, ma fieramente avversarie: i <strong>ghibellini Valperga<\/strong>, appoggiati dai marchesi Paleologi del Monferrato, e i<strong> guelfi San Martino<\/strong>, sostenuti dai principi di Savoia-Acaia, vassalli dei conti di Savoia.<\/p>\n<p>Come si evince dal sito internet dell&#8217;associazione Tavola di Smeraldo, fautrice del rinnovato interesse per i trascorsi medievali del comune canavesano, l&#8217;evento volpianese \u00a0si focalizza, in particolare, &#8220;<em>sull&#8217;episodio\u00a0della<strong>\u00a0presa del Castello di Volpiano<\/strong>, avvenuta nel 1339 ad opera di un certo\u00a0Pietro da Settimo\u00a0che, alle dipendenze del\u00a0Marchese Giovanni II Paleologo, riusc\u00ec a compiere l\u2019impresa con un sotterfugio&#8221;<\/em>.\u00a0<strong>Giovanni II Paleologo, <\/strong>marchese del Monferrato, mor\u00ec proprio nel castello di Volpiano e qui, nel marzo 1372, fu redatto il suo testamento.<\/p>\n<p><img decoding=\"async\" loading=\"lazy\" class=\"size-medium aligncenter\" src=\"https:\/\/i.pinimg.com\/originals\/a4\/47\/b0\/a447b073ad80e307ae580962b2ec83cc.jpg\" width=\"720\" height=\"503\" \/><\/p>\n<p>Prendendo spunto dalla rievocazione del passato, e per meglio valorizzare la storia e il territorio, \u00e8 stata fatta <strong>una mappatura dei resti medievali<\/strong> superstiti nel comune di Volpiano, creando un percorso culturale attraverso le vie ed i cortili del centro storico. Sar\u00e0 cos\u00ec possibile, durante la manifestazione medievale che si tiene ogni due anni, visitare <strong>siti risalenti al XIV e XV secolo<\/strong>, inseriti nel contesto del tessuto abitativo moderno, immergendosi in un itinerario di esplorazione archeologica che, in prospettiva, intende coinvolgere anche i comuni di San Benigno Canavese, San Martino Canavese, Settimo Torinese, Valperga, Caluso e Rivarolo Canavese, a vario titolo interessati dalle vicende della guerra trecentesca del Canavese.<\/p>\n<p>L&#8217;evento di Volpiano, che pu\u00f2 vantare\u00a0la presenza di\u00a0<strong>oltre 500 revocatori<\/strong> tra gruppi storici e artisti oltre a uno dei pi\u00f9 grandi mercati artigianali a tema medievale con pi\u00f9 di 40 banchi, offrir\u00e0 anche ai visitatori la possibilit\u00e0 di consumare bevande e piatti tipici nelle <strong>taverne operanti in un contesto molto suggestivo<\/strong> che vede il paese completamente allestito a tema.<\/p>\n<p>Nutrito sar\u00e0 poi il programma di attivit\u00e0 culturali, tra mostre e conferenze, e non mancheranno iniziative pensate per i pi\u00f9 piccoli, come l&#8217;asilo medievale e la <strong>Grande Battaglia<\/strong>, gioco di ruolo che coinvolger\u00e0 150 bambini.<\/p>\n<p>Per il programma dettagliato e in continuo aggiornamento, consultare il sito internet\u00a0<a href=\"http:\/\/www.debellocanepiciano.it\/\">www.debellocanepiciano.it<\/a><\/p>\n<p style=\"text-align: center;\">Facebook @festamedievalevolpiano<\/p>\n<p style=\"text-align: center;\">cell. 347.6826305 \/ 335.6111237<\/p>\n<p style=\"text-align: center;\">E-mail: <a href=\"mailto:tavoladismeraldo@msn.com\">tavoladismeraldo@msn.com<\/a><\/p>\n<p>&nbsp;<\/p>\n<p>&nbsp;<\/p>\n<p>&nbsp;<\/p>","excerpt":"","slug":"7-e-8-ottobre-a-volpiano-torna-la-festa-medievale-1339-de-bello-canepiciano","image":{"url":"https:\/\/www.piemonteis.org\/wp-content\/uploads\/2023\/09\/18033178_1295106097271114_6807173371049307747_n.jpg","id":6913,"extension":"jpg","width":960,"height":640,"filesize":158519,"sizes":{"medium":{"width":300,"height":200,"mime-type":"image\/jpeg","filesize":22302,"url":"https:\/\/www.piemonteis.org\/wp-content\/uploads\/2023\/09\/18033178_1295106097271114_6807173371049307747_n-300x200.jpg"},"large":{"width":400,"height":267,"mime-type":"image\/jpeg","filesize":37021,"url":"https:\/\/www.piemonteis.org\/wp-content\/uploads\/2023\/09\/18033178_1295106097271114_6807173371049307747_n-400x267.jpg"},"thumbnail":{"width":150,"height":150,"mime-type":"image\/jpeg","filesize":9304,"url":"https:\/\/www.piemonteis.org\/wp-content\/uploads\/2023\/09\/18033178_1295106097271114_6807173371049307747_n-150x150.jpg"},"medium_large":{"width":768,"height":512,"mime-type":"image\/jpeg","filesize":111657,"url":"https:\/\/www.piemonteis.org\/wp-content\/uploads\/2023\/09\/18033178_1295106097271114_6807173371049307747_n-768x512.jpg"},"fifteen-pop-thumb":{"width":542,"height":340,"mime-type":"image\/jpeg","filesize":59542,"url":"https:\/\/www.piemonteis.org\/wp-content\/uploads\/2023\/09\/18033178_1295106097271114_6807173371049307747_n-542x340.jpg"},"fifteen-thumb":{"width":600,"height":600,"mime-type":"image\/jpeg","filesize":98172,"url":"https:\/\/www.piemonteis.org\/wp-content\/uploads\/2023\/09\/18033178_1295106097271114_6807173371049307747_n-600x600.jpg"},"fifteen-slider-thumb":{"width":860,"height":430,"mime-type":"image\/jpeg","filesize":98937,"url":"https:\/\/www.piemonteis.org\/wp-content\/uploads\/2023\/09\/18033178_1295106097271114_6807173371049307747_n-860x430.jpg"}}},"all_day":false,"start_date":"2023-10-07 08:00:00","start_date_details":{"year":"2023","month":"10","day":"07","hour":"08","minutes":"00","seconds":"00"},"end_date":"2023-10-08 17:00:00","end_date_details":{"year":"2023","month":"10","day":"08","hour":"17","minutes":"00","seconds":"00"},"utc_start_date":"2023-10-07 08:00:00","utc_start_date_details":{"year":"2023","month":"10","day":"07","hour":"08","minutes":"00","seconds":"00"},"utc_end_date":"2023-10-08 17:00:00","utc_end_date_details":{"year":"2023","month":"10","day":"08","hour":"17","minutes":"00","seconds":"00"},"timezone":"UTC+0","timezone_abbr":"UTC+0","cost":"","cost_details":{"currency_symbol":"","currency_code":"","currency_position":"prefix","values":[]},"website":"https:\/\/www.debellocanepiciano.it\/","show_map":true,"show_map_link":true,"hide_from_listings":false,"sticky":false,"featured":false,"categories":[{"name":"Rievocazioni storiche","slug":"rievocazioni-storiche","term_group":0,"term_taxonomy_id":4421,"taxonomy":"tribe_events_cat","description":"","parent":0,"count":3,"filter":"raw","id":4421,"urls":{"self":"https:\/\/www.piemonteis.org\/index.php?rest_route=\/tribe\/events\/v1\/categories\/4421","collection":"https:\/\/www.piemonteis.org\/index.php?rest_route=\/tribe\/events\/v1\/categories"}}],"tags":[{"name":"1339","slug":"1339","term_group":0,"term_taxonomy_id":4429,"taxonomy":"post_tag","description":"","parent":0,"count":1,"filter":"raw","id":4429,"urls":{"self":"https:\/\/www.piemonteis.org\/index.php?rest_route=\/tribe\/events\/v1\/tags\/4429","collection":"https:\/\/www.piemonteis.org\/index.php?rest_route=\/tribe\/events\/v1\/tags"}},{"name":"Acaia","slug":"acaia","term_group":0,"term_taxonomy_id":2320,"taxonomy":"post_tag","description":"","parent":0,"count":11,"filter":"raw","id":2320,"urls":{"self":"https:\/\/www.piemonteis.org\/index.php?rest_route=\/tribe\/events\/v1\/tags\/2320","collection":"https:\/\/www.piemonteis.org\/index.php?rest_route=\/tribe\/events\/v1\/tags"}},{"name":"azario","slug":"azario","term_group":0,"term_taxonomy_id":3424,"taxonomy":"post_tag","description":"","parent":0,"count":4,"filter":"raw","id":3424,"urls":{"self":"https:\/\/www.piemonteis.org\/index.php?rest_route=\/tribe\/events\/v1\/tags\/3424","collection":"https:\/\/www.piemonteis.org\/index.php?rest_route=\/tribe\/events\/v1\/tags"}},{"name":"canavese","slug":"canavese","term_group":0,"term_taxonomy_id":76,"taxonomy":"post_tag","description":"","parent":0,"count":51,"filter":"raw","id":76,"urls":{"self":"https:\/\/www.piemonteis.org\/index.php?rest_route=\/tribe\/events\/v1\/tags\/76","collection":"https:\/\/www.piemonteis.org\/index.php?rest_route=\/tribe\/events\/v1\/tags"}},{"name":"castello","slug":"castello","term_group":0,"term_taxonomy_id":2899,"taxonomy":"post_tag","description":"","parent":0,"count":25,"filter":"raw","id":2899,"urls":{"self":"https:\/\/www.piemonteis.org\/index.php?rest_route=\/tribe\/events\/v1\/tags\/2899","collection":"https:\/\/www.piemonteis.org\/index.php?rest_route=\/tribe\/events\/v1\/tags"}},{"name":"de bello canepiciano","slug":"de-bello-canepiciano","term_group":0,"term_taxonomy_id":3548,"taxonomy":"post_tag","description":"","parent":0,"count":2,"filter":"raw","id":3548,"urls":{"self":"https:\/\/www.piemonteis.org\/index.php?rest_route=\/tribe\/events\/v1\/tags\/3548","collection":"https:\/\/www.piemonteis.org\/index.php?rest_route=\/tribe\/events\/v1\/tags"}},{"name":"guerra","slug":"guerra","term_group":0,"term_taxonomy_id":3546,"taxonomy":"post_tag","description":"","parent":0,"count":3,"filter":"raw","id":3546,"urls":{"self":"https:\/\/www.piemonteis.org\/index.php?rest_route=\/tribe\/events\/v1\/tags\/3546","collection":"https:\/\/www.piemonteis.org\/index.php?rest_route=\/tribe\/events\/v1\/tags"}},{"name":"medioevo","slug":"medioevo","term_group":0,"term_taxonomy_id":206,"taxonomy":"post_tag","description":"","parent":0,"count":39,"filter":"raw","id":206,"urls":{"self":"https:\/\/www.piemonteis.org\/index.php?rest_route=\/tribe\/events\/v1\/tags\/206","collection":"https:\/\/www.piemonteis.org\/index.php?rest_route=\/tribe\/events\/v1\/tags"}},{"name":"monferrato","slug":"monferrato","term_group":0,"term_taxonomy_id":105,"taxonomy":"post_tag","description":"","parent":0,"count":46,"filter":"raw","id":105,"urls":{"self":"https:\/\/www.piemonteis.org\/index.php?rest_route=\/tribe\/events\/v1\/tags\/105","collection":"https:\/\/www.piemonteis.org\/index.php?rest_route=\/tribe\/events\/v1\/tags"}},{"name":"Paleologi","slug":"paleologi","term_group":0,"term_taxonomy_id":2621,"taxonomy":"post_tag","description":"","parent":0,"count":6,"filter":"raw","id":2621,"urls":{"self":"https:\/\/www.piemonteis.org\/index.php?rest_route=\/tribe\/events\/v1\/tags\/2621","collection":"https:\/\/www.piemonteis.org\/index.php?rest_route=\/tribe\/events\/v1\/tags"}},{"name":"San martino","slug":"san-martino","term_group":0,"term_taxonomy_id":1982,"taxonomy":"post_tag","description":"","parent":0,"count":7,"filter":"raw","id":1982,"urls":{"self":"https:\/\/www.piemonteis.org\/index.php?rest_route=\/tribe\/events\/v1\/tags\/1982","collection":"https:\/\/www.piemonteis.org\/index.php?rest_route=\/tribe\/events\/v1\/tags"}},{"name":"Savoia","slug":"savoia","term_group":0,"term_taxonomy_id":35,"taxonomy":"post_tag","description":"","parent":0,"count":174,"filter":"raw","id":35,"urls":{"self":"https:\/\/www.piemonteis.org\/index.php?rest_route=\/tribe\/events\/v1\/tags\/35","collection":"https:\/\/www.piemonteis.org\/index.php?rest_route=\/tribe\/events\/v1\/tags"}},{"name":"valperga","slug":"valperga","term_group":0,"term_taxonomy_id":3069,"taxonomy":"post_tag","description":"","parent":0,"count":7,"filter":"raw","id":3069,"urls":{"self":"https:\/\/www.piemonteis.org\/index.php?rest_route=\/tribe\/events\/v1\/tags\/3069","collection":"https:\/\/www.piemonteis.org\/index.php?rest_route=\/tribe\/events\/v1\/tags"}},{"name":"Volpiano","slug":"volpiano","term_group":0,"term_taxonomy_id":2125,"taxonomy":"post_tag","description":"","parent":0,"count":2,"filter":"raw","id":2125,"urls":{"self":"https:\/\/www.piemonteis.org\/index.php?rest_route=\/tribe\/events\/v1\/tags\/2125","collection":"https:\/\/www.piemonteis.org\/index.php?rest_route=\/tribe\/events\/v1\/tags"}}],"venue":[],"organizer":[{"id":6915,"author":"1","status":"publish","date":"2023-09-18 20:15:04","date_utc":"2023-09-18 20:15:04","modified":"2023-09-18 20:15:04","modified_utc":"2023-09-18 20:15:04","url":"https:\/\/www.piemonteis.org\/?tribe_organizer=pro-loco-di-volpiano","organizer":"Pro Loco di Volpiano","slug":"pro-loco-di-volpiano","phone":"3476826305","json_ld":{"@type":"Person","name":"Pro Loco di Volpiano","description":"","url":"","telephone":"3476826305","email":"","sameAs":""},"global_id":"www.piemonteis.org?id=6915","global_id_lineage":["www.piemonteis.org?id=6915"]},{"id":6916,"author":"1","status":"publish","date":"2023-09-18 20:15:05","date_utc":"2023-09-18 20:15:05","modified":"2023-09-18 20:15:05","modified_utc":"2023-09-18 20:15:05","url":"https:\/\/www.piemonteis.org\/?tribe_organizer=tavola-di-smeraldo","organizer":"Tavola di Smeraldo","slug":"tavola-di-smeraldo","phone":"3476826305","email":"tavoladismeraldo@msn.com","json_ld":{"@type":"Person","name":"Tavola di Smeraldo","description":"","url":"","telephone":"3476826305","email":"&#116;&#97;&#118;o&#108;&#97;&#100;i&#115;me&#114;&#97;&#108;&#100;o&#64;m&#115;&#110;.&#99;&#111;&#109;","sameAs":""},"global_id":"www.piemonteis.org?id=6916","global_id_lineage":["www.piemonteis.org?id=6916"]}],"json_ld":{"@context":"http:\/\/schema.org","@type":"Event","name":"7 e 8 ottobre: a Volpiano torna la Festa Medievale &#8220;1339 &#8211; De Bello Canepiciano&#8221;","description":"&lt;p&gt;Nel fine settimana del 7 e 8 ottobre il comune canavesano di Volpiano torner\u00e0 ad ospitare la manifestazione battezzata &quot;1339 - De Bello...&lt;\/p&gt;\\n","image":"https:\/\/www.piemonteis.org\/wp-content\/uploads\/2023\/09\/18033178_1295106097271114_6807173371049307747_n.jpg","url":"https:\/\/www.piemonteis.org\/?tribe_events=7-e-8-ottobre-a-volpiano-torna-la-festa-medievale-1339-de-bello-canepiciano","eventAttendanceMode":"https:\/\/schema.org\/OfflineEventAttendanceMode","eventStatus":"https:\/\/schema.org\/EventScheduled","startDate":"2023-10-07T08:00:00+00:00","endDate":"2023-10-08T17:00:00+00:00","organizer":{"@type":"Person","name":"Pro Loco di Volpiano","description":"","url":"","telephone":"3476826305","email":"","sameAs":""},"performer":"Organization"}}