{"id":7516,"global_id":"www.piemonteis.org?id=7516","global_id_lineage":["www.piemonteis.org?id=7516"],"author":"1","status":"publish","date":"2025-04-22 13:16:33","date_utc":"2025-04-22 13:16:33","modified":"2025-04-22 13:16:33","modified_utc":"2025-04-22 13:16:33","url":"https:\/\/www.piemonteis.org\/?tribe_events=il-26-aprile-torna-ossola-in-cantina-alla-scoperta-dei-vini-e-dei-vigneti-della-montagna-ossolana","rest_url":"https:\/\/www.piemonteis.org\/index.php?rest_route=\/tribe\/events\/v1\/events\/7516","title":"Il 26 aprile torna &#8220;Ossola in cantina&#8221; alla scoperta dei vini e dei vigneti della montagna ossolana","description":"<p>In pochi anni \u201c<strong>Ossola in Cantina<\/strong>\u201d ha saputo conquistare un pubblico numeroso e appassionato: non deve dunque stupire se, a distanza di 24 mesi dall\u2019ultima edizione, andata in scena nel maggio del 2023,\u00a0<strong>l\u2019attesa \u00e8 palpabile tra i filari dei vigneti ossolani.<\/strong><\/p>\n<figure class=\"wp-block-image aligncenter size-full\"><img decoding=\"async\" loading=\"lazy\" class=\"wp-image-6962\" src=\"https:\/\/www.lambello.org\/wp-content\/uploads\/2025\/04\/OSSOLA-IN-CANTINA-2.jpg\" sizes=\"(max-width: 1068px) 100vw, 1068px\" srcset=\"https:\/\/www.lambello.org\/wp-content\/uploads\/2025\/04\/OSSOLA-IN-CANTINA-2.jpg 1068w, https:\/\/www.lambello.org\/wp-content\/uploads\/2025\/04\/OSSOLA-IN-CANTINA-2-300x139.jpg 300w, https:\/\/www.lambello.org\/wp-content\/uploads\/2025\/04\/OSSOLA-IN-CANTINA-2-1024x475.jpg 1024w, https:\/\/www.lambello.org\/wp-content\/uploads\/2025\/04\/OSSOLA-IN-CANTINA-2-768x356.jpg 768w\" alt=\"Ossola\" width=\"1068\" height=\"495\" \/><\/figure>\n<p>&nbsp;<\/p>\n<p>Torna infatti il prossimo 26 aprile \u201c<strong>Ossola in Cantina<\/strong>\u201d, giornata organizzata dall\u2019<strong>Associazione Produttori Agricoli Ossolani<\/strong>\u00a0(APAO) con la collaborazione dell<strong>\u2018<\/strong>Associazione Italiana Sommelier Verbania\u00a0e della\u00a0Condotta Slow Food Valle Ossola\u00a0<strong>per scoprire e valorizzare i piccoli produttori del nord estremo del Piemonte<\/strong>, una porzione di territorio la cui anima vitivinicola \u00e8 ormai sempre pi\u00f9 conosciuta, grazie a livelli qualitativi degni di nota, pur con produzioni di nicchia.<\/p>\n<p>L\u2019edizione 2025 \u00e8 supportata dal\u00a0<strong>Distretto Turistico dei Laghi, Monti e Valli<\/strong>, nell\u2019ambito del Progetto Art. 21 \u201cFOOD&amp;WINE: Sapori d\u2019eccellenza tra Monte Rosa, Laghi e Terre dell\u2019Alto Piemonte\u201d \u2013 CUP J38J24000570009.<\/p>\n<p><strong>Sabato 26 aprile dalle 11 alle 18, otto cantine della Val d\u2019Ossola<\/strong>\u00a0apriranno le proprie porte per regalare al grande pubblico<strong>\u00a0un coinvolgente viaggio di scoperta vitivinicola<\/strong>, lungo percorsi che costellano i fianchi delle montagne, fino ad un secolo fa letteralmente coperti da\u00a0<strong>400 ettari di vigna<\/strong>.<\/p>\n<p>Alcuni sono\u00a0<strong>vigneti eroici<\/strong>, ubicati su terreni con pendenze importanti ad altitudini di media montagna, al pari dei pi\u00f9 conosciuti in Valtellina, Liguria o nel vicino Canton Vallese svizzero.<\/p>\n<p>Perla del vino locale \u00e8 da sempre il Nebbiolo tradizionale, il\u00a0<em><strong>Pr\u00fcnent<\/strong><\/em>: il nome, citato per la prima volta in una pergamena del 1309, deriva forse dal pruno, l\u2019albero delle prugne o delle susine, per le note fruttate o per l\u2019antica usanza di piantare un pruno ai margini delle vigne, ma per altri richiama la pruina, sostanza cerosa che avvolge l\u2019acino, o ancora la brina (in latino\u00a0<em>pruina<\/em>), che ricopre i campi nel tempo della vendemmia, dalla met\u00e0 di ottobre. Da 16 anni, inoltre, la\u00a0<strong>DOC \u201cValli Ossolane\u201d<\/strong>\u00a0ha contribuito ad un ulteriore rilancio della produzione a km 0, che il pubblico potr\u00e0 apprezzare grazie al completo ventaglio di proposte di\u00a0<strong>\u201cOssola in Cantina\u201d<\/strong>.<\/p>\n<figure class=\"wp-block-image aligncenter size-full\"><img decoding=\"async\" loading=\"lazy\" class=\"wp-image-6963\" src=\"https:\/\/www.lambello.org\/wp-content\/uploads\/2025\/04\/OSSOLA-IN-CANTINA.jpg\" sizes=\"(max-width: 1638px) 100vw, 1638px\" srcset=\"https:\/\/www.lambello.org\/wp-content\/uploads\/2025\/04\/OSSOLA-IN-CANTINA.jpg 1638w, https:\/\/www.lambello.org\/wp-content\/uploads\/2025\/04\/OSSOLA-IN-CANTINA-240x300.jpg 240w, https:\/\/www.lambello.org\/wp-content\/uploads\/2025\/04\/OSSOLA-IN-CANTINA-819x1024.jpg 819w, https:\/\/www.lambello.org\/wp-content\/uploads\/2025\/04\/OSSOLA-IN-CANTINA-768x960.jpg 768w, https:\/\/www.lambello.org\/wp-content\/uploads\/2025\/04\/OSSOLA-IN-CANTINA-1229x1536.jpg 1229w, https:\/\/www.lambello.org\/wp-content\/uploads\/2025\/04\/OSSOLA-IN-CANTINA-1320x1650.jpg 1320w\" alt=\"Ossola\" width=\"1638\" height=\"2048\" \/><\/figure>\n<p>&nbsp;<\/p>\n<h3 class=\"wp-block-heading has-text-align-center\" style=\"text-align: center;\">Ossola in cantina: il programma e le modalit\u00e0 di partecipazione<\/h3>\n<p>Un unico\u00a0<strong>voucher \u2013\u00a0<\/strong>acquistabile, esclusivamente in prevendita dal 15 marzo sul sito\u00a0<a href=\"https:\/\/www.apao.it\/\" target=\"_blank\" rel=\"noopener\">www.apao.it<\/a>, al costo di \u20ac30 \u2013 permetter\u00e0 di conoscere da vicino tutti i produttori, visitare vigneti e cantine e\u00a0<strong>degustare calici di ottimo vino ossolano<\/strong>\u00a0DOC in otto differenti cantine. Nel prezzo del biglietto \u00e8 compreso anche il proprio calice personale per la degustazione e una sacca personalizzata per riporlo tra una visita e l\u2019altra.\u00a0I vini saranno abbinati ad assaggi gastronomici tipici della Val d\u2019Ossola, che saranno serviti utilizzando\u00a0piatti, posate e tovaglioli compostabil<strong>i:<\/strong>\u00a0una precisa scelta di APAO in coerenza con l\u2019anima attenta all\u2019ambiente della manifestazione.<\/p>\n<p><strong>Sono disponibili 500 voucher\u00a0<\/strong>e i tagliandi per iniziare il percorso degustazione dovranno essere ritirati il giorno dell\u2019evento nelle sede di APAO in Via Martinoja a Crevoladossola (VB), dove sar\u00e0 presente l\u2019azienda Alveare Ossolano, che offrir\u00e0 una piccola degustazione di idromele, rigorosamente prodotto in Ossola.<\/p>\n<p>La settimana precedente l\u2019evento gli eventuali voucher ancora disponibili saranno in vendita (con relativi calici degustazione) presso l\u2019Enoteca Garrone, in via Scapaccino 36 a Domodossola (VB). Sempre presso Garrone, per chi lo preferisse, \u00e8 possibile ritirare i voucher a partire da luned\u00ec 14 aprile.<\/p>\n<p><strong>Sabato 26 aprile\u00a0<\/strong>ogni cantina proporr\u00e0 una degustazione differente: si passa cos\u00ec dal fresco Chardonnay\u00a0<strong>all\u2019antico e raro Pr\u00fcnent, dal Nebbiolo al Merlot, fino ad un inaspettato vino passito<\/strong>. I visitatori potranno\u00a0decidere liberamente quante e quali cantine visitare, e potranno raggiungerle in autonomia grazie a una\u00a0comoda mappa.\u00a0Nelle otto cantine coinvolte, collocate geograficamente da sud a nord, da Pieve Vergonte, nella Bassa\u00a0Ossola, a Crodo, in Valle Antigorio, saranno presenti i sommelier professionali dell\u2019Associazione Italiana\u00a0Sommelier Verbania che \u201cracconteranno\u201d i vini in degustazione.<\/p>\n<figure class=\"wp-block-image aligncenter size-full\"><img decoding=\"async\" loading=\"lazy\" class=\"wp-image-6964 aligncenter\" src=\"https:\/\/www.lambello.org\/wp-content\/uploads\/2025\/04\/OSSOLA-IN-CANTINA-1.jpg\" sizes=\"(max-width: 1638px) 100vw, 1638px\" srcset=\"https:\/\/www.lambello.org\/wp-content\/uploads\/2025\/04\/OSSOLA-IN-CANTINA-1.jpg 1638w, https:\/\/www.lambello.org\/wp-content\/uploads\/2025\/04\/OSSOLA-IN-CANTINA-1-240x300.jpg 240w, https:\/\/www.lambello.org\/wp-content\/uploads\/2025\/04\/OSSOLA-IN-CANTINA-1-819x1024.jpg 819w, https:\/\/www.lambello.org\/wp-content\/uploads\/2025\/04\/OSSOLA-IN-CANTINA-1-768x960.jpg 768w, https:\/\/www.lambello.org\/wp-content\/uploads\/2025\/04\/OSSOLA-IN-CANTINA-1-1229x1536.jpg 1229w, https:\/\/www.lambello.org\/wp-content\/uploads\/2025\/04\/OSSOLA-IN-CANTINA-1-1320x1650.jpg 1320w\" alt=\"Ossola\" width=\"1638\" height=\"2048\" \/><\/figure>\n<p>&nbsp;<\/p>\n<h3 class=\"wp-block-heading has-text-align-center\" style=\"text-align: center;\">Ecco l\u2019elenco delle cantine che partecipano a \u201cOssola in cantina\u201d<\/h3>\n<p><strong>\u2022 Ca\u2019 da l\u2019Era Azienda Agricola<\/strong>\u00a0\u2013 Via del Piano, 15 \u2013 Pieve Vergonte<\/p>\n<p><strong>\u2022 La Cantina di Tappia<\/strong>\u00a0\u2013 Via Case Rossini, 3 \u2013 Villadossola<\/p>\n<p><strong>\u2022 Azienda Vitivinicola Edoardo Patrone<\/strong>\u00a0\u2013 Borgata Baceno, 51 \u2013 Domodossola<\/p>\n<p><strong>\u2022 Agriturismo La Tensa<\/strong>\u00a0\u2013 Localit\u00e0 Tensa \u2013 Domodossola<\/p>\n<p><strong>\u2022 Villa Mercante<\/strong>\u00a0\u2013 Via Strada Vecchia, 23 \u2013 Trontano<\/p>\n<p><strong>\u2022 Cantine Garron<\/strong>e \u2013 Via Valle Formazza, 13 \u2013 Oira di Crevoladossola<\/p>\n<p><strong>\u2022 DEA \u2013 Agricoltura Eroica in Val d\u2019Ossol<\/strong>a \u2013 Localit\u00e0 di l\u00e0 del Melezzo, Via Provinciale snc \u2013 Masera<\/p>\n<p><strong>\u2022 Istituto Agrario Fobelli di Crodo<\/strong>\u00a0\u2013 Via Roma, 9 \u2013 Crodo<\/p>\n<p>Calice dopo calice, il percorso di \u201cOssola in Cantina\u201d porter\u00e0 a\u00a0<strong>percorrere strade, mulattiere e sentieri<\/strong>\u00a0che sono anche linee di congiunzione tra passato e futuro, riscoprendo un mondo antico il cui recupero \u00e8 oggi in atto con volont\u00e0 e determinazione. Per chi vorr\u00e0 affidarsi in questa scoperta ad\u00a0<strong>esperte guide<\/strong>, APAO organizza inoltre,\u00a0<strong>a pagamento, semplici escursioni accompagnate, a piedi o in e-bike<\/strong>.<\/p>\n<p><strong>\u201cOssola in Cantina\u201d \u00e8 realizzata dall\u2019Associazione Produttori Agricoli Ossolani<\/strong>\u00a0(APAO) in collaborazione con: Associazione Italiana Sommelier Verbania, Condotta Slow Food Valle Ossola, con il patrocinio della Regione Piemonte e dei Comuni di Domodossola, Crevoladossola, Crodo, Masera, Pieve Vergonte, Trontano e Villadossola.<\/p>\n<p><strong>L\u2019evento \u00e8 pensato per favorire la scoperta del patrimonio vitivinicolo dell\u2019Ossola<\/strong>, gli organizzatori dunque invitano ad avere\u00a0<strong>un approccio consapevole al percorso degustazione<\/strong>. Le cantine sono visitabili senza un ordine predefinito e vanno raggiunte in automobile (\u00e8 consigliato il car pooling per evitare problemi di parcheggio).<\/p>\n<figure class=\"wp-block-image aligncenter size-full\">\n<p><figure id=\"attachment_6965\" aria-describedby=\"caption-attachment-6965\" style=\"width: 450px\" class=\"wp-caption aligncenter\"><img decoding=\"async\" loading=\"lazy\" class=\"wp-image-6965\" src=\"https:\/\/www.lambello.org\/wp-content\/uploads\/2025\/04\/OSSOLA-IN-CANTINA-3.jpg\" sizes=\"(max-width: 450px) 100vw, 450px\" srcset=\"https:\/\/www.lambello.org\/wp-content\/uploads\/2025\/04\/OSSOLA-IN-CANTINA-3.jpg 450w, https:\/\/www.lambello.org\/wp-content\/uploads\/2025\/04\/OSSOLA-IN-CANTINA-3-225x300.jpg 225w\" alt=\"Ossola\" width=\"450\" height=\"600\" \/><figcaption id=\"caption-attachment-6965\" class=\"wp-caption-text\">Un grappolo di Prunent.<\/figcaption><\/figure><figcaption class=\"wp-element-caption\">\n<div class=\"elementor-element elementor-element-49a2a746 elementor-widget elementor-widget-theme-post-content\" data-id=\"49a2a746\" data-element_type=\"widget\" data-widget_type=\"theme-post-content.default\">\n<p><em>Si ringrazia per la concessione delle immagini<strong>\u00a0l\u2019APAO (Associazione Produttori Agricoli Ossolani).<\/strong><\/em><\/p>\n<p>&nbsp;<\/p>\n<\/div>\n<div class=\"elementor-element elementor-element-319c1b43 elementor-widget elementor-widget-post-navigation\" data-id=\"319c1b43\" data-element_type=\"widget\" data-widget_type=\"post-navigation.default\">\n<div class=\"elementor-post-navigation\">\n<div class=\"elementor-post-navigation__prev elementor-post-navigation__link\"><\/div>\n<\/div>\n<\/div>\n<\/figcaption><\/figure>","excerpt":"<p>La terza edizione dell\u2019evento alla scoperta dei vigneti eroici nelle Alpi piemontesi offre otto tappe in altrettante cantine della Val d\u2019Ossola.<\/p>","slug":"il-26-aprile-torna-ossola-in-cantina-alla-scoperta-dei-vini-e-dei-vigneti-della-montagna-ossolana","image":{"url":"https:\/\/www.piemonteis.org\/wp-content\/uploads\/2025\/04\/OSSOLA-IN-CANTINA-2.jpg","id":7517,"extension":"jpg","width":1068,"height":495,"filesize":221180,"sizes":{"medium":{"width":300,"height":139,"mime-type":"image\/jpeg","filesize":15189,"url":"https:\/\/www.piemonteis.org\/wp-content\/uploads\/2025\/04\/OSSOLA-IN-CANTINA-2-300x139.jpg"},"large":{"width":400,"height":185,"mime-type":"image\/jpeg","filesize":24798,"url":"https:\/\/www.piemonteis.org\/wp-content\/uploads\/2025\/04\/OSSOLA-IN-CANTINA-2-400x185.jpg"},"thumbnail":{"width":150,"height":150,"mime-type":"image\/jpeg","filesize":8524,"url":"https:\/\/www.piemonteis.org\/wp-content\/uploads\/2025\/04\/OSSOLA-IN-CANTINA-2-150x150.jpg"},"medium_large":{"width":768,"height":356,"mime-type":"image\/jpeg","filesize":77382,"url":"https:\/\/www.piemonteis.org\/wp-content\/uploads\/2025\/04\/OSSOLA-IN-CANTINA-2-768x356.jpg"},"fifteen-pop-thumb":{"width":542,"height":340,"mime-type":"image\/jpeg","filesize":52445,"url":"https:\/\/www.piemonteis.org\/wp-content\/uploads\/2025\/04\/OSSOLA-IN-CANTINA-2-542x340.jpg"},"fifteen-thumb":{"width":600,"height":495,"mime-type":"image\/jpeg","filesize":87481,"url":"https:\/\/www.piemonteis.org\/wp-content\/uploads\/2025\/04\/OSSOLA-IN-CANTINA-2-600x495.jpg"},"fifteen-slider-thumb":{"width":860,"height":430,"mime-type":"image\/jpeg","filesize":99183,"url":"https:\/\/www.piemonteis.org\/wp-content\/uploads\/2025\/04\/OSSOLA-IN-CANTINA-2-860x430.jpg"}}},"all_day":false,"start_date":"2025-04-16 08:00:00","start_date_details":{"year":"2025","month":"04","day":"16","hour":"08","minutes":"00","seconds":"00"},"end_date":"2025-04-16 17:00:00","end_date_details":{"year":"2025","month":"04","day":"16","hour":"17","minutes":"00","seconds":"00"},"utc_start_date":"2025-04-16 08:00:00","utc_start_date_details":{"year":"2025","month":"04","day":"16","hour":"08","minutes":"00","seconds":"00"},"utc_end_date":"2025-04-16 17:00:00","utc_end_date_details":{"year":"2025","month":"04","day":"16","hour":"17","minutes":"00","seconds":"00"},"timezone":"UTC+0","timezone_abbr":"UTC+0","cost":"","cost_details":{"currency_symbol":"","currency_code":"","currency_position":"prefix","values":[]},"website":"","show_map":true,"show_map_link":true,"hide_from_listings":false,"sticky":false,"featured":false,"categories":[{"name":"Gusto","slug":"gusto","term_group":0,"term_taxonomy_id":4405,"taxonomy":"tribe_events_cat","description":"","parent":0,"count":4,"filter":"raw","id":4405,"urls":{"self":"https:\/\/www.piemonteis.org\/index.php?rest_route=\/tribe\/events\/v1\/categories\/4405","collection":"https:\/\/www.piemonteis.org\/index.php?rest_route=\/tribe\/events\/v1\/categories"}}],"tags":[{"name":"montagna","slug":"montagna","term_group":0,"term_taxonomy_id":540,"taxonomy":"post_tag","description":"","parent":0,"count":4,"filter":"raw","id":540,"urls":{"self":"https:\/\/www.piemonteis.org\/index.php?rest_route=\/tribe\/events\/v1\/tags\/540","collection":"https:\/\/www.piemonteis.org\/index.php?rest_route=\/tribe\/events\/v1\/tags"}},{"name":"nebbiolo","slug":"nebbiolo","term_group":0,"term_taxonomy_id":453,"taxonomy":"post_tag","description":"","parent":0,"count":4,"filter":"raw","id":453,"urls":{"self":"https:\/\/www.piemonteis.org\/index.php?rest_route=\/tribe\/events\/v1\/tags\/453","collection":"https:\/\/www.piemonteis.org\/index.php?rest_route=\/tribe\/events\/v1\/tags"}},{"name":"ossola in cantina","slug":"ossola-in-cantina","term_group":0,"term_taxonomy_id":4540,"taxonomy":"post_tag","description":"","parent":0,"count":1,"filter":"raw","id":4540,"urls":{"self":"https:\/\/www.piemonteis.org\/index.php?rest_route=\/tribe\/events\/v1\/tags\/4540","collection":"https:\/\/www.piemonteis.org\/index.php?rest_route=\/tribe\/events\/v1\/tags"}},{"name":"prunent","slug":"prunent","term_group":0,"term_taxonomy_id":93,"taxonomy":"post_tag","description":"","parent":0,"count":2,"filter":"raw","id":93,"urls":{"self":"https:\/\/www.piemonteis.org\/index.php?rest_route=\/tribe\/events\/v1\/tags\/93","collection":"https:\/\/www.piemonteis.org\/index.php?rest_route=\/tribe\/events\/v1\/tags"}},{"name":"vigneti","slug":"vigneti","term_group":0,"term_taxonomy_id":3635,"taxonomy":"post_tag","description":"","parent":0,"count":2,"filter":"raw","id":3635,"urls":{"self":"https:\/\/www.piemonteis.org\/index.php?rest_route=\/tribe\/events\/v1\/tags\/3635","collection":"https:\/\/www.piemonteis.org\/index.php?rest_route=\/tribe\/events\/v1\/tags"}},{"name":"Vino","slug":"vino","term_group":0,"term_taxonomy_id":38,"taxonomy":"post_tag","description":"","parent":0,"count":26,"filter":"raw","id":38,"urls":{"self":"https:\/\/www.piemonteis.org\/index.php?rest_route=\/tribe\/events\/v1\/tags\/38","collection":"https:\/\/www.piemonteis.org\/index.php?rest_route=\/tribe\/events\/v1\/tags"}}],"venue":[],"organizer":[],"json_ld":{"@context":"http:\/\/schema.org","@type":"Event","name":"Il 26 aprile torna &#8220;Ossola in cantina&#8221; alla scoperta dei vini e dei vigneti della montagna ossolana","description":"&lt;p&gt;La terza edizione dell\u2019evento alla scoperta dei vigneti eroici nelle Alpi piemontesi offre otto tappe in altrettante cantine della Val d\u2019Ossola.&lt;\/p&gt;\\n","image":"https:\/\/www.piemonteis.org\/wp-content\/uploads\/2025\/04\/OSSOLA-IN-CANTINA-2.jpg","url":"https:\/\/www.piemonteis.org\/?tribe_events=il-26-aprile-torna-ossola-in-cantina-alla-scoperta-dei-vini-e-dei-vigneti-della-montagna-ossolana","eventAttendanceMode":"https:\/\/schema.org\/OfflineEventAttendanceMode","eventStatus":"https:\/\/schema.org\/EventScheduled","startDate":"2025-04-16T08:00:00+00:00","endDate":"2025-04-16T17:00:00+00:00","performer":"Organization"}}