{"id":1018,"date":"2015-06-26T20:52:37","date_gmt":"2015-06-26T20:52:37","guid":{"rendered":"http:\/\/www.piemonteis.org\/?p=1018"},"modified":"2015-06-28T15:26:43","modified_gmt":"2015-06-28T15:26:43","slug":"viaggio-in-monferrato-murisengo-villadeati-montiglio-tra-castelli-e-pievi-romaniche","status":"publish","type":"post","link":"https:\/\/www.piemonteis.org\/?p=1018","title":{"rendered":"Viaggio in Monferrato \u2013 Murisengo, Villadeati, Montiglio, tra scenografici castelli e pievi romaniche"},"content":{"rendered":"<p><em>Tappa precedente: <a href=\"http:\/\/www.piemonteis.org\/?p=981\">fortezza di Verrua Savoia e castello di Gabiano\u00a0<\/a><\/em><\/p>\n<p><em>Il viaggio in <strong>Monferrato<\/strong> in compagnia di <strong>Giovanni Dughera<\/strong>\u00a0ci conduce in questa tappa a visitare il borgo di <strong>Murisengo,\u00a0<\/strong>noto per la tradizionale Fiera del Tartufo, che si tiene in novembre, per le importanti cave di gesso tuttora coltivate e per aver dato i natali a Luigi Lavazza, fondatore dell&#8217;omonima ditta di caff\u00e8, per poi toccare <strong>Villadeati<\/strong>, con lo scenografico castello in cui il tardo-barocco convive con accenni di neoclassicismo, e <strong>Montiglio<\/strong>, il paese delle meridiane, che merita una sosta sia per il castello, il cui parco \u00e8 impreziosito dall&#8217;antica cappella di Sant&#8217;Andrea, sia per la pieve di San Lorenzo, insigne esempio di romanico astigiano.\u00a0<\/em><\/p>\n<p>Scendiamo nella Valcerrina e andiamo in direzione Casale Monferrato, passando accanto alla fontana d\u2019acqua solforosa \u201c<em><strong>La Pirenta<\/strong><\/em>\u201d: tali acque erano usate per curare malattie renali. A sinistra troviamo il bivio per <strong>Corteranzo<\/strong>, che conserva la <strong>chiesa di S. Luigi Gonzaga<\/strong>, del Vittone, con tre corpi sovrapposti, com\u2019\u00e8 tipico di certe opere dello stesso. Isolata tra le vigne, ha un fascino particolare.<\/p>\n<figure id=\"attachment_1019\" aria-describedby=\"caption-attachment-1019\" style=\"width: 640px\" class=\"wp-caption alignnone\"><a href=\"http:\/\/www.piemonteis.org\/wp-content\/uploads\/2015\/06\/7a-Chiesa-di-S.Luigi-Gonzaga-del-Vittone-Corteranzo.jpg\"><img decoding=\"async\" loading=\"lazy\" class=\"size-large wp-image-1019\" src=\"http:\/\/www.piemonteis.org\/wp-content\/uploads\/2015\/06\/7a-Chiesa-di-S.Luigi-Gonzaga-del-Vittone-Corteranzo-666x1024.jpg\" alt=\"Corteranzo - Chiesa di S.Luigi Gonzaga\" width=\"640\" height=\"984\" srcset=\"https:\/\/www.piemonteis.org\/wp-content\/uploads\/2015\/06\/7a-Chiesa-di-S.Luigi-Gonzaga-del-Vittone-Corteranzo-666x1024.jpg 666w, https:\/\/www.piemonteis.org\/wp-content\/uploads\/2015\/06\/7a-Chiesa-di-S.Luigi-Gonzaga-del-Vittone-Corteranzo-195x300.jpg 195w, https:\/\/www.piemonteis.org\/wp-content\/uploads\/2015\/06\/7a-Chiesa-di-S.Luigi-Gonzaga-del-Vittone-Corteranzo-600x922.jpg 600w, https:\/\/www.piemonteis.org\/wp-content\/uploads\/2015\/06\/7a-Chiesa-di-S.Luigi-Gonzaga-del-Vittone-Corteranzo.jpg 807w\" sizes=\"(max-width: 640px) 100vw, 640px\" \/><\/a><figcaption id=\"caption-attachment-1019\" class=\"wp-caption-text\">Corteranzo &#8211; Chiesa di S.Luigi Gonzaga<\/figcaption><\/figure>\n<p><strong>Murisengo<\/strong> possiede un <strong>castello<\/strong> (X-XVII sec.) costituito da un massiccio e lineare corpo e da una<strong> torre<\/strong>, di inizio Cinquecento (mentre la merlatura \u00e8 dell&#8217;Ottocento), che presenta vistose e possenti\u00a0<strong>mensole in pietra<\/strong>. Questi elementi, che oggi paiono curiosi in quanto s&#8217;\u00e8 persa coscienza della funzione originaria, fungevano da sostegno alla sommit\u00e0\u00a0aggettante della stessa torre, sporgenza necessaria sia per ottenere la massima efficacia dalla cosiddetta &#8220;<strong>difesa piombante<\/strong>&#8220;, sia quale ampliamento dello spazio calpestato, utile all&#8217;insediamento di\u00a0un maggiore numero di armati o al migliore posizionamento di macchine da difesa. Nel castello\u00a0Silvio Pellico scrisse nel 1813 la tragedia \u201cFrancesca da Rimini\u201d.<\/p>\n<figure id=\"attachment_1023\" aria-describedby=\"caption-attachment-1023\" style=\"width: 960px\" class=\"wp-caption alignnone\"><a href=\"http:\/\/www.piemonteis.org\/wp-content\/uploads\/2015\/06\/Villa-4.jpg\"><img decoding=\"async\" loading=\"lazy\" class=\"size-full wp-image-1023\" src=\"http:\/\/www.piemonteis.org\/wp-content\/uploads\/2015\/06\/Villa-4.jpg\" alt=\"Murisengo - il castello con la svettante torre dalle curiose mensole in pietra\" width=\"960\" height=\"642\" srcset=\"https:\/\/www.piemonteis.org\/wp-content\/uploads\/2015\/06\/Villa-4.jpg 960w, https:\/\/www.piemonteis.org\/wp-content\/uploads\/2015\/06\/Villa-4-300x201.jpg 300w, https:\/\/www.piemonteis.org\/wp-content\/uploads\/2015\/06\/Villa-4-600x401.jpg 600w\" sizes=\"(max-width: 960px) 100vw, 960px\" \/><\/a><figcaption id=\"caption-attachment-1023\" class=\"wp-caption-text\">Murisengo &#8211; il castello con la svettante torre dalle curiose mensole in pietra<\/figcaption><\/figure>\n<p>Nel 1164 <strong>Murisengo<\/strong> fu feudo del marchese di Monferrato, Guglielmo, mentre nei secoli successivi appartenne alla famiglia Scozia, che nel 1510 appose sulla torre una lapide, ora perduta, che cos\u00ec recitava: <em>Hostibus arx<\/em> <em>fortis\/Sed amicis gratior aula me<\/em> (Roccaforte per i nemici, ma corte gradevole per i miei amici). Gli Scozia tennero il castello sino al 1873, indi pass\u00f2 ai marchesi Guasco di Bisio. Pare che San Candido, martire della legione Tebea, abbia qui sub\u00ecto il martirio. Encomiabili i restauri del castello e del vecchio abitato, che mettono in vista il <strong>mattone tufaceo<\/strong>, dal tiepido colore biondo. Spiace constatare che il \u201cpallone\u201d di plastica del campo sportivo abbia rovinato il bel paesaggio che si gode dall\u2019alto.<\/p>\n<p><a href=\"mailto:staff@castellodimurisengo.it\">staff@castellodimurisengo.it<\/a>\u00a0 tel. 346.3540.330<\/p>\n<figure id=\"attachment_1020\" aria-describedby=\"caption-attachment-1020\" style=\"width: 640px\" class=\"wp-caption aligncenter\"><a href=\"http:\/\/www.piemonteis.org\/wp-content\/uploads\/2015\/06\/10-panorama-da-Murisengo.jpg\"><img decoding=\"async\" loading=\"lazy\" class=\"size-large wp-image-1020\" src=\"http:\/\/www.piemonteis.org\/wp-content\/uploads\/2015\/06\/10-panorama-da-Murisengo-1024x683.jpg\" alt=\"Panorama da Murisengo\" width=\"640\" height=\"427\" srcset=\"https:\/\/www.piemonteis.org\/wp-content\/uploads\/2015\/06\/10-panorama-da-Murisengo-1024x683.jpg 1024w, https:\/\/www.piemonteis.org\/wp-content\/uploads\/2015\/06\/10-panorama-da-Murisengo-300x200.jpg 300w, https:\/\/www.piemonteis.org\/wp-content\/uploads\/2015\/06\/10-panorama-da-Murisengo-600x400.jpg 600w, https:\/\/www.piemonteis.org\/wp-content\/uploads\/2015\/06\/10-panorama-da-Murisengo.jpg 1233w\" sizes=\"(max-width: 640px) 100vw, 640px\" \/><\/a><figcaption id=\"caption-attachment-1020\" class=\"wp-caption-text\">Panorama da Murisengo<\/figcaption><\/figure>\n<p>Indi giungiamo a <strong>Villadeati<\/strong>, il cui nome deriva dalla famiglia Deati, signori astigiani che videro un loro rappresentante come consigliere dell\u2019imperatore Carlo V. Il <strong>castello-villa<\/strong>, definito ora tardo settecentesco ora di inizio Ottocento, \u00e8 un esempio di tardo barocco che si fonde con gli albori del neoclassicismo: opera gi\u00e0 attribuita al Magnocavalli, architetto operante nel casalese, in realt\u00e0 l\u2019autore \u00e8 il parroco del paese, Tommaso Audisio.<\/p>\n<figure id=\"attachment_1021\" aria-describedby=\"caption-attachment-1021\" style=\"width: 960px\" class=\"wp-caption alignnone\"><a href=\"http:\/\/www.piemonteis.org\/wp-content\/uploads\/2015\/06\/Villa1.jpg\"><img decoding=\"async\" loading=\"lazy\" class=\"size-full wp-image-1021\" src=\"http:\/\/www.piemonteis.org\/wp-content\/uploads\/2015\/06\/Villa1.jpg\" alt=\"Lo scenografico castello di Villadeati\" width=\"960\" height=\"642\" srcset=\"https:\/\/www.piemonteis.org\/wp-content\/uploads\/2015\/06\/Villa1.jpg 960w, https:\/\/www.piemonteis.org\/wp-content\/uploads\/2015\/06\/Villa1-300x201.jpg 300w, https:\/\/www.piemonteis.org\/wp-content\/uploads\/2015\/06\/Villa1-600x401.jpg 600w\" sizes=\"(max-width: 960px) 100vw, 960px\" \/><\/a><figcaption id=\"caption-attachment-1021\" class=\"wp-caption-text\">Lo scenografico castello di Villadeati<\/figcaption><\/figure>\n<p>Tre giardini pensili si fondono con l\u2019austera teoria dei colonnati, mitigata questa severit\u00e0 dalla disposizione ad emiciclo, quindi curvilinea, dei vari corpi architettonici, costituiti da corridoi coperti, balconate, esedre, logge.<\/p>\n<figure id=\"attachment_1022\" aria-describedby=\"caption-attachment-1022\" style=\"width: 201px\" class=\"wp-caption alignright\"><a href=\"http:\/\/www.piemonteis.org\/wp-content\/uploads\/2015\/06\/Villa-3.jpg\"><img decoding=\"async\" loading=\"lazy\" class=\"wp-image-1022 size-medium\" src=\"http:\/\/www.piemonteis.org\/wp-content\/uploads\/2015\/06\/Villa-3-201x300.jpg\" alt=\"Villadeati - scorcio del borgo antico\" width=\"201\" height=\"300\" srcset=\"https:\/\/www.piemonteis.org\/wp-content\/uploads\/2015\/06\/Villa-3-201x300.jpg 201w, https:\/\/www.piemonteis.org\/wp-content\/uploads\/2015\/06\/Villa-3-600x897.jpg 600w, https:\/\/www.piemonteis.org\/wp-content\/uploads\/2015\/06\/Villa-3.jpg 642w\" sizes=\"(max-width: 201px) 100vw, 201px\" \/><\/a><figcaption id=\"caption-attachment-1022\" class=\"wp-caption-text\">Villadeati &#8211; scorcio del borgo antico<\/figcaption><\/figure>\n<p>L\u2019insieme appare molto scenografico ma lontano dalla raffinatezza del barocco pi\u00f9 \u201cantico\u201d, sebbene sussista quella contrapposizione di volumi tipica del barocco definita \u201c<strong>giustapposizione pulsante<\/strong>\u201d, e cio\u00e8 un\u2019architettura convessa opposto a una concava, ad esempio, che movimenta l\u2019insieme in un abbraccio con lo spazio circostante. \u00a0Nel parco emergono grandi cipressi, cedri del Libano e altre essenze sempreverdi formanti uno svettante<em> ensemble<\/em> verde, che accentua un apparentemente celato ritmo musicale del complesso.<\/p>\n<p><strong>Montiglio<\/strong>. Il nome deriva forse da <em>Mons tilius<\/em>. L\u2019abitato di Montiglio, torre, castello e campanile \u00e8 un armonico <em>ensemble<\/em> in cotto e mattoni tufacei,\u00a0 disposto in maniera tale da sembrare \u00a0voglia scivolare verso il cielo e l\u2019ampiezza della valle. Il <strong>castello<\/strong> venne costruito nel XII secolo da signori locali legati al Marchese del Monferrato e allo stato attuale l\u2019aspetto esterno si data al XV secolo, mentre l\u2019interno \u00e8 \u201crivestito\u201d della raffinatezza settecentesca: in particolare si nota, nella sala della musica, un affresco in una nicchia della torre, che presenta rovine classiche in un paesaggio di gusto boschereccio: l\u2019Arcadia, lo stesso clima intellettuale e poetico delle rovine italiane del centro e sud Italia visitate dai viaggiatori europei del <em>Grand Tour<\/em>.<\/p>\n<figure id=\"attachment_1036\" aria-describedby=\"caption-attachment-1036\" style=\"width: 886px\" class=\"wp-caption alignnone\"><a href=\"http:\/\/www.piemonteis.org\/wp-content\/uploads\/2015\/06\/Monti-5.jpg\"><img decoding=\"async\" loading=\"lazy\" class=\"size-full wp-image-1036\" src=\"http:\/\/www.piemonteis.org\/wp-content\/uploads\/2015\/06\/Monti-5.jpg\" alt=\"Castello Montiglio \u2013 Paesaggio boschereccio con rovine (\u2018700) -da A.C.I.- T.Nicolini, T.Forno -I castelli del Piemonte \u2013 LEA 1967\" width=\"886\" height=\"902\" srcset=\"https:\/\/www.piemonteis.org\/wp-content\/uploads\/2015\/06\/Monti-5.jpg 886w, https:\/\/www.piemonteis.org\/wp-content\/uploads\/2015\/06\/Monti-5-295x300.jpg 295w, https:\/\/www.piemonteis.org\/wp-content\/uploads\/2015\/06\/Monti-5-600x611.jpg 600w\" sizes=\"(max-width: 886px) 100vw, 886px\" \/><\/a><figcaption id=\"caption-attachment-1036\" class=\"wp-caption-text\">Castello Montiglio \u2013 Paesaggio boschereccio con rovine (\u2018700) -da A.C.I.- T.Nicolini, T.Forno -I castelli del Piemonte \u2013 LEA 1967<\/figcaption><\/figure>\n<p>Gli ultimi nobili che l\u2019abitarono furono i Cocconito.<\/p>\n<p>Il castello venne frequentato da famosi <strong><em>trovatori<\/em><\/strong> al tempo dei Marchesi del Monferrato.<\/p>\n<figure id=\"attachment_1024\" aria-describedby=\"caption-attachment-1024\" style=\"width: 640px\" class=\"wp-caption aligncenter\"><a href=\"http:\/\/www.piemonteis.org\/wp-content\/uploads\/2015\/06\/8-Montiglio-castello.jpg\"><img decoding=\"async\" loading=\"lazy\" class=\"size-large wp-image-1024\" src=\"http:\/\/www.piemonteis.org\/wp-content\/uploads\/2015\/06\/8-Montiglio-castello-1024x678.jpg\" alt=\"Castello di Montiglio\" width=\"640\" height=\"424\" srcset=\"https:\/\/www.piemonteis.org\/wp-content\/uploads\/2015\/06\/8-Montiglio-castello-1024x678.jpg 1024w, https:\/\/www.piemonteis.org\/wp-content\/uploads\/2015\/06\/8-Montiglio-castello-300x199.jpg 300w, https:\/\/www.piemonteis.org\/wp-content\/uploads\/2015\/06\/8-Montiglio-castello-600x397.jpg 600w, https:\/\/www.piemonteis.org\/wp-content\/uploads\/2015\/06\/8-Montiglio-castello.jpg 1232w\" sizes=\"(max-width: 640px) 100vw, 640px\" \/><\/a><figcaption id=\"caption-attachment-1024\" class=\"wp-caption-text\">Castello di Montiglio<\/figcaption><\/figure>\n<p>I <strong><em>trovatori<\/em><\/strong>, poeti-musicisti di origine provenzale e quindi di lingua <em>d\u2019oc<\/em> fiorirono in Provenza (XI-XIII sec.), in piena epoca cavalleresca: all\u2019inizio erano principi, castellani e dame,\u00a0 ma furono spesso i giullari, uomini di corte ora buffoni ora poeti, erranti, a portare le liriche a tema d\u2019amore nei castelli. Le poesie erano legate alla tradizione cortese del Medioevo e ai costumi feudali ed influenzarono Dante e il \u201cdolce stil novo\u201d. \u00a0Ricordiamo la celebre canzone <strong><em>Kalenda Maya<\/em><\/strong>, scritta dal trovatore Rambaldo (Raimbaut) di Vaqueiras (1200) per Beatrice di Monferrato, anche se lo troviamo nel castello di Pontestura (AL), in altra parte del Monferrato, ma potrebbe essere passato anche da Montiglio\u2026<\/p>\n<figure id=\"attachment_1025\" aria-describedby=\"caption-attachment-1025\" style=\"width: 640px\" class=\"wp-caption aligncenter\"><a href=\"http:\/\/www.piemonteis.org\/wp-content\/uploads\/2015\/06\/9-panorama-da-Montiglio.jpg\"><img decoding=\"async\" loading=\"lazy\" class=\"size-large wp-image-1025\" src=\"http:\/\/www.piemonteis.org\/wp-content\/uploads\/2015\/06\/9-panorama-da-Montiglio-1024x680.jpg\" alt=\"Il vasto panorama da Montiglio\" width=\"640\" height=\"425\" srcset=\"https:\/\/www.piemonteis.org\/wp-content\/uploads\/2015\/06\/9-panorama-da-Montiglio-1024x680.jpg 1024w, https:\/\/www.piemonteis.org\/wp-content\/uploads\/2015\/06\/9-panorama-da-Montiglio-300x199.jpg 300w, https:\/\/www.piemonteis.org\/wp-content\/uploads\/2015\/06\/9-panorama-da-Montiglio-600x399.jpg 600w, https:\/\/www.piemonteis.org\/wp-content\/uploads\/2015\/06\/9-panorama-da-Montiglio.jpg 1230w\" sizes=\"(max-width: 640px) 100vw, 640px\" \/><\/a><figcaption id=\"caption-attachment-1025\" class=\"wp-caption-text\">Il vasto panorama da Montiglio con le Alpi innevate sullo sfondo<\/figcaption><\/figure>\n<p>Il castello \u00e8 curioso per le persiane, <em>gelos\u00ece<\/em> in piemontese, con strisce diagonali, tipico motivo medievale, che movimentano l\u2019aspetto globale, possente ed elegante insieme, del castello. Nel parco del castello si trova la <strong>cappella di S. Andrea<\/strong>, in parte romanica e in parte gotica, con il maggior <strong>ciclo di<\/strong> <strong>affreschi trecenteschi del Piemonte<\/strong>, che rappresentano episodi della Passione e Sepoltura di Cristo: l\u2019autore \u00e8 il Maestro di Montiglio.<\/p>\n<figure id=\"attachment_1027\" aria-describedby=\"caption-attachment-1027\" style=\"width: 960px\" class=\"wp-caption alignnone\"><a href=\"http:\/\/www.piemonteis.org\/wp-content\/uploads\/2015\/06\/Monti3.jpg\"><img decoding=\"async\" loading=\"lazy\" class=\"size-full wp-image-1027\" src=\"http:\/\/www.piemonteis.org\/wp-content\/uploads\/2015\/06\/Monti3.jpg\" alt=\"Cappella di Sant'Andrea - dettaglio del ciclo di affreschi trecenteschi\" width=\"960\" height=\"640\" srcset=\"https:\/\/www.piemonteis.org\/wp-content\/uploads\/2015\/06\/Monti3.jpg 960w, https:\/\/www.piemonteis.org\/wp-content\/uploads\/2015\/06\/Monti3-300x200.jpg 300w, https:\/\/www.piemonteis.org\/wp-content\/uploads\/2015\/06\/Monti3-600x400.jpg 600w\" sizes=\"(max-width: 960px) 100vw, 960px\" \/><\/a><figcaption id=\"caption-attachment-1027\" class=\"wp-caption-text\">Cappella di Sant&#8217;Andrea &#8211; dettaglio del ciclo di affreschi trecenteschi<\/figcaption><\/figure>\n<p>Nonostante siano lacunosi a causa di tracce di calce, che veniva gettata sui muri in tempo di peste per evitare contagi, gli affreschi sono singolarmente vivi nei colori, espressioni e movimento delle figure (restauro laboratorio Nicola).<\/p>\n<p>Nel cimitero \u00e8 affascinante la <strong>Pieve di S. Lorenzo <\/strong>(XII secolo<strong>)<\/strong>, meno ricca di S. Fede, ma pi\u00f9 elegante con le sue finestre, i suoi misteriosi visi e altri disegni scolpiti nell\u2019arenaria alternata a cotto: archetti con testine, palmette e intrecci. Vediamo anche motivi decorativi di fantasia: denti di lupo, <em>billettes<\/em>, <em>damier (<\/em>motivo a scacchiera come nel gioco della dama<em>)<\/em>, cornici modanate. All\u2019interno vi sono capitelli con intrecci vegetali, sirene, animali e mostri, foglie d\u2019acanto. La sapienza che ebbe l\u2019Uomo medievale a modellare questi disegni, spesso sinuosi, avvolgentesi in un ciclo continuo, qui pare illusoriamente\u00a0 essere stata mediata dal movimento delle colline, nel loro continuo alternarsi curvilineo, morbido, leggero, e dalle forme vegetali. Il bianco dell\u2019arenaria era fornito dalle cave della zona e le chiese romaniche astigiane, sempre in cotto e arenaria, si integrano quindi armoniosamente in questa terra.<\/p>\n<figure id=\"attachment_1037\" aria-describedby=\"caption-attachment-1037\" style=\"width: 966px\" class=\"wp-caption alignnone\"><a href=\"http:\/\/www.piemonteis.org\/wp-content\/uploads\/2015\/06\/Monti8.jpg\"><img decoding=\"async\" loading=\"lazy\" class=\"size-full wp-image-1037\" src=\"http:\/\/www.piemonteis.org\/wp-content\/uploads\/2015\/06\/Monti8.jpg\" alt=\"Montiglio - pieve di San Lorenzo\" width=\"966\" height=\"639\" srcset=\"https:\/\/www.piemonteis.org\/wp-content\/uploads\/2015\/06\/Monti8.jpg 966w, https:\/\/www.piemonteis.org\/wp-content\/uploads\/2015\/06\/Monti8-300x198.jpg 300w, https:\/\/www.piemonteis.org\/wp-content\/uploads\/2015\/06\/Monti8-600x397.jpg 600w\" sizes=\"(max-width: 966px) 100vw, 966px\" \/><\/a><figcaption id=\"caption-attachment-1037\" class=\"wp-caption-text\">Montiglio &#8211; pieve di San Lorenzo<\/figcaption><\/figure>\n<p>Secondo lo scomparso studioso A. Cavallari Murat, la scansione ritmica di archetti pensili \u00e8 una sorta di pagina architettonica, dove il sinfonico susseguirsi degli archetti ha come un corrispettivo nella coeva musicalit\u00e0 gregoriana: delle \u201cfrasi musicali\u201d scritte con la pietra. Il canto gregoriano \u00e8 proprio della liturgia cattolica romana.<\/p>\n<figure id=\"attachment_1030\" aria-describedby=\"caption-attachment-1030\" style=\"width: 640px\" class=\"wp-caption alignnone\"><a href=\"http:\/\/www.piemonteis.org\/wp-content\/uploads\/2015\/06\/9b-Montiglio-Pieve-di-S.-Lorenzo.jpg\"><img decoding=\"async\" loading=\"lazy\" class=\"size-large wp-image-1030\" src=\"http:\/\/www.piemonteis.org\/wp-content\/uploads\/2015\/06\/9b-Montiglio-Pieve-di-S.-Lorenzo-1024x682.jpg\" alt=\"Pieve di San Lorenzo - dettaglio dell'abside\" width=\"640\" height=\"426\" srcset=\"https:\/\/www.piemonteis.org\/wp-content\/uploads\/2015\/06\/9b-Montiglio-Pieve-di-S.-Lorenzo-1024x682.jpg 1024w, https:\/\/www.piemonteis.org\/wp-content\/uploads\/2015\/06\/9b-Montiglio-Pieve-di-S.-Lorenzo-300x200.jpg 300w, https:\/\/www.piemonteis.org\/wp-content\/uploads\/2015\/06\/9b-Montiglio-Pieve-di-S.-Lorenzo-600x400.jpg 600w, https:\/\/www.piemonteis.org\/wp-content\/uploads\/2015\/06\/9b-Montiglio-Pieve-di-S.-Lorenzo.jpg 1232w\" sizes=\"(max-width: 640px) 100vw, 640px\" \/><\/a><figcaption id=\"caption-attachment-1030\" class=\"wp-caption-text\">Pieve di San Lorenzo &#8211; dettaglio dell&#8217;abside<\/figcaption><\/figure>\n<p>Montiglio \u00e8 il <strong>paese delle meridiane<\/strong>, ben cinquanta ne conta il territorio comunale, poich\u00e9 \u00e8 nativo di qui Mario Tebenghi, il \u201csignore delle meridiane\u201d, appassionato e abilissimo restauratore e costruttore di meridiane, unico forse in Italia.<\/p>\n<p>Testo e foto di Giovanni Dughera<\/p>\n<figure id=\"attachment_1031\" aria-describedby=\"caption-attachment-1031\" style=\"width: 640px\" class=\"wp-caption alignnone\"><a href=\"http:\/\/www.piemonteis.org\/wp-content\/uploads\/2015\/06\/11-Mario-Tebenghi-e-le-sue-meridiane.jpg\"><img decoding=\"async\" loading=\"lazy\" class=\"size-large wp-image-1031\" src=\"http:\/\/www.piemonteis.org\/wp-content\/uploads\/2015\/06\/11-Mario-Tebenghi-e-le-sue-meridiane-1024x680.jpg\" alt=\"Mario Tebenghi e le sue meridiane\" width=\"640\" height=\"425\" srcset=\"https:\/\/www.piemonteis.org\/wp-content\/uploads\/2015\/06\/11-Mario-Tebenghi-e-le-sue-meridiane-1024x680.jpg 1024w, https:\/\/www.piemonteis.org\/wp-content\/uploads\/2015\/06\/11-Mario-Tebenghi-e-le-sue-meridiane-300x199.jpg 300w, https:\/\/www.piemonteis.org\/wp-content\/uploads\/2015\/06\/11-Mario-Tebenghi-e-le-sue-meridiane-600x399.jpg 600w, https:\/\/www.piemonteis.org\/wp-content\/uploads\/2015\/06\/11-Mario-Tebenghi-e-le-sue-meridiane.jpg 1231w\" sizes=\"(max-width: 640px) 100vw, 640px\" \/><\/a><figcaption id=\"caption-attachment-1031\" class=\"wp-caption-text\">Mario Tebenghi e le sue meridiane<\/figcaption><\/figure>\n","protected":false},"excerpt":{"rendered":"<p>Tappa precedente: fortezza di Verrua Savoia e castello di Gabiano\u00a0 Il viaggio in Monferrato in compagnia di Giovanni Dughera\u00a0ci conduce in questa tappa&#8230;<\/p>\n","protected":false},"author":1,"featured_media":1024,"comment_status":"open","ping_status":"open","sticky":false,"template":"","format":"standard","meta":{"footnotes":""},"categories":[8,25,14,3],"tags":[],"_links":{"self":[{"href":"https:\/\/www.piemonteis.org\/index.php?rest_route=\/wp\/v2\/posts\/1018"}],"collection":[{"href":"https:\/\/www.piemonteis.org\/index.php?rest_route=\/wp\/v2\/posts"}],"about":[{"href":"https:\/\/www.piemonteis.org\/index.php?rest_route=\/wp\/v2\/types\/post"}],"author":[{"embeddable":true,"href":"https:\/\/www.piemonteis.org\/index.php?rest_route=\/wp\/v2\/users\/1"}],"replies":[{"embeddable":true,"href":"https:\/\/www.piemonteis.org\/index.php?rest_route=%2Fwp%2Fv2%2Fcomments&post=1018"}],"version-history":[{"count":5,"href":"https:\/\/www.piemonteis.org\/index.php?rest_route=\/wp\/v2\/posts\/1018\/revisions"}],"predecessor-version":[{"id":1038,"href":"https:\/\/www.piemonteis.org\/index.php?rest_route=\/wp\/v2\/posts\/1018\/revisions\/1038"}],"wp:featuredmedia":[{"embeddable":true,"href":"https:\/\/www.piemonteis.org\/index.php?rest_route=\/wp\/v2\/media\/1024"}],"wp:attachment":[{"href":"https:\/\/www.piemonteis.org\/index.php?rest_route=%2Fwp%2Fv2%2Fmedia&parent=1018"}],"wp:term":[{"taxonomy":"category","embeddable":true,"href":"https:\/\/www.piemonteis.org\/index.php?rest_route=%2Fwp%2Fv2%2Fcategories&post=1018"},{"taxonomy":"post_tag","embeddable":true,"href":"https:\/\/www.piemonteis.org\/index.php?rest_route=%2Fwp%2Fv2%2Ftags&post=1018"}],"curies":[{"name":"wp","href":"https:\/\/api.w.org\/{rel}","templated":true}]}}