{"id":1070,"date":"2015-07-03T13:19:11","date_gmt":"2015-07-03T13:19:11","guid":{"rendered":"http:\/\/www.piemonteis.org\/?p=1070"},"modified":"2015-07-07T16:39:30","modified_gmt":"2015-07-07T16:39:30","slug":"viaggio-in-monferrato-itinerario-tra-pievi-romaniche-castelli-e-giardini-storici-da-montechiaro-dasti-a-cortazzone","status":"publish","type":"post","link":"https:\/\/www.piemonteis.org\/?p=1070","title":{"rendered":"Viaggio in Monferrato &#8211; itinerario tra pievi romaniche, castelli e giardini storici, da Montechiaro d&#8217;Asti a Cortazzone"},"content":{"rendered":"<p>Tappa precedente: <a href=\"http:\/\/www.piemonteis.org\/?p=1018\">Murisengo, Villadeati, Montiglio\u00a0<\/a><\/p>\n<p><em>Il tour monferrino guidato da <strong>Giovanni Dughera<\/strong> prosegue alla scoperta di antiche pievi, come le chiese dei Santi Nazario e Celso a <strong>Montechiaro d&#8217;Asti<\/strong> e San Secondo a <strong>Cortazzone<\/strong>, castelli trasformati in splendide residenze settecentesche, come <strong>Castell&#8217;Alfero<\/strong>, e giardini storici, di cui \u00e8 fulgido esempio quello che orna il castello di <strong>Soglio<\/strong>.\u00a0<\/em><\/p>\n<p>Dopo <strong>Montiglio<\/strong> la strada scorre nel fondovalle verdissimo, e ai lati alcuni paesi come Colcavagno, Scandeluzza,\u00a0 Frinco si elevano con le loro compatte colorazioni rossastre, campanili, torri di castelli, case.<\/p>\n<figure id=\"attachment_1071\" aria-describedby=\"caption-attachment-1071\" style=\"width: 640px\" class=\"wp-caption aligncenter\"><a href=\"http:\/\/www.piemonteis.org\/wp-content\/uploads\/2015\/07\/11a-S.-Nazario-e-Celso.jpg\"><img decoding=\"async\" loading=\"lazy\" class=\"wp-image-1071 size-large\" src=\"http:\/\/www.piemonteis.org\/wp-content\/uploads\/2015\/07\/11a-S.-Nazario-e-Celso-1024x679.jpg\" alt=\"Montechiaro d'Asti - la pieve dei Santi Nazario e Celso \" width=\"640\" height=\"424\" srcset=\"https:\/\/www.piemonteis.org\/wp-content\/uploads\/2015\/07\/11a-S.-Nazario-e-Celso-1024x679.jpg 1024w, https:\/\/www.piemonteis.org\/wp-content\/uploads\/2015\/07\/11a-S.-Nazario-e-Celso-300x199.jpg 300w, https:\/\/www.piemonteis.org\/wp-content\/uploads\/2015\/07\/11a-S.-Nazario-e-Celso-600x398.jpg 600w, https:\/\/www.piemonteis.org\/wp-content\/uploads\/2015\/07\/11a-S.-Nazario-e-Celso.jpg 1231w\" sizes=\"(max-width: 640px) 100vw, 640px\" \/><\/a><figcaption id=\"caption-attachment-1071\" class=\"wp-caption-text\">Montechiaro d&#8217;Asti &#8211; la pieve dei Santi Nazario e Celso<\/figcaption><\/figure>\n<p>Giungiamo alla stupenda <strong>chiesa dei SS. Nazario e Celso, <\/strong>a<strong> Montechiaro d\u2019Asti<\/strong>. Posta sulla sommit\u00e0 di una<\/p>\n<figure id=\"attachment_1072\" aria-describedby=\"caption-attachment-1072\" style=\"width: 195px\" class=\"wp-caption alignright\"><a href=\"http:\/\/www.piemonteis.org\/wp-content\/uploads\/2015\/07\/12-S.-Nazario-e-Celso.jpg\"><img decoding=\"async\" loading=\"lazy\" class=\"size-medium wp-image-1072\" src=\"http:\/\/www.piemonteis.org\/wp-content\/uploads\/2015\/07\/12-S.-Nazario-e-Celso-195x300.jpg\" alt=\"Pieve dei Santi Nazario e Celso - la facciata con il suo caratteristico bicromatismo\" width=\"195\" height=\"300\" srcset=\"https:\/\/www.piemonteis.org\/wp-content\/uploads\/2015\/07\/12-S.-Nazario-e-Celso-195x300.jpg 195w, https:\/\/www.piemonteis.org\/wp-content\/uploads\/2015\/07\/12-S.-Nazario-e-Celso-667x1024.jpg 667w, https:\/\/www.piemonteis.org\/wp-content\/uploads\/2015\/07\/12-S.-Nazario-e-Celso-600x921.jpg 600w, https:\/\/www.piemonteis.org\/wp-content\/uploads\/2015\/07\/12-S.-Nazario-e-Celso.jpg 810w\" sizes=\"(max-width: 195px) 100vw, 195px\" \/><\/a><figcaption id=\"caption-attachment-1072\" class=\"wp-caption-text\">Pieve dei Santi Nazario e Celso &#8211; la facciata con il suo caratteristico bicromatismo<\/figcaption><\/figure>\n<p>collina, aerea, di delicate proporzioni, elegante per i suoi blocchi di arenaria sovrapposti a blocchi in cotto, lineari, dove la mano dell\u2019Uomo disegn\u00f2 rilievi delicati ed espressive: capitelli con animali, decorazioni a viticci intrecciati, motivi a palmette e cornucopie, motivi a denti di lupo . Ma la particolarit\u00e0 qui \u00e8 soprattutto nel bicromatismo, biondo miele e rosso dei mattoni: un sapiente gioco di colori.<\/p>\n<p>La chiesa, circondata da spazi ondulati, lisci, che ne consentono una visione senza intrusioni, \u00e8 altres\u00ec circondata da uno spazio aereo che conserva un alone di spiritualit\u00e0, punteggiato dalle colline circostanti che si allargano imponenti; i paesi che vi si adagiano hanno campanili che si stagliano sullo sfondo delle Alpi e ci\u00f2 rende il paesaggio completo e di ampio respiro. La chiesa nell\u2019Ottocento venne \u201csmantellata\u201d e ricostruita, ma pare che molte pietre \u201cavanzarono\u201d e la chiesa risulta pi\u00f9 piccola di quella originaria: stravaganze dell\u2019Ottocento.<\/p>\n<p>&nbsp;<\/p>\n<p>&nbsp;<\/p>\n<figure id=\"attachment_1073\" aria-describedby=\"caption-attachment-1073\" style=\"width: 640px\" class=\"wp-caption alignnone\"><a href=\"http:\/\/www.piemonteis.org\/wp-content\/uploads\/2015\/07\/12a-S.-Nazario-e-Celso.jpg\"><img decoding=\"async\" loading=\"lazy\" class=\"wp-image-1073 size-large\" src=\"http:\/\/www.piemonteis.org\/wp-content\/uploads\/2015\/07\/12a-S.-Nazario-e-Celso-1024x686.jpg\" alt=\"Pieve dei Santi Nazario e Celso - dettaglio del portale d'ingresso\" width=\"640\" height=\"429\" srcset=\"https:\/\/www.piemonteis.org\/wp-content\/uploads\/2015\/07\/12a-S.-Nazario-e-Celso-1024x686.jpg 1024w, https:\/\/www.piemonteis.org\/wp-content\/uploads\/2015\/07\/12a-S.-Nazario-e-Celso-300x201.jpg 300w, https:\/\/www.piemonteis.org\/wp-content\/uploads\/2015\/07\/12a-S.-Nazario-e-Celso-600x402.jpg 600w, https:\/\/www.piemonteis.org\/wp-content\/uploads\/2015\/07\/12a-S.-Nazario-e-Celso.jpg 1230w\" sizes=\"(max-width: 640px) 100vw, 640px\" \/><\/a><figcaption id=\"caption-attachment-1073\" class=\"wp-caption-text\">Pieve dei Santi Nazario e Celso &#8211; dettaglio del portale d&#8217;ingresso<\/figcaption><\/figure>\n<p>Vale la pena allontanarsi un po\u2019 in direzione di Asti per vedere il magnifico castello-villa di <strong>Castell\u2019Alfero. <\/strong>L\u2019aspetto attuale della villa risale al tardo Settecento, quando la\u00a0 famiglia del conte Alessandro Amico di Castell\u2019Alfero la riedific\u00f2 sui resti del castello feudale.<\/p>\n<figure id=\"attachment_1075\" aria-describedby=\"caption-attachment-1075\" style=\"width: 640px\" class=\"wp-caption aligncenter\"><a href=\"http:\/\/www.piemonteis.org\/wp-content\/uploads\/2015\/07\/12b-Cartolina-del-Novecento.-CastellAlfero.-Facciata-del-castello.jpg\"><img decoding=\"async\" loading=\"lazy\" class=\"wp-image-1075 size-large\" src=\"http:\/\/www.piemonteis.org\/wp-content\/uploads\/2015\/07\/12b-Cartolina-del-Novecento.-CastellAlfero.-Facciata-del-castello-1024x672.jpg\" alt=\"Cartolina del Novecento - castello di Castell'Alfero\" width=\"640\" height=\"420\" srcset=\"https:\/\/www.piemonteis.org\/wp-content\/uploads\/2015\/07\/12b-Cartolina-del-Novecento.-CastellAlfero.-Facciata-del-castello-1024x672.jpg 1024w, https:\/\/www.piemonteis.org\/wp-content\/uploads\/2015\/07\/12b-Cartolina-del-Novecento.-CastellAlfero.-Facciata-del-castello-300x197.jpg 300w, https:\/\/www.piemonteis.org\/wp-content\/uploads\/2015\/07\/12b-Cartolina-del-Novecento.-CastellAlfero.-Facciata-del-castello-600x394.jpg 600w, https:\/\/www.piemonteis.org\/wp-content\/uploads\/2015\/07\/12b-Cartolina-del-Novecento.-CastellAlfero.-Facciata-del-castello.jpg 1089w\" sizes=\"(max-width: 640px) 100vw, 640px\" \/><\/a><figcaption id=\"caption-attachment-1075\" class=\"wp-caption-text\">Cartolina del Novecento &#8211; castello di Castell&#8217;Alfero<\/figcaption><\/figure>\n<p>L\u2019opera \u00e8 attribuita all\u2019architetto \u00a0<strong>Benedetto Alfieri<\/strong> (1700-1767), ravvisando alcuni studiosi delle somiglianze con palazzo Mazzetti di Asti e palazzo Ghilini di Alessandria. Personalmente ritengo che la somiglianza pi\u00f9 evidente sia da ravvisarsi in un castello poco conosciuto e \u2026invisibile ai pi\u00f9: il <strong>castello della Saffarona<\/strong> a <strong>Torino<\/strong>, attribuito all\u2019Alfieri dall\u2019abate Baruffi sulla scorta della consultazione dell\u2019archivio dei principi Dal Pozzo (proprietari al tempo).\u00a0 Lo studioso Claudio Di Lascio, dopo un attento esame della questione e degli studi Bellini-Macera, ritiene anch\u2019esso che l\u2019opera sia da attribuire al Conte Bartolomeo Giuseppe Amico di Castell\u2019Alfero, essendo il nobile molto vicino all\u2019 Alfieri e direttore dei lavori in alcune opere.<\/p>\n<figure id=\"attachment_1076\" aria-describedby=\"caption-attachment-1076\" style=\"width: 640px\" class=\"wp-caption aligncenter\"><a href=\"http:\/\/www.piemonteis.org\/wp-content\/uploads\/2015\/07\/12d-Castello-di-CastellAlfero-Salone-delle-allegorie-ingresso-a-Est.jpg\"><img decoding=\"async\" loading=\"lazy\" class=\"wp-image-1076 size-large\" src=\"http:\/\/www.piemonteis.org\/wp-content\/uploads\/2015\/07\/12d-Castello-di-CastellAlfero-Salone-delle-allegorie-ingresso-a-Est-768x1024.jpg\" alt=\"Castello di Castell'Alfero - Salone delle Allegorie, ingresso ad Est\" width=\"640\" height=\"853\" srcset=\"https:\/\/www.piemonteis.org\/wp-content\/uploads\/2015\/07\/12d-Castello-di-CastellAlfero-Salone-delle-allegorie-ingresso-a-Est-768x1024.jpg 768w, https:\/\/www.piemonteis.org\/wp-content\/uploads\/2015\/07\/12d-Castello-di-CastellAlfero-Salone-delle-allegorie-ingresso-a-Est-225x300.jpg 225w, https:\/\/www.piemonteis.org\/wp-content\/uploads\/2015\/07\/12d-Castello-di-CastellAlfero-Salone-delle-allegorie-ingresso-a-Est-600x800.jpg 600w, https:\/\/www.piemonteis.org\/wp-content\/uploads\/2015\/07\/12d-Castello-di-CastellAlfero-Salone-delle-allegorie-ingresso-a-Est.jpg 1536w\" sizes=\"(max-width: 640px) 100vw, 640px\" \/><\/a><figcaption id=\"caption-attachment-1076\" class=\"wp-caption-text\">Castello di Castell&#8217;Alfero &#8211; Salone delle Allegorie, ingresso ad Est<\/figcaption><\/figure>\n<p>Se lo \u00e8, quantomeno c\u2019\u00e8 una forte ispirazione dalle opere dell\u2019Alfieri. Gli affreschi dei saloni all\u2019interno sono, secondo il Di Lascio, da attribuirsi a G. Mengozzi-Colonna (1688-1766): collaboratore del Tiepolo, affresc\u00f2, con G.B. Crosato alcune volte della Palazzina di Caccia di Stupinigi e lavor\u00f2 al cantiere juvarriano di Villa della Regina (TO). E\u2019 considerato il pi\u00f9 grande quadraturista del Settecento.<\/p>\n<figure id=\"attachment_1077\" aria-describedby=\"caption-attachment-1077\" style=\"width: 640px\" class=\"wp-caption aligncenter\"><a href=\"http:\/\/www.piemonteis.org\/wp-content\/uploads\/2015\/07\/caste.jpg\"><img decoding=\"async\" loading=\"lazy\" class=\"wp-image-1077 size-full\" src=\"http:\/\/www.piemonteis.org\/wp-content\/uploads\/2015\/07\/caste.jpg\" alt=\"Castello di Castell'Alfero - particolare del Salone Verde\" width=\"640\" height=\"960\" srcset=\"https:\/\/www.piemonteis.org\/wp-content\/uploads\/2015\/07\/caste.jpg 640w, https:\/\/www.piemonteis.org\/wp-content\/uploads\/2015\/07\/caste-200x300.jpg 200w, https:\/\/www.piemonteis.org\/wp-content\/uploads\/2015\/07\/caste-600x900.jpg 600w\" sizes=\"(max-width: 640px) 100vw, 640px\" \/><\/a><figcaption id=\"caption-attachment-1077\" class=\"wp-caption-text\">Castello di Castell&#8217;Alfero &#8211; particolare del Salone Verde<\/figcaption><\/figure>\n<p>Una considerazione: in un\u2019architettura come questa non si pu\u00f2 non rilevare come la<strong> lezione del grande Guarini<\/strong>, in particolare di palazzo Carignano a Torino, non cessi di influenzare le epoche successive.<\/p>\n<figure id=\"attachment_1108\" aria-describedby=\"caption-attachment-1108\" style=\"width: 800px\" class=\"wp-caption alignnone\"><a href=\"http:\/\/www.piemonteis.org\/wp-content\/uploads\/2015\/07\/36-Giuseppe-Amico-conte-di-CastellAlfero-ignoto-pittore-piemontese-del-700-Asti-Museo-Civico-Palazzo-Mazzetti.jpg\"><img decoding=\"async\" loading=\"lazy\" class=\"size-full wp-image-1108\" src=\"http:\/\/www.piemonteis.org\/wp-content\/uploads\/2015\/07\/36-Giuseppe-Amico-conte-di-CastellAlfero-ignoto-pittore-piemontese-del-700-Asti-Museo-Civico-Palazzo-Mazzetti.jpg\" alt=\"Giuseppe Amico conte di CastellAlfero -ignoto pittore piemontese del '700 - Asti - Museo Civico Palazzo Mazzetti\" width=\"800\" height=\"1360\" srcset=\"https:\/\/www.piemonteis.org\/wp-content\/uploads\/2015\/07\/36-Giuseppe-Amico-conte-di-CastellAlfero-ignoto-pittore-piemontese-del-700-Asti-Museo-Civico-Palazzo-Mazzetti.jpg 800w, https:\/\/www.piemonteis.org\/wp-content\/uploads\/2015\/07\/36-Giuseppe-Amico-conte-di-CastellAlfero-ignoto-pittore-piemontese-del-700-Asti-Museo-Civico-Palazzo-Mazzetti-176x300.jpg 176w, https:\/\/www.piemonteis.org\/wp-content\/uploads\/2015\/07\/36-Giuseppe-Amico-conte-di-CastellAlfero-ignoto-pittore-piemontese-del-700-Asti-Museo-Civico-Palazzo-Mazzetti-602x1024.jpg 602w, https:\/\/www.piemonteis.org\/wp-content\/uploads\/2015\/07\/36-Giuseppe-Amico-conte-di-CastellAlfero-ignoto-pittore-piemontese-del-700-Asti-Museo-Civico-Palazzo-Mazzetti-600x1020.jpg 600w\" sizes=\"(max-width: 800px) 100vw, 800px\" \/><\/a><figcaption id=\"caption-attachment-1108\" class=\"wp-caption-text\">Giuseppe Amico conte di Castell&#8217;Alfero -ignoto pittore piemontese del &#8216;700 &#8211; Asti &#8211; Museo Civico Palazzo Mazzetti<\/figcaption><\/figure>\n<p>Infatti le linee della facciata, la nicchia centrale, il movimento dei corpi laterali pur marcatamente squadrate, non mosse e curvilinee, fanno venire in mente un palazzo Carignano al quale siano state imposte linee nuove, geometriche, rigide al confronto: una, certamente massiccia, rivisitazione e riplasmazione dello stile guariniano, escludendo il termine somiglianza, beninteso.<\/p>\n<figure id=\"attachment_1078\" aria-describedby=\"caption-attachment-1078\" style=\"width: 960px\" class=\"wp-caption alignnone\"><a href=\"http:\/\/www.piemonteis.org\/wp-content\/uploads\/2015\/07\/Soglio11.jpg\"><img decoding=\"async\" loading=\"lazy\" class=\"wp-image-1078 size-full\" src=\"http:\/\/www.piemonteis.org\/wp-content\/uploads\/2015\/07\/Soglio11.jpg\" alt=\"Castello di Soglio\" width=\"960\" height=\"642\" srcset=\"https:\/\/www.piemonteis.org\/wp-content\/uploads\/2015\/07\/Soglio11.jpg 960w, https:\/\/www.piemonteis.org\/wp-content\/uploads\/2015\/07\/Soglio11-300x201.jpg 300w, https:\/\/www.piemonteis.org\/wp-content\/uploads\/2015\/07\/Soglio11-600x401.jpg 600w\" sizes=\"(max-width: 960px) 100vw, 960px\" \/><\/a><figcaption id=\"caption-attachment-1078\" class=\"wp-caption-text\">Castello di Soglio<\/figcaption><\/figure>\n<p>Raggiungiamo ora <strong>Soglio. <\/strong>Il <strong>castello<\/strong> risale probabilmente al XII secolo, nel Duecento appartenne a signori locali e nel 1285 ai Pelletta. A quel tempo era circondato da mura fortificate, delle quali esiste ancora una poderosa muraglia medievale con finestroni a sesto acuto che esita poi, a sorpresa, in un edificio settecentesco, residenza nobiliare che risale al 1710, anno in cui il castello divenne di propriet\u00e0 dei Della Valle.<\/p>\n<figure id=\"attachment_1079\" aria-describedby=\"caption-attachment-1079\" style=\"width: 960px\" class=\"wp-caption alignnone\"><a href=\"http:\/\/www.piemonteis.org\/wp-content\/uploads\/2015\/07\/soglio3.jpg\"><img decoding=\"async\" loading=\"lazy\" class=\"wp-image-1079 size-full\" src=\"http:\/\/www.piemonteis.org\/wp-content\/uploads\/2015\/07\/soglio3.jpg\" alt=\"Castello di Soglio - Giardino all'italiana \" width=\"960\" height=\"642\" srcset=\"https:\/\/www.piemonteis.org\/wp-content\/uploads\/2015\/07\/soglio3.jpg 960w, https:\/\/www.piemonteis.org\/wp-content\/uploads\/2015\/07\/soglio3-300x201.jpg 300w, https:\/\/www.piemonteis.org\/wp-content\/uploads\/2015\/07\/soglio3-600x401.jpg 600w\" sizes=\"(max-width: 960px) 100vw, 960px\" \/><\/a><figcaption id=\"caption-attachment-1079\" class=\"wp-caption-text\">Castello di Soglio &#8211; Giardino all&#8217;italiana<\/figcaption><\/figure>\n<p>Il <strong>giardino di bossi, all\u2019italiana<\/strong>, \u00e8 considerato il pi\u00f9 bello dell\u2019Astigiano e si accompagna a bellissime <em>Rosa Banksia<\/em>.<\/p>\n<p>Esiste la possibilit\u00e0 di soggiorno in una casa-vacanze annessa al castello, immersi in un\u2019atmosfera artistica data dallo studio del\u00a0 proprietario del castello, pittore. \u00a0<a href=\"mailto:castellodisoglio@virgilio.it\">castellodisoglio@virgilio.it<\/a> \u00a0tel.0141.992.805<\/p>\n<figure id=\"attachment_1081\" aria-describedby=\"caption-attachment-1081\" style=\"width: 640px\" class=\"wp-caption aligncenter\"><a href=\"http:\/\/www.piemonteis.org\/wp-content\/uploads\/2015\/07\/14aa-S.Secondo-di-Cortazzone.jpg\"><img decoding=\"async\" loading=\"lazy\" class=\"wp-image-1081 size-large\" src=\"http:\/\/www.piemonteis.org\/wp-content\/uploads\/2015\/07\/14aa-S.Secondo-di-Cortazzone-1024x678.jpg\" alt=\"San Secondo di Cortazzone\" width=\"640\" height=\"424\" srcset=\"https:\/\/www.piemonteis.org\/wp-content\/uploads\/2015\/07\/14aa-S.Secondo-di-Cortazzone-1024x678.jpg 1024w, https:\/\/www.piemonteis.org\/wp-content\/uploads\/2015\/07\/14aa-S.Secondo-di-Cortazzone-300x199.jpg 300w, https:\/\/www.piemonteis.org\/wp-content\/uploads\/2015\/07\/14aa-S.Secondo-di-Cortazzone-600x397.jpg 600w, https:\/\/www.piemonteis.org\/wp-content\/uploads\/2015\/07\/14aa-S.Secondo-di-Cortazzone.jpg 1233w\" sizes=\"(max-width: 640px) 100vw, 640px\" \/><\/a><figcaption id=\"caption-attachment-1081\" class=\"wp-caption-text\">San Secondo di Cortazzone &#8211; fiancata sud<\/figcaption><\/figure>\n<p>Prossima tappa \u00e8 la chiesa di <strong>S. Secondo di Cortazzone<\/strong>, dell\u2019XII secolo, che si trova su di un poggio al centro di\u00a0un ampio cerchio di colline. Questa posizione pu\u00f2 forse aver ispirato i simboli circolari che troviamo nel suo ricchissimo repertorio di rilievi scolpiti. Se a Santa Fede troviamo una grande compostezza e severit\u00e0 di un priorato, peraltro con una pagina ricchissima ma ordinata nella lunetta e nel portale, \u00a0a\u00a0 S. Secondo troviamo la meravigliosa ed esuberante fantasia espressiva dell\u2019artista che si libera in un gioco di simboli originali ed\u00a0 elegantissimi.<\/p>\n<figure id=\"attachment_1082\" aria-describedby=\"caption-attachment-1082\" style=\"width: 640px\" class=\"wp-caption aligncenter\"><a href=\"http:\/\/www.piemonteis.org\/wp-content\/uploads\/2015\/07\/14-S.-Secondo-di-Cortazzone.jpg\"><img decoding=\"async\" loading=\"lazy\" class=\"wp-image-1082 size-large\" src=\"http:\/\/www.piemonteis.org\/wp-content\/uploads\/2015\/07\/14-S.-Secondo-di-Cortazzone-669x1024.jpg\" alt=\"San Secondo di Cortazzone - facciata\" width=\"640\" height=\"980\" srcset=\"https:\/\/www.piemonteis.org\/wp-content\/uploads\/2015\/07\/14-S.-Secondo-di-Cortazzone-669x1024.jpg 669w, https:\/\/www.piemonteis.org\/wp-content\/uploads\/2015\/07\/14-S.-Secondo-di-Cortazzone-196x300.jpg 196w, https:\/\/www.piemonteis.org\/wp-content\/uploads\/2015\/07\/14-S.-Secondo-di-Cortazzone-600x918.jpg 600w, https:\/\/www.piemonteis.org\/wp-content\/uploads\/2015\/07\/14-S.-Secondo-di-Cortazzone.jpg 813w\" sizes=\"(max-width: 640px) 100vw, 640px\" \/><\/a><figcaption id=\"caption-attachment-1082\" class=\"wp-caption-text\">San Secondo di Cortazzone &#8211; facciata<\/figcaption><\/figure>\n<p>E\u2019 specialmente la <strong>fiancata a sud,<\/strong>\u00a0 aperta al sole radente, che aiuta a leggere meglio e \u00a0modella coi giochi di luce le sculture pi\u00f9 incredibili: ghirigori morbidi e guizzanti, l\u2019aquila \u201cimperiale\u201d, un pollo arrosto, mammelle simbolo di fertilit\u00e0 e uno stravagante accoppiamento di un uomo e una donna, elementi che potrebbero stupire trattandosi di una chiesa, il singolare ometto che si arrampica sull\u2019intradosso di un archetto, testine nell\u2019abside dalle proporzioni equilibrate.<\/p>\n<figure id=\"attachment_1084\" aria-describedby=\"caption-attachment-1084\" style=\"width: 640px\" class=\"wp-caption aligncenter\"><a href=\"http:\/\/www.piemonteis.org\/wp-content\/uploads\/2015\/07\/14b-S.-Secondo-di-Cortazzone.jpg\"><img decoding=\"async\" loading=\"lazy\" class=\"wp-image-1084 size-large\" src=\"http:\/\/www.piemonteis.org\/wp-content\/uploads\/2015\/07\/14b-S.-Secondo-di-Cortazzone-1024x679.jpg\" alt=\"San Secondo di Cortazzone - mammelle e accoppiamento tra uomo e donna\" width=\"640\" height=\"424\" srcset=\"https:\/\/www.piemonteis.org\/wp-content\/uploads\/2015\/07\/14b-S.-Secondo-di-Cortazzone-1024x679.jpg 1024w, https:\/\/www.piemonteis.org\/wp-content\/uploads\/2015\/07\/14b-S.-Secondo-di-Cortazzone-300x199.jpg 300w, https:\/\/www.piemonteis.org\/wp-content\/uploads\/2015\/07\/14b-S.-Secondo-di-Cortazzone-600x398.jpg 600w, https:\/\/www.piemonteis.org\/wp-content\/uploads\/2015\/07\/14b-S.-Secondo-di-Cortazzone.jpg 1233w\" sizes=\"(max-width: 640px) 100vw, 640px\" \/><\/a><figcaption id=\"caption-attachment-1084\" class=\"wp-caption-text\">San Secondo di Cortazzone &#8211; dettagli dell&#8217;apparato scultoreo esterno<\/figcaption><\/figure>\n<p>L\u2019interno, ritmato da semplici colonne che presentano <strong>capitelli<\/strong> con sirene, lepri, cavalli bardati, testine, simboli solari, si chiude nel catino absidale con un affresco del XIV secolo che raffigura Cristo tra S. Secondo e San Brunone.<\/p>\n<figure id=\"attachment_1086\" aria-describedby=\"caption-attachment-1086\" style=\"width: 640px\" class=\"wp-caption aligncenter\"><a href=\"http:\/\/www.piemonteis.org\/wp-content\/uploads\/2015\/07\/14a-San-Secondo-di-Cortazzone.jpg\"><img decoding=\"async\" loading=\"lazy\" class=\"wp-image-1086 size-large\" src=\"http:\/\/www.piemonteis.org\/wp-content\/uploads\/2015\/07\/14a-San-Secondo-di-Cortazzone-1024x683.jpg\" alt=\"San Secondo di Cortazzone - dettagli dell'apparato scultoreo con mammelle e scena di accoppiamento\" width=\"640\" height=\"427\" srcset=\"https:\/\/www.piemonteis.org\/wp-content\/uploads\/2015\/07\/14a-San-Secondo-di-Cortazzone-1024x683.jpg 1024w, https:\/\/www.piemonteis.org\/wp-content\/uploads\/2015\/07\/14a-San-Secondo-di-Cortazzone-300x200.jpg 300w, https:\/\/www.piemonteis.org\/wp-content\/uploads\/2015\/07\/14a-San-Secondo-di-Cortazzone-600x400.jpg 600w, https:\/\/www.piemonteis.org\/wp-content\/uploads\/2015\/07\/14a-San-Secondo-di-Cortazzone.jpg 1228w\" sizes=\"(max-width: 640px) 100vw, 640px\" \/><\/a><figcaption id=\"caption-attachment-1086\" class=\"wp-caption-text\">San Secondo di Cortazzone &#8211; dettagli dell&#8217;apparato scultoreo con mammelle e scena di accoppiamento<\/figcaption><\/figure>\n<p>E\u2019 un universo fantastico, e la stessa dimensione di \u201ccontenitore\u201d che assume la chiesa con le sue forme, la fa apparire una sorta di Arca di No\u00e8 dove non solo un bestiario si \u00e8 salvato in mille anni di distanza, ma una moltitudine di simboli che ci aiuta a calarci, senza svelarcelo completamente, nel Medioevo, facendoci immaginare anche le folle di pellegrini, i contadini, gli esecutori di tale opera straordinaria.<\/p>\n<figure id=\"attachment_1087\" aria-describedby=\"caption-attachment-1087\" style=\"width: 1229px\" class=\"wp-caption alignnone\"><a href=\"http:\/\/www.piemonteis.org\/wp-content\/uploads\/2015\/07\/14c-San-Secondo-di-Cortazzone.jpg\"><img decoding=\"async\" loading=\"lazy\" class=\"wp-image-1087 size-full\" src=\"http:\/\/www.piemonteis.org\/wp-content\/uploads\/2015\/07\/14c-San-Secondo-di-Cortazzone.jpg\" alt=\"Dettagli della zona absidale con il motivo delle mammelle e l'omino che si arrampica \" width=\"1229\" height=\"824\" srcset=\"https:\/\/www.piemonteis.org\/wp-content\/uploads\/2015\/07\/14c-San-Secondo-di-Cortazzone.jpg 1229w, https:\/\/www.piemonteis.org\/wp-content\/uploads\/2015\/07\/14c-San-Secondo-di-Cortazzone-300x201.jpg 300w, https:\/\/www.piemonteis.org\/wp-content\/uploads\/2015\/07\/14c-San-Secondo-di-Cortazzone-1024x687.jpg 1024w, https:\/\/www.piemonteis.org\/wp-content\/uploads\/2015\/07\/14c-San-Secondo-di-Cortazzone-600x402.jpg 600w\" sizes=\"(max-width: 1229px) 100vw, 1229px\" \/><\/a><figcaption id=\"caption-attachment-1087\" class=\"wp-caption-text\">Dettagli della zona absidale con il motivo delle mammelle e l&#8217;omino che si arrampica<\/figcaption><\/figure>\n<p>Testo e foto di Giovanni Dughera<\/p>\n<p><em><strong>Nota della redazione<\/strong>: per chi sostasse a <strong>Montechiaro d&#8217;Asti<\/strong>, segnaliamo la presenza di un&#8217;altra pieve di fondazione romanica, <strong>Santa Maria Assunta di Pisenzana<\/strong>, facilmente raggiungibile a piedi e sita ai margini dell&#8217;abitato, mentre in centro paese ci si potr\u00e0 fermare al <strong>Ristorante\u00a0Tre Colli,\u00a0<\/strong>aperto nel lontano 1898 come locanda e stallaggio,\u00a0per assaporare le specialit\u00e0 della cucina piemontese magistralmente eseguite dalle sorelle Gavello con un occhio di riguardo all&#8217;Astigiano\u00a0<\/em><\/p>\n<p>Per chi volesse approfondire, cliccare qui &#8211; <a href=\"http:\/\/kiteinnepal.com\/2013\/06\/07\/montechiaro-dasti-i-tre-colli-la-nocciolina-il-romanico\/\">Montechiaro d&#8217;Asti: i Tre Colli, la Nocciolina, il Romanico<\/a><\/p>\n","protected":false},"excerpt":{"rendered":"<p>Tappa precedente: Murisengo, Villadeati, Montiglio\u00a0 Il tour monferrino guidato da Giovanni Dughera prosegue alla scoperta di antiche pievi, come le chiese dei Santi&#8230;<\/p>\n","protected":false},"author":1,"featured_media":1090,"comment_status":"open","ping_status":"open","sticky":false,"template":"","format":"standard","meta":{"footnotes":""},"categories":[1,8,14,3],"tags":[],"_links":{"self":[{"href":"https:\/\/www.piemonteis.org\/index.php?rest_route=\/wp\/v2\/posts\/1070"}],"collection":[{"href":"https:\/\/www.piemonteis.org\/index.php?rest_route=\/wp\/v2\/posts"}],"about":[{"href":"https:\/\/www.piemonteis.org\/index.php?rest_route=\/wp\/v2\/types\/post"}],"author":[{"embeddable":true,"href":"https:\/\/www.piemonteis.org\/index.php?rest_route=\/wp\/v2\/users\/1"}],"replies":[{"embeddable":true,"href":"https:\/\/www.piemonteis.org\/index.php?rest_route=%2Fwp%2Fv2%2Fcomments&post=1070"}],"version-history":[{"count":4,"href":"https:\/\/www.piemonteis.org\/index.php?rest_route=\/wp\/v2\/posts\/1070\/revisions"}],"predecessor-version":[{"id":1110,"href":"https:\/\/www.piemonteis.org\/index.php?rest_route=\/wp\/v2\/posts\/1070\/revisions\/1110"}],"wp:featuredmedia":[{"embeddable":true,"href":"https:\/\/www.piemonteis.org\/index.php?rest_route=\/wp\/v2\/media\/1090"}],"wp:attachment":[{"href":"https:\/\/www.piemonteis.org\/index.php?rest_route=%2Fwp%2Fv2%2Fmedia&parent=1070"}],"wp:term":[{"taxonomy":"category","embeddable":true,"href":"https:\/\/www.piemonteis.org\/index.php?rest_route=%2Fwp%2Fv2%2Fcategories&post=1070"},{"taxonomy":"post_tag","embeddable":true,"href":"https:\/\/www.piemonteis.org\/index.php?rest_route=%2Fwp%2Fv2%2Ftags&post=1070"}],"curies":[{"name":"wp","href":"https:\/\/api.w.org\/{rel}","templated":true}]}}