{"id":1092,"date":"2015-07-06T20:51:28","date_gmt":"2015-07-06T20:51:28","guid":{"rendered":"http:\/\/www.piemonteis.org\/?p=1092"},"modified":"2015-07-07T16:32:16","modified_gmt":"2015-07-07T16:32:16","slug":"piemontesi-a-waterloo-ii-parte","status":"publish","type":"post","link":"https:\/\/www.piemonteis.org\/?p=1092","title":{"rendered":"Piemontesi a Waterloo &#8211; II parte"},"content":{"rendered":"<p><em>Vi presentiamo la seconda parte dell&#8217;articolo che la nostra collaboratrice <strong>Alessia Maria Simona Giorda<\/strong>, in sinergia con <strong>Francesco Ganora<\/strong>, ha dedicato alla\u00a0<strong>battaglia di Waterloo<\/strong>, di recente oggetto di un&#8217;importante rievocazione in occasione del Bicentenario (1815-2015), e soprattutto all&#8217;esperienza dei <strong>soldati piemontesi<\/strong> che, inquadrati in diversi Reggimenti, presero parte a questo evento cos\u00ec significativo della storia europea e, pi\u00f9 in generale, alle guerre napoleoniche. In questa puntata i due autori ci illustrano la storia dei Reggimenti in cui i piemontesi vennero reclutati (e che si aggiungono al\u00a0<strong>111\u00e8me de Ligne<\/strong>, di cui si \u00e8 gi\u00e0 scritto), combattendo dalla parte dei napoleonici o a fianco degli eserciti coalizzati britannico e prussiano (Italian Levy).\u00a0<\/em><\/p>\n<figure id=\"attachment_1094\" aria-describedby=\"caption-attachment-1094\" style=\"width: 640px\" class=\"wp-caption aligncenter\"><a href=\"http:\/\/www.piemonteis.org\/wp-content\/uploads\/2015\/07\/59-tre.jpg\"><img decoding=\"async\" loading=\"lazy\" class=\"wp-image-1094 size-large\" src=\"http:\/\/www.piemonteis.org\/wp-content\/uploads\/2015\/07\/59-tre-1024x574.jpg\" alt=\"59\u00b0 Demi Brigade de ligne\" width=\"640\" height=\"359\" srcset=\"https:\/\/www.piemonteis.org\/wp-content\/uploads\/2015\/07\/59-tre-1024x574.jpg 1024w, https:\/\/www.piemonteis.org\/wp-content\/uploads\/2015\/07\/59-tre-300x168.jpg 300w, https:\/\/www.piemonteis.org\/wp-content\/uploads\/2015\/07\/59-tre-600x336.jpg 600w, https:\/\/www.piemonteis.org\/wp-content\/uploads\/2015\/07\/59-tre.jpg 2048w\" sizes=\"(max-width: 640px) 100vw, 640px\" \/><\/a><figcaption id=\"caption-attachment-1094\" class=\"wp-caption-text\">59\u00b0 Demi Brigade de ligne<\/figcaption><\/figure>\n<p><strong>59\u00b0 Demi Brigade de ligne\u00a0<\/strong>&#8211; La <strong>59\u00e8me Demi Brigade d\u2019Infanterie de Ligne<\/strong> \u00e8 stata costituita il 30 Dicembre del 1798 da vari distaccamenti dell\u2019Armata dell\u2019Ovest. Viene trasferita nell\u2019Armata d\u2019Italia nel 1799. All\u2019 inizio del 1800, la 59eme entra a far parte dell\u2019Armata di Riserva a Digione, nella Divisione Boudet, insieme alla 9\u00e8me leggera ed alla 30\u00e8me. Dopo aver attraversato il Gran San Bernardo, assieme al resto dell\u2019Armata, il 26 Maggio 1800 la 59eme partecipa allo scontro di Romano \u2013 Chiusella (insieme alle 6 \u00e8me \u2013 9 \u00e8me &#8211; 30 \u00e8me &#8211; 40\u00e8me -22 \u00e8me ).<\/p>\n<figure id=\"attachment_1102\" aria-describedby=\"caption-attachment-1102\" style=\"width: 960px\" class=\"wp-caption aligncenter\"><a href=\"http:\/\/www.piemonteis.org\/wp-content\/uploads\/2015\/07\/59-due1.jpg\"><img decoding=\"async\" loading=\"lazy\" class=\"wp-image-1102 size-full\" src=\"http:\/\/www.piemonteis.org\/wp-content\/uploads\/2015\/07\/59-due1.jpg\" alt=\"59 due\" width=\"960\" height=\"717\" srcset=\"https:\/\/www.piemonteis.org\/wp-content\/uploads\/2015\/07\/59-due1.jpg 960w, https:\/\/www.piemonteis.org\/wp-content\/uploads\/2015\/07\/59-due1-300x224.jpg 300w, https:\/\/www.piemonteis.org\/wp-content\/uploads\/2015\/07\/59-due1-600x448.jpg 600w\" sizes=\"(max-width: 960px) 100vw, 960px\" \/><\/a><figcaption id=\"caption-attachment-1102\" class=\"wp-caption-text\">59\u00b0 Demi Brigade de ligne<\/figcaption><\/figure>\n<p>&nbsp;<\/p>\n<p>Il 14 giugno del 1800 \u00e8 presente a <strong>Marengo<\/strong> assieme alla 9 \u00e8me e alla 30 \u00e8me, al comando di Desaix, che morir\u00e0 nello scontro ma che sar\u00e0 determinante per la vittoria del Primo Console. La 9\u00e8me entra per prima a Marengo, seguita dalla 30\u00e8me e dalla 59eme, mentre gli Austriaci si ritirano oltre i ponti volanti sulla Bormida, sconfitti.<\/p>\n<figure id=\"attachment_1095\" aria-describedby=\"caption-attachment-1095\" style=\"width: 640px\" class=\"wp-caption aligncenter\"><a href=\"http:\/\/www.piemonteis.org\/wp-content\/uploads\/2015\/07\/59-uno.jpg\"><img decoding=\"async\" loading=\"lazy\" class=\"wp-image-1095 size-large\" src=\"http:\/\/www.piemonteis.org\/wp-content\/uploads\/2015\/07\/59-uno-1024x624.jpg\" alt=\"59\u00b0 Demi Brigade de ligne\" width=\"640\" height=\"390\" srcset=\"https:\/\/www.piemonteis.org\/wp-content\/uploads\/2015\/07\/59-uno-1024x624.jpg 1024w, https:\/\/www.piemonteis.org\/wp-content\/uploads\/2015\/07\/59-uno-300x183.jpg 300w, https:\/\/www.piemonteis.org\/wp-content\/uploads\/2015\/07\/59-uno-600x365.jpg 600w, https:\/\/www.piemonteis.org\/wp-content\/uploads\/2015\/07\/59-uno.jpg 2048w\" sizes=\"(max-width: 640px) 100vw, 640px\" \/><\/a><figcaption id=\"caption-attachment-1095\" class=\"wp-caption-text\">59\u00b0 Demi Brigade de ligne<\/figcaption><\/figure>\n<p>Negli anni a seguire, come 59\u00e8me de Ligne, sar\u00e0, dal 1806 al 1809, a Jena, Eylau, Friedland, Tudela, Wagram; parteciper\u00e0 poi alla <strong>Campagna di Spagna<\/strong> fino al 1813 quando si batter\u00e0 a Lipsia nella <strong>Battaglia delle Nazioni<\/strong> e poi, dopo il ritorno di Napoleone dall\u2019Elba, nei Cento Giorni (1815) a Ligny e Wavre. Come il 111\u00e8me, torner\u00e0 invitta in Francia dove, dopo l\u2019ultima abdicazione dell\u2019Imperatore, il reggimento verr\u00e0 sciolto definitivamente.<\/p>\n<p><strong>40\u00e8me de Ligne\u00a0<\/strong>&#8211; Nasce nel lontano 1791 come <strong>40\u00e8me R\u00e8giment d\u2019Infanterie<\/strong>, poi D.B. de Bataille, poi nel 1796 D.B. d\u2019Infanterie de ligne per finire come 40\u00e8me Regiment d\u2019Infanterie de Ligne nel periodo dell\u2019Impero.<\/p>\n<figure id=\"attachment_1096\" aria-describedby=\"caption-attachment-1096\" style=\"width: 640px\" class=\"wp-caption aligncenter\"><a href=\"http:\/\/www.piemonteis.org\/wp-content\/uploads\/2015\/07\/40-tre.jpg\"><img decoding=\"async\" loading=\"lazy\" class=\"wp-image-1096 size-large\" src=\"http:\/\/www.piemonteis.org\/wp-content\/uploads\/2015\/07\/40-tre-1024x686.jpg\" alt=\"40\u00e8me de Ligne\" width=\"640\" height=\"429\" srcset=\"https:\/\/www.piemonteis.org\/wp-content\/uploads\/2015\/07\/40-tre-1024x686.jpg 1024w, https:\/\/www.piemonteis.org\/wp-content\/uploads\/2015\/07\/40-tre-300x201.jpg 300w, https:\/\/www.piemonteis.org\/wp-content\/uploads\/2015\/07\/40-tre-600x402.jpg 600w, https:\/\/www.piemonteis.org\/wp-content\/uploads\/2015\/07\/40-tre.jpg 2048w\" sizes=\"(max-width: 640px) 100vw, 640px\" \/><\/a><figcaption id=\"caption-attachment-1096\" class=\"wp-caption-text\">40\u00e8me de Ligne<\/figcaption><\/figure>\n<p>Ha partecipato a numerose battaglie sia nel periodo repubblicano (Arcole, Chiusella, Montebello, Marengo), che in quello Imperiale, distinguendosi a Hollabrunn, Austerlitz (1805), Saalfeld e Jena (1806), in Polonia nel 1807 (Ostrolenka), e in Spagna, dove partecip\u00f2 tra l\u2019altro al feroce <strong>assedio di Saragozza<\/strong> (1808) e allo scontro di Ocana (1809). Nello stesso anno, richiamato per la campagna d\u2019Austria dall\u2019Imperatore, si batter\u00e0 a Essling e Wagram. Negli anni successivi torner\u00e0 in Spagna, dove si distinguer\u00e0 a fuentes de Onoro, Badajoz e Albuhera.<\/p>\n<figure id=\"attachment_1097\" aria-describedby=\"caption-attachment-1097\" style=\"width: 640px\" class=\"wp-caption aligncenter\"><a href=\"http:\/\/www.piemonteis.org\/wp-content\/uploads\/2015\/07\/40-uno.jpg\"><img decoding=\"async\" loading=\"lazy\" class=\"wp-image-1097 size-large\" src=\"http:\/\/www.piemonteis.org\/wp-content\/uploads\/2015\/07\/40-uno-1024x686.jpg\" alt=\"40\u00e8me de Ligne\" width=\"640\" height=\"429\" srcset=\"https:\/\/www.piemonteis.org\/wp-content\/uploads\/2015\/07\/40-uno-1024x686.jpg 1024w, https:\/\/www.piemonteis.org\/wp-content\/uploads\/2015\/07\/40-uno-300x201.jpg 300w, https:\/\/www.piemonteis.org\/wp-content\/uploads\/2015\/07\/40-uno-600x402.jpg 600w, https:\/\/www.piemonteis.org\/wp-content\/uploads\/2015\/07\/40-uno.jpg 2048w\" sizes=\"(max-width: 640px) 100vw, 640px\" \/><\/a><figcaption id=\"caption-attachment-1097\" class=\"wp-caption-text\">40\u00e8me de Ligne<\/figcaption><\/figure>\n<p>Il 1813 combatter\u00e0 ancora a San Sebastian e Nivelle, ma come tanti reggimenti francesi veterani della campagna nella <strong>Penisola Iberica<\/strong> verr\u00e0 nello stesso anno trasferito in Germania e parteciper\u00e0 alle battaglie di Lutzen, Bautzen, Lipsia e Hanau.<\/p>\n<figure id=\"attachment_1098\" aria-describedby=\"caption-attachment-1098\" style=\"width: 960px\" class=\"wp-caption aligncenter\"><a href=\"http:\/\/www.piemonteis.org\/wp-content\/uploads\/2015\/07\/40due.jpg\"><img decoding=\"async\" loading=\"lazy\" class=\"wp-image-1098 size-full\" src=\"http:\/\/www.piemonteis.org\/wp-content\/uploads\/2015\/07\/40due.jpg\" alt=\"40\u00e8me de Ligne\" width=\"960\" height=\"720\" srcset=\"https:\/\/www.piemonteis.org\/wp-content\/uploads\/2015\/07\/40due.jpg 960w, https:\/\/www.piemonteis.org\/wp-content\/uploads\/2015\/07\/40due-300x225.jpg 300w, https:\/\/www.piemonteis.org\/wp-content\/uploads\/2015\/07\/40due-600x450.jpg 600w\" sizes=\"(max-width: 960px) 100vw, 960px\" \/><\/a><figcaption id=\"caption-attachment-1098\" class=\"wp-caption-text\">40\u00e8me de Ligne<\/figcaption><\/figure>\n<p>In seguito alla ritirata francese parteciper\u00e0 alla campagna di difesa del suolo patrio combattendo a Orthez, Toulouse, Champaubert, Laon fino alla difesa della stessa Parigi. Al ritorno di Napoleone dall\u2019Elba non parteciper\u00e0 alla Campagna dei Cento Giorni in Belgio ma si batter\u00e0 a Surzberg nell\u2019ovest della Francia e nella difesa di Strasbourg agli ordini del generale Rapp. La definitiva fine dell\u2019Impero porter\u00e0 al suo scioglimento.<\/p>\n<figure id=\"attachment_1099\" aria-describedby=\"caption-attachment-1099\" style=\"width: 960px\" class=\"wp-caption aligncenter\"><a href=\"http:\/\/www.piemonteis.org\/wp-content\/uploads\/2015\/07\/italian-due.jpg\"><img decoding=\"async\" loading=\"lazy\" class=\"wp-image-1099 size-full\" src=\"http:\/\/www.piemonteis.org\/wp-content\/uploads\/2015\/07\/italian-due.jpg\" alt=\"Italian Levy\" width=\"960\" height=\"720\" srcset=\"https:\/\/www.piemonteis.org\/wp-content\/uploads\/2015\/07\/italian-due.jpg 960w, https:\/\/www.piemonteis.org\/wp-content\/uploads\/2015\/07\/italian-due-300x225.jpg 300w, https:\/\/www.piemonteis.org\/wp-content\/uploads\/2015\/07\/italian-due-600x450.jpg 600w\" sizes=\"(max-width: 960px) 100vw, 960px\" \/><\/a><figcaption id=\"caption-attachment-1099\" class=\"wp-caption-text\">Italian Levy<\/figcaption><\/figure>\n<p><strong>Italian Levy<\/strong> &#8211; A partire dal 1812 Lord William Bentick organizz\u00f2 in Sicilia 3 reggimenti italiani: il primo reclutato tra i prigionieri presi in Spagna e gli altri due tra gli stranieri congedati dal servizio siciliano e sardo. Impiegato prima in Catalogna e poi in Toscana, Liguria e a Marsiglia, il corpo ebbe il nome di \u201cleva italiana\u201d (<em><strong>Italian Levy<\/strong><\/em>) e, pur presente nei documenti a libro paga inglese (Foreign Corps in British Pay), fu l\u2019unico a non essere incluso nella Army List. Formalmente quindi non faceva parte dell\u2019esercito britannico, ma neanche di un qualunque altro esercito alleato. Sotto il profilo della sovranit\u00e0 il corpo si trovava quindi in un limbo politico che ne spiega la scarsa attenzione dedicatagli dalla storiografia militare britannica; per non parlare di quella italiana generalmente lacunosa riguardo al periodo napoleonico.<\/p>\n<figure id=\"attachment_1100\" aria-describedby=\"caption-attachment-1100\" style=\"width: 960px\" class=\"wp-caption aligncenter\"><a href=\"http:\/\/www.piemonteis.org\/wp-content\/uploads\/2015\/07\/Italian-tre.jpg\"><img decoding=\"async\" loading=\"lazy\" class=\"wp-image-1100 size-full\" src=\"http:\/\/www.piemonteis.org\/wp-content\/uploads\/2015\/07\/Italian-tre.jpg\" alt=\"Italian Levy\" width=\"960\" height=\"541\" srcset=\"https:\/\/www.piemonteis.org\/wp-content\/uploads\/2015\/07\/Italian-tre.jpg 960w, https:\/\/www.piemonteis.org\/wp-content\/uploads\/2015\/07\/Italian-tre-300x169.jpg 300w, https:\/\/www.piemonteis.org\/wp-content\/uploads\/2015\/07\/Italian-tre-600x338.jpg 600w\" sizes=\"(max-width: 960px) 100vw, 960px\" \/><\/a><figcaption id=\"caption-attachment-1100\" class=\"wp-caption-text\">Italian Levy<\/figcaption><\/figure>\n<p>Con o.d.g. del 12 settembre 1812 Bentick nomina il savoiardo \u201c<strong>Latour<\/strong>\u201d, come compare in molti documenti dell\u2019epoca <strong>Vittorio Amedeo Ferdinando Sallier de La Tour<\/strong>, brigadiere generale dell\u2019esercito inglese e capo dei reggimenti del Italian Levy, in numero di due, I\u00b0 e 2\u00b0,destinati a servire con gli Inglesi in Spagna. Il 25 novembre il 2\u00b0 Italian Levy sbarca a Port Mahon Il 1 dicembre il 1\u00b0 Italian Levy arriva ad Alicante Fin dall\u2019inizio il 2\u00b0 Reggimento si rivela meno affidabile del 1\u00b0 lamentando, nei primi due mesi, diserzioni per oltre un ottavo della forza; la ragione di fondo stava sicuramente nel fatto che si trattava in gran parte dei disertori dell\u2019esercito murattiano che erano passati in Sicilia con la speranza di tornare a casa o almeno vivere tranquilli in qualche guarnigione e non certo per essere rispediti in Spagna sotto il fuoco nemico. In terra spagnola i due reggimenti, sottoposti alla rigida disciplina inglese, parteciparono alle operazioni che portarono progressivamente, tra battaglie e assedi, alla ritirata tra il 1812 e il \u201913, delle truppe dislocatevi dai francesi sotto il comando di vari marescialli, tra cui il pi\u00f9 ostico e abile si rivel\u00f2 Suchet, duca d\u2019Albuhera, che diede parecchio filo da torcere ai suoi avversari.<\/p>\n<figure id=\"attachment_1101\" aria-describedby=\"caption-attachment-1101\" style=\"width: 960px\" class=\"wp-caption aligncenter\"><a href=\"http:\/\/www.piemonteis.org\/wp-content\/uploads\/2015\/07\/Italian-uno.jpg\"><img decoding=\"async\" loading=\"lazy\" class=\"wp-image-1101 size-full\" src=\"http:\/\/www.piemonteis.org\/wp-content\/uploads\/2015\/07\/Italian-uno.jpg\" alt=\"Italian Levy \" width=\"960\" height=\"720\" srcset=\"https:\/\/www.piemonteis.org\/wp-content\/uploads\/2015\/07\/Italian-uno.jpg 960w, https:\/\/www.piemonteis.org\/wp-content\/uploads\/2015\/07\/Italian-uno-300x225.jpg 300w, https:\/\/www.piemonteis.org\/wp-content\/uploads\/2015\/07\/Italian-uno-600x450.jpg 600w\" sizes=\"(max-width: 960px) 100vw, 960px\" \/><\/a><figcaption id=\"caption-attachment-1101\" class=\"wp-caption-text\">Italian Levy<\/figcaption><\/figure>\n<p>Comunque dopo la disfatta francese a Vitoria, le operazioni cui presero parte i fanti dell\u2019<strong>Italian Levy<\/strong> si trasferirono in Italia, e in particolare in Toscana, dove essi parteciparono alla progressiva vittoriosa risalita delle truppe alleate dal Livornese alla Lucchesia alla Versilia (Viareggio),fino ad arrivare alla Liguria (Sarzana, La Spezia, Sestri Levante, Chiavari, Recco, Genova), fino alla presa di quest\u2019ultima nonch\u00e9 all\u2019occupazione della stessa Torino il 25 maggio 1814. Il 1815 vede questi soldati occupare alcune piazzeforti in <strong>Piemonte<\/strong> e la stessa Genova, sotto il comando di lord Bentinck. Gennaio 1816: i reggimenti dell\u2019Italian Levy sono definitivamente sciolti.<\/p>\n<p>Testo di Alessia Giorda e Francesco Ganora<\/p>\n<p>Foto di\u00a0Stefania De Piccoli, Elisa Trabanelli, Mara Broglia,\u00a0Laura Locatelli e Gina Pozzi<\/p>\n<p><em><strong>Nota della redazione<\/strong>: i\u00a04 Gruppi storici ispirati ai Reggimenti citati nell&#8217;articolo insistono sul territorio piemontese.\u00a0<\/em><\/p>\n<p><em>Il <strong>111\u00e8me de Ligne<\/strong> ha sede a Torino ma, come all&#8217;epoca, annovera anche soci liguri e, di recente,\u00a0veneti.\u00a0<\/em><em>Link al sito: <a href=\"http:\/\/www.111emedeligne.it\/\">111\u00e8me de Ligne<\/a><\/em><\/p>\n<p><em>La <strong>59\u00e8me Brigade de Ligne<\/strong> ha sede nel complesso del Marengo Museum (Spinetta Marengo &#8211; Al).\u00a0<\/em><em>Link al sito: <a href=\"http:\/\/59medemibrigadeit.sitonline.it\/\">59\u00e8me Brigade de Ligne\u00a0<\/a><\/em><\/p>\n<div class=\"_3hi clearfix\">\n<div class=\"_1yr\"><em>La <strong>40\u00e8me de Ligne<\/strong> ha sede nell&#8217;eporediese.\u00a0<\/em><em>Link al sito: <a href=\"http:\/\/www.40emedeligne.it\/\">40\u00e8me de Ligne\u00a0<\/a><\/em><\/div>\n<\/div>\n<div class=\"_3hi clearfix\">\n<div class=\"_1yr\"><\/div>\n<div class=\"_1yr\"><em>L&#8217;<strong>Italian Levy,\u00a0<\/strong>infine, raggruppa rievocatori di Torino, Novara e Nucetto. Molti di loro fanno parte di Gruppi storici piemontesi di fine settecento quali il gruppo La Marina di Nucetto e i Cacciatori di Savoia<\/em><\/div>\n<\/div>\n<p><em>\u00a0<\/em><\/p>\n","protected":false},"excerpt":{"rendered":"<p>Vi presentiamo la seconda parte dell&#8217;articolo che la nostra collaboratrice Alessia Maria Simona Giorda, in sinergia con Francesco Ganora, ha dedicato alla\u00a0battaglia di&#8230;<\/p>\n","protected":false},"author":1,"featured_media":1096,"comment_status":"open","ping_status":"open","sticky":false,"template":"","format":"standard","meta":{"footnotes":""},"categories":[5],"tags":[],"_links":{"self":[{"href":"https:\/\/www.piemonteis.org\/index.php?rest_route=\/wp\/v2\/posts\/1092"}],"collection":[{"href":"https:\/\/www.piemonteis.org\/index.php?rest_route=\/wp\/v2\/posts"}],"about":[{"href":"https:\/\/www.piemonteis.org\/index.php?rest_route=\/wp\/v2\/types\/post"}],"author":[{"embeddable":true,"href":"https:\/\/www.piemonteis.org\/index.php?rest_route=\/wp\/v2\/users\/1"}],"replies":[{"embeddable":true,"href":"https:\/\/www.piemonteis.org\/index.php?rest_route=%2Fwp%2Fv2%2Fcomments&post=1092"}],"version-history":[{"count":5,"href":"https:\/\/www.piemonteis.org\/index.php?rest_route=\/wp\/v2\/posts\/1092\/revisions"}],"predecessor-version":[{"id":1107,"href":"https:\/\/www.piemonteis.org\/index.php?rest_route=\/wp\/v2\/posts\/1092\/revisions\/1107"}],"wp:featuredmedia":[{"embeddable":true,"href":"https:\/\/www.piemonteis.org\/index.php?rest_route=\/wp\/v2\/media\/1096"}],"wp:attachment":[{"href":"https:\/\/www.piemonteis.org\/index.php?rest_route=%2Fwp%2Fv2%2Fmedia&parent=1092"}],"wp:term":[{"taxonomy":"category","embeddable":true,"href":"https:\/\/www.piemonteis.org\/index.php?rest_route=%2Fwp%2Fv2%2Fcategories&post=1092"},{"taxonomy":"post_tag","embeddable":true,"href":"https:\/\/www.piemonteis.org\/index.php?rest_route=%2Fwp%2Fv2%2Ftags&post=1092"}],"curies":[{"name":"wp","href":"https:\/\/api.w.org\/{rel}","templated":true}]}}