{"id":1201,"date":"2015-07-29T10:06:01","date_gmt":"2015-07-29T10:06:01","guid":{"rendered":"http:\/\/www.piemonteis.org\/?p=1201"},"modified":"2015-07-29T17:31:19","modified_gmt":"2015-07-29T17:31:19","slug":"viaggio-in-monferrato-il-fascino-antico-di-cerreto-la-mitezza-climatica-di-cocconato-le-memorie-medioevali-di-passerano-marmorito","status":"publish","type":"post","link":"https:\/\/www.piemonteis.org\/?p=1201","title":{"rendered":"Viaggio in Monferrato &#8211; il fascino antico di Cerreto, la mitezza climatica di Cocconato, le memorie medioevali di Passerano Marmorito"},"content":{"rendered":"<p>Tappa precedente: <a href=\"http:\/\/www.piemonteis.org\/?p=1132\">castello di Piea e Piov\u00e0 Massaia\u00a0<\/a><\/p>\n<p><em>La nuova tappa dell&#8217;itinerario monferrino proposto da <strong>Giovanni Dughera<\/strong> ci conduce a <strong>Cerreto d&#8217;Asti<\/strong>, suggestivo abitato dove il fascino antico delle cascine di tufo convive armoniosamente con le tele d&#8217;arte contemporanea sistemate per le vie del paese, poi a <strong>Cocconato<\/strong>, luogo privilegiato per la splendida posizione panoramica e la ricchezza dell&#8217;offerta gastronomica, infine nel borgo di <strong>Passerano Marmorito<\/strong>, che serba memoria dei trascorsi medioevali in due castelli, l&#8217;uno integro e in perfetto stato di conservazione, l&#8217;altro in rovina, ma comunque meritevole d&#8217;una visita.\u00a0<\/em><\/p>\n<figure id=\"attachment_1202\" aria-describedby=\"caption-attachment-1202\" style=\"width: 960px\" class=\"wp-caption aligncenter\"><a href=\"http:\/\/www.piemonteis.org\/wp-content\/uploads\/2015\/07\/10325322_850754561699347_3238293900166596664_n.jpg\"><img decoding=\"async\" loading=\"lazy\" class=\"wp-image-1202 size-full\" src=\"http:\/\/www.piemonteis.org\/wp-content\/uploads\/2015\/07\/10325322_850754561699347_3238293900166596664_n.jpg\" alt=\"Cerreto d'Asti - cortile d'una cascina \" width=\"960\" height=\"642\" srcset=\"https:\/\/www.piemonteis.org\/wp-content\/uploads\/2015\/07\/10325322_850754561699347_3238293900166596664_n.jpg 960w, https:\/\/www.piemonteis.org\/wp-content\/uploads\/2015\/07\/10325322_850754561699347_3238293900166596664_n-300x201.jpg 300w, https:\/\/www.piemonteis.org\/wp-content\/uploads\/2015\/07\/10325322_850754561699347_3238293900166596664_n-600x401.jpg 600w\" sizes=\"(max-width: 960px) 100vw, 960px\" \/><\/a><figcaption id=\"caption-attachment-1202\" class=\"wp-caption-text\">Cerreto d&#8217;Asti &#8211; cortile d&#8217;una cascina<\/figcaption><\/figure>\n<p><strong>Cerreto d\u2019Asti<\/strong>, con le sue belle cascine di tufo disposte lungo il crinale della panoramica collina, sui muri delle quali compaiono tele d\u2019arte contemporanea, \u00e8 un museo all\u2019aperto, antico e moderno insieme. Ogni casa ha all\u2019esterno una rosa rampicante.<\/p>\n<figure id=\"attachment_1203\" aria-describedby=\"caption-attachment-1203\" style=\"width: 960px\" class=\"wp-caption aligncenter\"><a href=\"http:\/\/www.piemonteis.org\/wp-content\/uploads\/2015\/07\/11212749_850754578366012_2997333321044913806_n.jpg\"><img decoding=\"async\" loading=\"lazy\" class=\"wp-image-1203 size-full\" src=\"http:\/\/www.piemonteis.org\/wp-content\/uploads\/2015\/07\/11212749_850754578366012_2997333321044913806_n.jpg\" alt=\"Cerreto e le rose antiche\" width=\"960\" height=\"642\" srcset=\"https:\/\/www.piemonteis.org\/wp-content\/uploads\/2015\/07\/11212749_850754578366012_2997333321044913806_n.jpg 960w, https:\/\/www.piemonteis.org\/wp-content\/uploads\/2015\/07\/11212749_850754578366012_2997333321044913806_n-300x201.jpg 300w, https:\/\/www.piemonteis.org\/wp-content\/uploads\/2015\/07\/11212749_850754578366012_2997333321044913806_n-600x401.jpg 600w\" sizes=\"(max-width: 960px) 100vw, 960px\" \/><\/a><figcaption id=\"caption-attachment-1203\" class=\"wp-caption-text\">Cerreto e le rose antiche<\/figcaption><\/figure>\n<p>Scenografica la piazza con la bella chiesa barocca in cima a una rampa e, ai piedi, una villa secentesca raccolta intorno a un giardino di bossi.<\/p>\n<figure id=\"attachment_1204\" aria-describedby=\"caption-attachment-1204\" style=\"width: 960px\" class=\"wp-caption alignnone\"><a href=\"http:\/\/www.piemonteis.org\/wp-content\/uploads\/2015\/07\/11753657_850754595032677_3861924794904717218_n.jpg\"><img decoding=\"async\" loading=\"lazy\" class=\"wp-image-1204 size-full\" src=\"http:\/\/www.piemonteis.org\/wp-content\/uploads\/2015\/07\/11753657_850754595032677_3861924794904717218_n.jpg\" alt=\"Cerreto d'Asti - Giardino all'italiana\" width=\"960\" height=\"642\" srcset=\"https:\/\/www.piemonteis.org\/wp-content\/uploads\/2015\/07\/11753657_850754595032677_3861924794904717218_n.jpg 960w, https:\/\/www.piemonteis.org\/wp-content\/uploads\/2015\/07\/11753657_850754595032677_3861924794904717218_n-300x201.jpg 300w, https:\/\/www.piemonteis.org\/wp-content\/uploads\/2015\/07\/11753657_850754595032677_3861924794904717218_n-600x401.jpg 600w\" sizes=\"(max-width: 960px) 100vw, 960px\" \/><\/a><figcaption id=\"caption-attachment-1204\" class=\"wp-caption-text\">Cerreto d&#8217;Asti &#8211; Giardino all&#8217;italiana<\/figcaption><\/figure>\n<p>Intima ed essenziale la chiesa romanica (XII sec.) di <strong>S. Andrea di Casaglio<\/strong>, gi\u00e0 del monastero di Sant\u2019Anastasio in Asti, posta in cima a un colle e circondata perci\u00f2 da un\u2019aerea e spirituale spazialit\u00e0, che evoca il passo biblico \u201c<em>Il Signore, tuo Creatore, che ha disteso i cieli e fondato la terra..<\/em>\u201d (Isaia 51.13)<\/p>\n<figure id=\"attachment_1205\" aria-describedby=\"caption-attachment-1205\" style=\"width: 960px\" class=\"wp-caption aligncenter\"><a href=\"http:\/\/www.piemonteis.org\/wp-content\/uploads\/2015\/07\/11036725_853071754800961_7034841475074362217_n.jpg\"><img decoding=\"async\" loading=\"lazy\" class=\"wp-image-1205 size-full\" src=\"http:\/\/www.piemonteis.org\/wp-content\/uploads\/2015\/07\/11036725_853071754800961_7034841475074362217_n.jpg\" alt=\"Cerreto d'asti - Sant'Andrea di Casaglio\" width=\"960\" height=\"642\" srcset=\"https:\/\/www.piemonteis.org\/wp-content\/uploads\/2015\/07\/11036725_853071754800961_7034841475074362217_n.jpg 960w, https:\/\/www.piemonteis.org\/wp-content\/uploads\/2015\/07\/11036725_853071754800961_7034841475074362217_n-300x201.jpg 300w, https:\/\/www.piemonteis.org\/wp-content\/uploads\/2015\/07\/11036725_853071754800961_7034841475074362217_n-600x401.jpg 600w\" sizes=\"(max-width: 960px) 100vw, 960px\" \/><\/a><figcaption id=\"caption-attachment-1205\" class=\"wp-caption-text\">Cerreto d&#8217;asti &#8211; Sant&#8217;Andrea di Casaglio<\/figcaption><\/figure>\n<p>A Cerreto d\u2019Asti si pu\u00f2 sostare alla <strong>Locanda caffetteria B&amp;B \u201cL\u2019Asilo\u201d (<\/strong>asilocerreto@gmail.com;\u00a0tel. 339.7107493). E\u2019 un vecchio asilo ristrutturato coniugando la tradizione con il gusto moderno<\/p>\n<figure id=\"attachment_1206\" aria-describedby=\"caption-attachment-1206\" style=\"width: 960px\" class=\"wp-caption aligncenter\"><a href=\"http:\/\/www.piemonteis.org\/wp-content\/uploads\/2015\/07\/11012852_850754455032691_8552489628872587583_n.jpg\"><img decoding=\"async\" loading=\"lazy\" class=\"wp-image-1206 size-full\" src=\"http:\/\/www.piemonteis.org\/wp-content\/uploads\/2015\/07\/11012852_850754455032691_8552489628872587583_n.jpg\" alt=\"Cerreto d'Asti - Locanda L'Asilo\" width=\"960\" height=\"642\" srcset=\"https:\/\/www.piemonteis.org\/wp-content\/uploads\/2015\/07\/11012852_850754455032691_8552489628872587583_n.jpg 960w, https:\/\/www.piemonteis.org\/wp-content\/uploads\/2015\/07\/11012852_850754455032691_8552489628872587583_n-300x201.jpg 300w, https:\/\/www.piemonteis.org\/wp-content\/uploads\/2015\/07\/11012852_850754455032691_8552489628872587583_n-600x401.jpg 600w\" sizes=\"(max-width: 960px) 100vw, 960px\" \/><\/a><figcaption id=\"caption-attachment-1206\" class=\"wp-caption-text\">Cerreto d&#8217;Asti &#8211; Locanda L&#8217;Asilo<\/figcaption><\/figure>\n<figure id=\"attachment_1209\" aria-describedby=\"caption-attachment-1209\" style=\"width: 960px\" class=\"wp-caption aligncenter\"><a href=\"http:\/\/www.piemonteis.org\/wp-content\/uploads\/2015\/07\/11781716_850754258366044_1258199224156424813_n.jpg\"><img decoding=\"async\" loading=\"lazy\" class=\"wp-image-1209 size-full\" src=\"http:\/\/www.piemonteis.org\/wp-content\/uploads\/2015\/07\/11781716_850754258366044_1258199224156424813_n.jpg\" alt=\"11781716_850754258366044_1258199224156424813_n\" width=\"960\" height=\"642\" srcset=\"https:\/\/www.piemonteis.org\/wp-content\/uploads\/2015\/07\/11781716_850754258366044_1258199224156424813_n.jpg 960w, https:\/\/www.piemonteis.org\/wp-content\/uploads\/2015\/07\/11781716_850754258366044_1258199224156424813_n-300x201.jpg 300w, https:\/\/www.piemonteis.org\/wp-content\/uploads\/2015\/07\/11781716_850754258366044_1258199224156424813_n-600x401.jpg 600w\" sizes=\"(max-width: 960px) 100vw, 960px\" \/><\/a><figcaption id=\"caption-attachment-1209\" class=\"wp-caption-text\">Cerreto d&#8217;Asti &#8211; Volta settecentesca ad ombrello nel Municipio<\/figcaption><\/figure>\n<p><a href=\"http:\/\/www.piemonteis.org\/wp-content\/uploads\/2015\/07\/1506514_850754488366021_8630242544995384297_n1.jpg\"><img decoding=\"async\" loading=\"lazy\" class=\"alignnone size-medium wp-image-1211\" src=\"http:\/\/www.piemonteis.org\/wp-content\/uploads\/2015\/07\/1506514_850754488366021_8630242544995384297_n1-300x201.jpg\" alt=\"1506514_850754488366021_8630242544995384297_n\" width=\"300\" height=\"201\" srcset=\"https:\/\/www.piemonteis.org\/wp-content\/uploads\/2015\/07\/1506514_850754488366021_8630242544995384297_n1-300x201.jpg 300w, https:\/\/www.piemonteis.org\/wp-content\/uploads\/2015\/07\/1506514_850754488366021_8630242544995384297_n1-600x401.jpg 600w, https:\/\/www.piemonteis.org\/wp-content\/uploads\/2015\/07\/1506514_850754488366021_8630242544995384297_n1.jpg 960w\" sizes=\"(max-width: 300px) 100vw, 300px\" \/><\/a> <a href=\"http:\/\/www.piemonteis.org\/wp-content\/uploads\/2015\/07\/11743017_850754505032686_7404850471529670052_n1.jpg\"><img decoding=\"async\" loading=\"lazy\" class=\"alignnone size-medium wp-image-1212\" src=\"http:\/\/www.piemonteis.org\/wp-content\/uploads\/2015\/07\/11743017_850754505032686_7404850471529670052_n1-201x300.jpg\" alt=\"11743017_850754505032686_7404850471529670052_n\" width=\"201\" height=\"300\" srcset=\"https:\/\/www.piemonteis.org\/wp-content\/uploads\/2015\/07\/11743017_850754505032686_7404850471529670052_n1-201x300.jpg 201w, https:\/\/www.piemonteis.org\/wp-content\/uploads\/2015\/07\/11743017_850754505032686_7404850471529670052_n1-600x897.jpg 600w, https:\/\/www.piemonteis.org\/wp-content\/uploads\/2015\/07\/11743017_850754505032686_7404850471529670052_n1.jpg 642w\" sizes=\"(max-width: 201px) 100vw, 201px\" \/><\/a> <a href=\"http:\/\/www.piemonteis.org\/wp-content\/uploads\/2015\/07\/11800151_850754538366016_4279054729035208987_n1.jpg\"><img decoding=\"async\" loading=\"lazy\" class=\"alignnone size-medium wp-image-1213\" src=\"http:\/\/www.piemonteis.org\/wp-content\/uploads\/2015\/07\/11800151_850754538366016_4279054729035208987_n1-201x300.jpg\" alt=\"11800151_850754538366016_4279054729035208987_n\" width=\"201\" height=\"300\" srcset=\"https:\/\/www.piemonteis.org\/wp-content\/uploads\/2015\/07\/11800151_850754538366016_4279054729035208987_n1-201x300.jpg 201w, https:\/\/www.piemonteis.org\/wp-content\/uploads\/2015\/07\/11800151_850754538366016_4279054729035208987_n1-600x897.jpg 600w, https:\/\/www.piemonteis.org\/wp-content\/uploads\/2015\/07\/11800151_850754538366016_4279054729035208987_n1.jpg 642w\" sizes=\"(max-width: 201px) 100vw, 201px\" \/><\/a><\/p>\n<p>Indi \u00e8 d\u2019obbligo una tappa a <strong>Cocconato. <\/strong>Il paese, gi\u00e0 chiamato la Riviera del Monferrato, frequentato durante le villeggiature estive, \u00e8 una straordinaria terrazza panoramica sul Monferrato e le Alpi.<\/p>\n<figure id=\"attachment_1214\" aria-describedby=\"caption-attachment-1214\" style=\"width: 1231px\" class=\"wp-caption aligncenter\"><a href=\"http:\/\/www.piemonteis.org\/wp-content\/uploads\/2015\/07\/14d-Cocconato-municipio-XV-sec..jpg\"><img decoding=\"async\" loading=\"lazy\" class=\"wp-image-1214 size-full\" src=\"http:\/\/www.piemonteis.org\/wp-content\/uploads\/2015\/07\/14d-Cocconato-municipio-XV-sec..jpg\" alt=\"Cocconato - Municipio del XV secolo\" width=\"1231\" height=\"827\" srcset=\"https:\/\/www.piemonteis.org\/wp-content\/uploads\/2015\/07\/14d-Cocconato-municipio-XV-sec..jpg 1231w, https:\/\/www.piemonteis.org\/wp-content\/uploads\/2015\/07\/14d-Cocconato-municipio-XV-sec.-300x202.jpg 300w, https:\/\/www.piemonteis.org\/wp-content\/uploads\/2015\/07\/14d-Cocconato-municipio-XV-sec.-1024x688.jpg 1024w, https:\/\/www.piemonteis.org\/wp-content\/uploads\/2015\/07\/14d-Cocconato-municipio-XV-sec.-600x403.jpg 600w\" sizes=\"(max-width: 1231px) 100vw, 1231px\" \/><\/a><figcaption id=\"caption-attachment-1214\" class=\"wp-caption-text\">Cocconato &#8211; Municipio del XV secolo<\/figcaption><\/figure>\n<p>Affascinanti i suoi vicoli selciati, sui quali s\u2019affaccia il municipio del XV secolo, che presenta portici medievali dai possenti archi che si fondono con l\u2019eleganza delle finestre in cotto, interessante la <strong>farmacia del Settecento<\/strong> dal soffitto affrescato con un san Gabriele, l\u2019androne di fronte al Municipio con <strong>soffitti e stucchi<\/strong> <strong>in gesso<\/strong>, particolarit\u00e0 del Monferrato.<\/p>\n<figure id=\"attachment_1215\" aria-describedby=\"caption-attachment-1215\" style=\"width: 640px\" class=\"wp-caption aligncenter\"><a href=\"http:\/\/www.piemonteis.org\/wp-content\/uploads\/2015\/07\/14d-Cocconato-farmacia-700.jpg\"><img decoding=\"async\" loading=\"lazy\" class=\"wp-image-1215 size-large\" src=\"http:\/\/www.piemonteis.org\/wp-content\/uploads\/2015\/07\/14d-Cocconato-farmacia-700-1024x683.jpg\" alt=\"Cocconato - Farmacia del '700\" width=\"640\" height=\"427\" srcset=\"https:\/\/www.piemonteis.org\/wp-content\/uploads\/2015\/07\/14d-Cocconato-farmacia-700-1024x683.jpg 1024w, https:\/\/www.piemonteis.org\/wp-content\/uploads\/2015\/07\/14d-Cocconato-farmacia-700-300x200.jpg 300w, https:\/\/www.piemonteis.org\/wp-content\/uploads\/2015\/07\/14d-Cocconato-farmacia-700-600x400.jpg 600w, https:\/\/www.piemonteis.org\/wp-content\/uploads\/2015\/07\/14d-Cocconato-farmacia-700.jpg 1229w\" sizes=\"(max-width: 640px) 100vw, 640px\" \/><\/a><figcaption id=\"caption-attachment-1215\" class=\"wp-caption-text\">Cocconato &#8211; Farmacia del &#8216;700<\/figcaption><\/figure>\n<p>La chiesa secentesca della S. Trinit\u00e0 \u00e8 un piccolo scrigno barocco: stucchi policromi, rari, contornano statue di santi, belle tele e uno stupendo altare ligneo, tripudio di rosso e oro, ricchissimo, nel quale spiccano, contrastando con la loro semplicit\u00e0, visi di angeli non idealizzati, ma forse copiati da genti di quell\u2019epoca, angeli umanizzati. Nella piazza bella l\u2019antica insegna del <strong>Ristorante Cannon d\u2019Oro<\/strong> e le altre che decantano il cioccolato, il salame e le <strong>robiole di Cocconato.<\/strong><\/p>\n<figure id=\"attachment_1216\" aria-describedby=\"caption-attachment-1216\" style=\"width: 640px\" class=\"wp-caption aligncenter\"><a href=\"http:\/\/www.piemonteis.org\/wp-content\/uploads\/2015\/07\/14e-Cocconato-Affresco-del-Settecento.-la-Giustizia.jpg\"><img decoding=\"async\" loading=\"lazy\" class=\"wp-image-1216 size-large\" src=\"http:\/\/www.piemonteis.org\/wp-content\/uploads\/2015\/07\/14e-Cocconato-Affresco-del-Settecento.-la-Giustizia-1024x685.jpg\" alt=\"Cocconato - Affresco del Settecento, La Giustizia \" width=\"640\" height=\"428\" srcset=\"https:\/\/www.piemonteis.org\/wp-content\/uploads\/2015\/07\/14e-Cocconato-Affresco-del-Settecento.-la-Giustizia-1024x685.jpg 1024w, https:\/\/www.piemonteis.org\/wp-content\/uploads\/2015\/07\/14e-Cocconato-Affresco-del-Settecento.-la-Giustizia-300x201.jpg 300w, https:\/\/www.piemonteis.org\/wp-content\/uploads\/2015\/07\/14e-Cocconato-Affresco-del-Settecento.-la-Giustizia-600x401.jpg 600w, https:\/\/www.piemonteis.org\/wp-content\/uploads\/2015\/07\/14e-Cocconato-Affresco-del-Settecento.-la-Giustizia.jpg 1232w\" sizes=\"(max-width: 640px) 100vw, 640px\" \/><\/a><figcaption id=\"caption-attachment-1216\" class=\"wp-caption-text\">Cocconato &#8211; Affresco del Settecento, La Giustizia<\/figcaption><\/figure>\n<p>In alto visiteremo la <strong>parrocchiale<\/strong>, dalla semplice facciata che non lascia immaginare la ricchezza dell\u2019interno: tele del Sei-Settecento, angeli insolitamente alti, in stucco, che si abbracciano alle colonne. Si notino gli altari che paiono intarsi di marmo, e sono in realt\u00e0 lavori in gesso e pasta di marmo molto delicati, detti \u201cpaliotti\u201d. Una Madonna contornata da angeli \u00e8 un trionfo dorato che si staglia sullo sfondo pi\u00f9 tenue degli intonaci della chiesa.<\/p>\n<p><strong><em>Castelli medievali<\/em><\/strong>. Mentre gli altri castelli considerati presentano tratti di varie epoche, la situazione muta nel borgo <strong>di<\/strong> <strong>Passerano Marmorito<\/strong>. Il borgo di Passerano esisteva gi\u00e0 nel XII secolo. Il castello, forse gi\u00e0 esistente in quel tempo, vede i Cocconato, detti anche Di Radicati, signori e costruttori del castello nel XII secolo, che venne ampliato nel XV secolo e successivamente nel XVII.<\/p>\n<figure id=\"attachment_1217\" aria-describedby=\"caption-attachment-1217\" style=\"width: 1230px\" class=\"wp-caption aligncenter\"><a href=\"http:\/\/www.piemonteis.org\/wp-content\/uploads\/2015\/07\/17a-Castello-Passerano-M..jpg\"><img decoding=\"async\" loading=\"lazy\" class=\"wp-image-1217 size-full\" src=\"http:\/\/www.piemonteis.org\/wp-content\/uploads\/2015\/07\/17a-Castello-Passerano-M..jpg\" alt=\"Castello di Passerano \" width=\"1230\" height=\"821\" srcset=\"https:\/\/www.piemonteis.org\/wp-content\/uploads\/2015\/07\/17a-Castello-Passerano-M..jpg 1230w, https:\/\/www.piemonteis.org\/wp-content\/uploads\/2015\/07\/17a-Castello-Passerano-M.-300x200.jpg 300w, https:\/\/www.piemonteis.org\/wp-content\/uploads\/2015\/07\/17a-Castello-Passerano-M.-1024x683.jpg 1024w, https:\/\/www.piemonteis.org\/wp-content\/uploads\/2015\/07\/17a-Castello-Passerano-M.-600x400.jpg 600w\" sizes=\"(max-width: 1230px) 100vw, 1230px\" \/><\/a><figcaption id=\"caption-attachment-1217\" class=\"wp-caption-text\">Castello di Passerano<\/figcaption><\/figure>\n<p>Sebbene sia stato rimaneggiato anche nell\u2019Ottocento, si presenta sostanzialmente medievale all\u2019esterno: gran muraglia di cotto con decorazioni, merlature, finestre e un cortiletto in cima a una salita selciata racchiuso tra fiorite decorazioni. Ospit\u00f2 il musicista <strong>Robert Schumann<\/strong>. L\u2019integrazione del cotto con il verde di compatte siepi di bosso sapientemente disposte, s\u00ec da creare eleganti e profonde prospettive, dalle quali emergono la bella parrocchiale e i tetti del paese, donano a questo paese una rara armonia e perfezione estetica.<\/p>\n<figure id=\"attachment_1218\" aria-describedby=\"caption-attachment-1218\" style=\"width: 640px\" class=\"wp-caption aligncenter\"><a href=\"http:\/\/www.piemonteis.org\/wp-content\/uploads\/2015\/07\/17b-Castello-Passerano-M.-partic..jpg\"><img decoding=\"async\" loading=\"lazy\" class=\"wp-image-1218 size-large\" src=\"http:\/\/www.piemonteis.org\/wp-content\/uploads\/2015\/07\/17b-Castello-Passerano-M.-partic.-664x1024.jpg\" alt=\"Castello di Passerano - dettaglio\" width=\"640\" height=\"987\" srcset=\"https:\/\/www.piemonteis.org\/wp-content\/uploads\/2015\/07\/17b-Castello-Passerano-M.-partic.-664x1024.jpg 664w, https:\/\/www.piemonteis.org\/wp-content\/uploads\/2015\/07\/17b-Castello-Passerano-M.-partic.-195x300.jpg 195w, https:\/\/www.piemonteis.org\/wp-content\/uploads\/2015\/07\/17b-Castello-Passerano-M.-partic.-600x925.jpg 600w, https:\/\/www.piemonteis.org\/wp-content\/uploads\/2015\/07\/17b-Castello-Passerano-M.-partic..jpg 807w\" sizes=\"(max-width: 640px) 100vw, 640px\" \/><\/a><figcaption id=\"caption-attachment-1218\" class=\"wp-caption-text\">Castello di Passerano &#8211; dettaglio<\/figcaption><\/figure>\n<p>Interessanti anche l\u2019ala del mercato, edificio che si incontra in varie parti del Piemonte ma non comunissimo, la chiesa con uno splendido portone barocco, il <em>ciab\u00f2t<\/em>, la biblioteca dai bei loggiati, la torre-porta che mena al maniero, con una bella nicchia gotica che reca tracce di un affresco.<\/p>\n<figure id=\"attachment_1219\" aria-describedby=\"caption-attachment-1219\" style=\"width: 960px\" class=\"wp-caption aligncenter\"><a href=\"http:\/\/www.piemonteis.org\/wp-content\/uploads\/2015\/07\/11825036_853071824800954_7852171778584750361_n.jpg\"><img decoding=\"async\" loading=\"lazy\" class=\"wp-image-1219 size-full\" src=\"http:\/\/www.piemonteis.org\/wp-content\/uploads\/2015\/07\/11825036_853071824800954_7852171778584750361_n.jpg\" alt=\"Loc. Recinto - Rovine del castello Radicati\" width=\"960\" height=\"642\" srcset=\"https:\/\/www.piemonteis.org\/wp-content\/uploads\/2015\/07\/11825036_853071824800954_7852171778584750361_n.jpg 960w, https:\/\/www.piemonteis.org\/wp-content\/uploads\/2015\/07\/11825036_853071824800954_7852171778584750361_n-300x201.jpg 300w, https:\/\/www.piemonteis.org\/wp-content\/uploads\/2015\/07\/11825036_853071824800954_7852171778584750361_n-600x401.jpg 600w\" sizes=\"(max-width: 960px) 100vw, 960px\" \/><\/a><figcaption id=\"caption-attachment-1219\" class=\"wp-caption-text\">Loc. Recinto &#8211; Rovine del castello Radicati<\/figcaption><\/figure>\n<p>A<strong> Marmorito<\/strong> esistono i ruderi di un <strong>castello Radicati<\/strong>, localit\u00e0 Recinto, che affascinano perch\u00e9 hanno il sapore delle guerre, della storia, che spesso \u00e8 stata testimone di distruzioni. Inoltre il rudere, affiancato da un selvaggio, contorto cedro del Libano dona una vista superba su gran parte del Monferrato e sul Monviso che svetta insieme alle altre Alpi. Il termine <em>recinto<\/em> \u00e8 analogo a quello, canavesano e biellese, di <em>ricetto<\/em>: case addossate al maniero che, inizialmente, erano usate in modo temporaneo come rifugio in caso di guerre e, in seguito, in modo permanente.<\/p>\n<p>Testo e foto di Giovanni Dughera<\/p>\n<p><em>Per approfondimenti sui vini di Cocconato, tra cui il raro<strong> Albarossa<\/strong>, e sulla <strong>Robiola Cocon\u00e0<\/strong>, celebre specialit\u00e0 casearia locale, vi rimandiamo al seguente articolo: <a href=\"http:\/\/kiteinnepal.com\/2013\/09\/25\/cocconato-tra-vini-formaggi-e-storia\/\">Cocconato, tra vini, formaggi e storia\u00a0<\/a><\/em><\/p>\n<figure id=\"attachment_1220\" aria-describedby=\"caption-attachment-1220\" style=\"width: 960px\" class=\"wp-caption aligncenter\"><a href=\"http:\/\/www.piemonteis.org\/wp-content\/uploads\/2015\/07\/11817277_853071798134290_8757776493517970663_n.jpg\"><img decoding=\"async\" loading=\"lazy\" class=\"wp-image-1220 size-full\" src=\"http:\/\/www.piemonteis.org\/wp-content\/uploads\/2015\/07\/11817277_853071798134290_8757776493517970663_n.jpg\" alt=\"Panorama da localit\u00e0 Recinto\" width=\"960\" height=\"642\" srcset=\"https:\/\/www.piemonteis.org\/wp-content\/uploads\/2015\/07\/11817277_853071798134290_8757776493517970663_n.jpg 960w, https:\/\/www.piemonteis.org\/wp-content\/uploads\/2015\/07\/11817277_853071798134290_8757776493517970663_n-300x201.jpg 300w, https:\/\/www.piemonteis.org\/wp-content\/uploads\/2015\/07\/11817277_853071798134290_8757776493517970663_n-600x401.jpg 600w\" sizes=\"(max-width: 960px) 100vw, 960px\" \/><\/a><figcaption id=\"caption-attachment-1220\" class=\"wp-caption-text\">Panorama da localit\u00e0 Recinto<\/figcaption><\/figure>\n","protected":false},"excerpt":{"rendered":"<p>Tappa precedente: castello di Piea e Piov\u00e0 Massaia\u00a0 La nuova tappa dell&#8217;itinerario monferrino proposto da Giovanni Dughera ci conduce a Cerreto d&#8217;Asti, suggestivo&#8230;<\/p>\n","protected":false},"author":1,"featured_media":1219,"comment_status":"open","ping_status":"open","sticky":false,"template":"","format":"standard","meta":{"footnotes":""},"categories":[14,3],"tags":[],"_links":{"self":[{"href":"https:\/\/www.piemonteis.org\/index.php?rest_route=\/wp\/v2\/posts\/1201"}],"collection":[{"href":"https:\/\/www.piemonteis.org\/index.php?rest_route=\/wp\/v2\/posts"}],"about":[{"href":"https:\/\/www.piemonteis.org\/index.php?rest_route=\/wp\/v2\/types\/post"}],"author":[{"embeddable":true,"href":"https:\/\/www.piemonteis.org\/index.php?rest_route=\/wp\/v2\/users\/1"}],"replies":[{"embeddable":true,"href":"https:\/\/www.piemonteis.org\/index.php?rest_route=%2Fwp%2Fv2%2Fcomments&post=1201"}],"version-history":[{"count":2,"href":"https:\/\/www.piemonteis.org\/index.php?rest_route=\/wp\/v2\/posts\/1201\/revisions"}],"predecessor-version":[{"id":1222,"href":"https:\/\/www.piemonteis.org\/index.php?rest_route=\/wp\/v2\/posts\/1201\/revisions\/1222"}],"wp:featuredmedia":[{"embeddable":true,"href":"https:\/\/www.piemonteis.org\/index.php?rest_route=\/wp\/v2\/media\/1219"}],"wp:attachment":[{"href":"https:\/\/www.piemonteis.org\/index.php?rest_route=%2Fwp%2Fv2%2Fmedia&parent=1201"}],"wp:term":[{"taxonomy":"category","embeddable":true,"href":"https:\/\/www.piemonteis.org\/index.php?rest_route=%2Fwp%2Fv2%2Fcategories&post=1201"},{"taxonomy":"post_tag","embeddable":true,"href":"https:\/\/www.piemonteis.org\/index.php?rest_route=%2Fwp%2Fv2%2Ftags&post=1201"}],"curies":[{"name":"wp","href":"https:\/\/api.w.org\/{rel}","templated":true}]}}