{"id":1345,"date":"2015-10-16T10:15:10","date_gmt":"2015-10-16T10:15:10","guid":{"rendered":"http:\/\/www.piemonteis.org\/?p=1345"},"modified":"2015-10-16T10:39:45","modified_gmt":"2015-10-16T10:39:45","slug":"nella-fortezza-di-fenestrelle-la-grande-muraglia-piemontese-ii-parte","status":"publish","type":"post","link":"https:\/\/www.piemonteis.org\/?p=1345","title":{"rendered":"Nella fortezza di Fenestrelle, la grande muraglia piemontese &#8211; II parte"},"content":{"rendered":"<p><em>Prosegue, a cura di Andrea Coda*, guida turistica di professione, l&#8217;esplorazione della fortezza di Fenestrelle, il pi\u00f9 grande complesso fortificato alpino d&#8217;Europa<\/em><\/p>\n<figure id=\"attachment_1346\" aria-describedby=\"caption-attachment-1346\" style=\"width: 960px\" class=\"wp-caption aligncenter\"><a href=\"http:\/\/www.piemonteis.org\/wp-content\/uploads\/2015\/10\/fen-3.jpg\"><img decoding=\"async\" loading=\"lazy\" class=\"size-full wp-image-1346\" src=\"http:\/\/www.piemonteis.org\/wp-content\/uploads\/2015\/10\/fen-3.jpg\" alt=\"Scorcio della Chiesa e della scala coperta - foto di Paolo Barosso\" width=\"960\" height=\"540\" srcset=\"https:\/\/www.piemonteis.org\/wp-content\/uploads\/2015\/10\/fen-3.jpg 960w, https:\/\/www.piemonteis.org\/wp-content\/uploads\/2015\/10\/fen-3-300x169.jpg 300w, https:\/\/www.piemonteis.org\/wp-content\/uploads\/2015\/10\/fen-3-600x338.jpg 600w\" sizes=\"(max-width: 960px) 100vw, 960px\" \/><\/a><figcaption id=\"caption-attachment-1346\" class=\"wp-caption-text\">Scorcio della Chiesa e della scala coperta &#8211; foto di Paolo Barosso<\/figcaption><\/figure>\n<p>Per avere idea di quella che diventer\u00e0 la pi\u00f9 <strong>grande fortezza d&#8217;Europa,\u00a0<\/strong>possiamo riportare il libro mastro della forza lavoro impiegata nella settimana lavorativa del 7 Settembre del 1732<\/p>\n<p>116 assistenti impresari<\/p>\n<p>508 maestri muratori<\/p>\n<p>213 scalpellini<\/p>\n<p>34 carpentieri<\/p>\n<p>33 fabbri<\/p>\n<p>178 minatori paesani<\/p>\n<p>75 cabassini o trasportatoti di materiale con gerla<\/p>\n<p>1460 lavoratori paesani (manovali, birrocciai, mulattieri,boscaioli)<\/p>\n<p>1670 militari<\/p>\n<p>Per un totale di <strong>4287 uomini:<\/strong> un numero veramente notevole di cui non si hanno riscontri in nessun&#8217;altra fortezza alpina.<\/p>\n<figure id=\"attachment_1348\" aria-describedby=\"caption-attachment-1348\" style=\"width: 392px\" class=\"wp-caption alignright\"><a href=\"http:\/\/www.piemonteis.org\/wp-content\/uploads\/2015\/10\/fen-1.jpg\"><img decoding=\"async\" loading=\"lazy\" class=\"wp-image-1348 size-full\" src=\"http:\/\/www.piemonteis.org\/wp-content\/uploads\/2015\/10\/fen-1.jpg\" alt=\"fen 1\" width=\"392\" height=\"591\" srcset=\"https:\/\/www.piemonteis.org\/wp-content\/uploads\/2015\/10\/fen-1.jpg 392w, https:\/\/www.piemonteis.org\/wp-content\/uploads\/2015\/10\/fen-1-199x300.jpg 199w\" sizes=\"(max-width: 392px) 100vw, 392px\" \/><\/a><figcaption id=\"caption-attachment-1348\" class=\"wp-caption-text\">Visione d&#8217;assieme del complesso<\/figcaption><\/figure>\n<p>Il forte verr\u00e0 completato nel 1789, ma i lavori continuarono in modo imponente nel 1836 con nuove costruzione atte alla difesa come la <strong>Ridotta Carlo Alberto,<\/strong> che and\u00f2 a sostituire l&#8217;ormai obsoleto <strong>Forte Mutin.<\/strong>\u00a0Quest&#8217;opera fu di fatto terminata nel 1850, concludendo l&#8217;ultimo cantiere di quella che viene considerata la pi\u00f9 grandiosa delle fortezze alpine e definita tra le <strong>sette meraviglie delle Alpi<\/strong>.<\/p>\n<p>Arrivando da Pinerolo direzione Sestriere, subito dopo il &#8220;curvone&#8221; che precede Fenestrelle, possiamo ammirare la prima parte del forte. Si tratta della <strong>Ridotta Carlo Alberto<\/strong>, che in realt\u00e0 come spiegato prima \u00e8 una delle parti pi\u00f9 recenti della fortezza. Purtroppo due terribili esplosioni l&#8217;hanno semidistrutta durante la seconda Guerra Mondiale. Un tempo il viaggiatore, per poter proseguire il suo percorso, doveva passare all&#8217;interno della ridotta attraverso dei ponti levatoi che bloccavano la strada da entrambe le direzioni. In questo momento la struttura e&#8217; in totale abbandono.<\/p>\n<p>Superata la ridotta e ripresa la strada, dopo due tornanti una segnalazione stradale \u00a0indica di svoltare a destra per giungere al piazzale del <strong>Forte San Carlo,<\/strong>\u00a0dove, tramite un ponte levatoio, possiamo accedere all&#8217;interno della Fortezza. Ovviamente lo spettacolo \u00e8 straordinario: mura imponenti, dominate da una quantit\u00e0 impressionante di cannoniere, dominano la piazza, cominciando poi a salire verso la montagna, quasi a formare una scala ciclopica, quella che il De Amicis nel libro alle Porte d&#8217;Italia defin\u00ec la<strong><em> scala dei titani.<\/em><\/strong><\/p>\n<figure id=\"attachment_1347\" aria-describedby=\"caption-attachment-1347\" style=\"width: 960px\" class=\"wp-caption aligncenter\"><a href=\"http:\/\/www.piemonteis.org\/wp-content\/uploads\/2015\/10\/fen-2.jpg\"><img decoding=\"async\" loading=\"lazy\" class=\"size-full wp-image-1347\" src=\"http:\/\/www.piemonteis.org\/wp-content\/uploads\/2015\/10\/fen-2.jpg\" alt=\"La Chiesa, affacciata sulla Piazza d'Armi - foto di Paolo Barosso\" width=\"960\" height=\"540\" srcset=\"https:\/\/www.piemonteis.org\/wp-content\/uploads\/2015\/10\/fen-2.jpg 960w, https:\/\/www.piemonteis.org\/wp-content\/uploads\/2015\/10\/fen-2-300x169.jpg 300w, https:\/\/www.piemonteis.org\/wp-content\/uploads\/2015\/10\/fen-2-600x338.jpg 600w\" sizes=\"(max-width: 960px) 100vw, 960px\" \/><\/a><figcaption id=\"caption-attachment-1347\" class=\"wp-caption-text\">La Chiesa, affacciata sulla Piazza d&#8217;Armi &#8211; foto di Paolo Barosso<\/figcaption><\/figure>\n<p>Attraversato il ponte levatoio e il lungo atrio ,da cui possiamo ammirare lo spessore delle mura, ci troviamo nella <strong>Piazza d&#8217;Armi,<\/strong>\u00a0sulla quale si affacciano i Palazzi pi\u00f9 importanti di tutta la fortezza: il <strong>Palazzo del Governatore<\/strong>, il<strong> Palazzo degli Ufficiali<\/strong>, la <strong>Chiesa<\/strong>.<\/p>\n<figure id=\"attachment_1350\" aria-describedby=\"caption-attachment-1350\" style=\"width: 960px\" class=\"wp-caption alignnone\"><a href=\"http:\/\/www.piemonteis.org\/wp-content\/uploads\/2015\/10\/fen-4.jpg\"><img decoding=\"async\" loading=\"lazy\" class=\"size-full wp-image-1350\" src=\"http:\/\/www.piemonteis.org\/wp-content\/uploads\/2015\/10\/fen-4.jpg\" alt=\"Tratto della scala coperta \" width=\"960\" height=\"540\" srcset=\"https:\/\/www.piemonteis.org\/wp-content\/uploads\/2015\/10\/fen-4.jpg 960w, https:\/\/www.piemonteis.org\/wp-content\/uploads\/2015\/10\/fen-4-300x169.jpg 300w, https:\/\/www.piemonteis.org\/wp-content\/uploads\/2015\/10\/fen-4-600x338.jpg 600w\" sizes=\"(max-width: 960px) 100vw, 960px\" \/><\/a><figcaption id=\"caption-attachment-1350\" class=\"wp-caption-text\">Tratto della scala coperta<\/figcaption><\/figure>\n<p>Se con lo sguardo ci voltiamo verso l&#8217;ingresso, appena attraversato possiamo notare una porta ad arco che conduce alla <strong>scala coperta,<\/strong> opera che la lascia il visitatore completamente a bocca aperta: una struttura di<strong> 3996 gradini<\/strong>, lunga due chilometri e con 525 metri di dislivello, considerata <em><strong>la pi\u00f9 lunga scala al coperto d&#8217;Europa<\/strong><\/em>, e che permetteva l&#8217;unione e il collegamento di tutti e tre i forti, San Carlo, Tre Denti e delle Valli, che formano la Fortezza di Fenestrelle &#8211; continua &#8211;<\/p>\n<p>Testo di Andrea Coda<\/p>\n<p>*<em><strong>Nota della redazione<\/strong>: ricordiamo, per chi fosse interessato, che Andrea Coda accompagna gruppi e organizza visite guidate nella citt\u00e0 di Torino e in tutto il Piemonte. Per informazioni chiamare il 393\/4530401\u00a0o scrivere a <a href=\"mailto:andreacoda@me.com\">andreacoda@me.com<\/a><\/em><\/p>\n<figure id=\"attachment_1349\" aria-describedby=\"caption-attachment-1349\" style=\"width: 960px\" class=\"wp-caption aligncenter\"><a href=\"http:\/\/www.piemonteis.org\/wp-content\/uploads\/2015\/10\/fen-5.jpg\"><img decoding=\"async\" loading=\"lazy\" class=\"size-full wp-image-1349\" src=\"http:\/\/www.piemonteis.org\/wp-content\/uploads\/2015\/10\/fen-5.jpg\" alt=\"Scorcio del Palazzo degli Ufficiali - foto di Paolo Barosso\" width=\"960\" height=\"540\" srcset=\"https:\/\/www.piemonteis.org\/wp-content\/uploads\/2015\/10\/fen-5.jpg 960w, https:\/\/www.piemonteis.org\/wp-content\/uploads\/2015\/10\/fen-5-300x169.jpg 300w, https:\/\/www.piemonteis.org\/wp-content\/uploads\/2015\/10\/fen-5-600x338.jpg 600w\" sizes=\"(max-width: 960px) 100vw, 960px\" \/><\/a><figcaption id=\"caption-attachment-1349\" class=\"wp-caption-text\">Scorcio del Palazzo degli Ufficiali &#8211; foto di Paolo Barosso<\/figcaption><\/figure>\n<p>&nbsp;<\/p>\n","protected":false},"excerpt":{"rendered":"<p>Prosegue, a cura di Andrea Coda*, guida turistica di professione, l&#8217;esplorazione della fortezza di Fenestrelle, il pi\u00f9 grande complesso fortificato alpino d&#8217;Europa Per&#8230;<\/p>\n","protected":false},"author":1,"featured_media":1350,"comment_status":"open","ping_status":"open","sticky":false,"template":"","format":"standard","meta":{"footnotes":""},"categories":[1,25,14],"tags":[],"_links":{"self":[{"href":"https:\/\/www.piemonteis.org\/index.php?rest_route=\/wp\/v2\/posts\/1345"}],"collection":[{"href":"https:\/\/www.piemonteis.org\/index.php?rest_route=\/wp\/v2\/posts"}],"about":[{"href":"https:\/\/www.piemonteis.org\/index.php?rest_route=\/wp\/v2\/types\/post"}],"author":[{"embeddable":true,"href":"https:\/\/www.piemonteis.org\/index.php?rest_route=\/wp\/v2\/users\/1"}],"replies":[{"embeddable":true,"href":"https:\/\/www.piemonteis.org\/index.php?rest_route=%2Fwp%2Fv2%2Fcomments&post=1345"}],"version-history":[{"count":4,"href":"https:\/\/www.piemonteis.org\/index.php?rest_route=\/wp\/v2\/posts\/1345\/revisions"}],"predecessor-version":[{"id":1354,"href":"https:\/\/www.piemonteis.org\/index.php?rest_route=\/wp\/v2\/posts\/1345\/revisions\/1354"}],"wp:featuredmedia":[{"embeddable":true,"href":"https:\/\/www.piemonteis.org\/index.php?rest_route=\/wp\/v2\/media\/1350"}],"wp:attachment":[{"href":"https:\/\/www.piemonteis.org\/index.php?rest_route=%2Fwp%2Fv2%2Fmedia&parent=1345"}],"wp:term":[{"taxonomy":"category","embeddable":true,"href":"https:\/\/www.piemonteis.org\/index.php?rest_route=%2Fwp%2Fv2%2Fcategories&post=1345"},{"taxonomy":"post_tag","embeddable":true,"href":"https:\/\/www.piemonteis.org\/index.php?rest_route=%2Fwp%2Fv2%2Ftags&post=1345"}],"curies":[{"name":"wp","href":"https:\/\/api.w.org\/{rel}","templated":true}]}}