{"id":1708,"date":"2015-11-02T20:56:35","date_gmt":"2015-11-02T20:56:35","guid":{"rendered":"http:\/\/www.piemonteis.org\/?p=1708"},"modified":"2015-11-03T08:57:11","modified_gmt":"2015-11-03T08:57:11","slug":"cane-e-trifolau-un-rapporto-speciale","status":"publish","type":"post","link":"https:\/\/www.piemonteis.org\/?p=1708","title":{"rendered":"Cane e trifolau, un rapporto speciale &#8211; la testimonianza di Carlo Marenda"},"content":{"rendered":"<p><em>In occasione della <a href=\"http:\/\/www.fieradeltartufo.org\/2015\/it\/\">Fiera Internazionale del Tartufo Bianco<\/a>, in programma ad Alba\u00a0sino al 15 novembre, il nostro collaboratore <strong>Milo Julini*<\/strong>\u00a0si sofferma, attraverso la testimonianza del giovane Carlo Marenda, sullo speciale rapporto che s&#8217;instaura tra il cercatore del pregiato fungo ipogeo, il <strong>trifolau<\/strong>, e il cane, compagno fedele e insostituibile. \u00a0\u00a0<\/em><\/p>\n<p style=\"text-align: center;\">Un\u2019eredit\u00e0 originale: testimonianza del giovane <em>trifolau<\/em> albese Carlo Marenda nel ricordo di Giuseppe Giamesio<\/p>\n<figure id=\"attachment_1709\" aria-describedby=\"caption-attachment-1709\" style=\"width: 960px\" class=\"wp-caption aligncenter\"><a href=\"http:\/\/www.piemonteis.org\/wp-content\/uploads\/2015\/11\/12204987_1682357012009168_1061140418_n.jpg\"><img decoding=\"async\" loading=\"lazy\" class=\"size-full wp-image-1709\" src=\"http:\/\/www.piemonteis.org\/wp-content\/uploads\/2015\/11\/12204987_1682357012009168_1061140418_n.jpg\" alt=\"Trifolau con i loro cani, presenti per una premiazione\" width=\"960\" height=\"720\" srcset=\"https:\/\/www.piemonteis.org\/wp-content\/uploads\/2015\/11\/12204987_1682357012009168_1061140418_n.jpg 960w, https:\/\/www.piemonteis.org\/wp-content\/uploads\/2015\/11\/12204987_1682357012009168_1061140418_n-300x225.jpg 300w, https:\/\/www.piemonteis.org\/wp-content\/uploads\/2015\/11\/12204987_1682357012009168_1061140418_n-600x450.jpg 600w\" sizes=\"(max-width: 960px) 100vw, 960px\" \/><\/a><figcaption id=\"caption-attachment-1709\" class=\"wp-caption-text\">Trifolau con i loro cani, presenti per una premiazione<\/figcaption><\/figure>\n<p>Domenica 11 ottobre, ad Alba, nell\u2019ambito della <strong>85a Fiera Internazionale del Tartufo Bianco d\u2019Alba<\/strong>, si \u00e8 tenuto il Convegno \u201c<em><strong>Un\u2019alleanza perfetta: trifolau e cane da tartufo<\/strong><\/em>\u201d, al quale ho partecipato in qualit\u00e0 di relatore.<\/p>\n<p>Dopo i saluti di Liliana Allena (Presidente Ente Fiera Internazionale del Tartufo Bianco d\u2019Alba) e di Silvano Valsania (Presidente Fondazione Casa del Tartufo Bianco d\u2019Alba di Mont\u00e0), si sono svolti i lavori del convegno col prof. Ivo Zoccarato in veste di moderatore. Oltre alla mia relazione sul tema\u00a0<em>Il monfortese Domenico Vallada e il \u201cvernacolo triffole\u201d<\/em>, hanno preso la parola i professori Alfredo Pauciullo (<em>Cave canem: il futuro del cane da tartufo \u00e8 scritto nel mosaico dei geni<\/em>) e Pierpaolo Mussa (<em>Quando gli interessi coincidono: uomo e cane nella ricerca dei tartufi<\/em>).<\/p>\n<figure id=\"attachment_1712\" aria-describedby=\"caption-attachment-1712\" style=\"width: 743px\" class=\"wp-caption aligncenter\"><a href=\"http:\/\/www.piemonteis.org\/wp-content\/uploads\/2015\/11\/Distesa-di-colline.jpg\"><img decoding=\"async\" loading=\"lazy\" class=\"size-full wp-image-1712\" src=\"http:\/\/www.piemonteis.org\/wp-content\/uploads\/2015\/11\/Distesa-di-colline.jpg\" alt=\"Distesa di colline tra Langhe e Monferrato\" width=\"743\" height=\"557\" srcset=\"https:\/\/www.piemonteis.org\/wp-content\/uploads\/2015\/11\/Distesa-di-colline.jpg 743w, https:\/\/www.piemonteis.org\/wp-content\/uploads\/2015\/11\/Distesa-di-colline-300x225.jpg 300w, https:\/\/www.piemonteis.org\/wp-content\/uploads\/2015\/11\/Distesa-di-colline-600x450.jpg 600w\" sizes=\"(max-width: 743px) 100vw, 743px\" \/><\/a><figcaption id=\"caption-attachment-1712\" class=\"wp-caption-text\">Distesa di colline a Calosso, punto d&#8217;incontro tra Langhe e Monferrato, regno della vite, della nocciola e del tartufo&#8230;<\/figcaption><\/figure>\n<p>Ma in questa sede desidero parlare dell\u2019intervento introduttivo di<strong> Carlo Marenda<\/strong>, intitolato \u201c<em>Un\u2019eredit\u00e0 originale: testimonianza di un giovane trifolau albese nel ricordo di Giuseppe Giamesio<\/em>\u201d.<\/p>\n<figure id=\"attachment_1710\" aria-describedby=\"caption-attachment-1710\" style=\"width: 960px\" class=\"wp-caption aligncenter\"><a href=\"http:\/\/www.piemonteis.org\/wp-content\/uploads\/2015\/11\/12202483_1682356998675836_1469170029_n.jpg\"><img decoding=\"async\" loading=\"lazy\" class=\"size-full wp-image-1710\" src=\"http:\/\/www.piemonteis.org\/wp-content\/uploads\/2015\/11\/12202483_1682356998675836_1469170029_n.jpg\" alt=\"Milo Julini con Carlo Marenda e il figlio di Giamesio.\" width=\"960\" height=\"720\" srcset=\"https:\/\/www.piemonteis.org\/wp-content\/uploads\/2015\/11\/12202483_1682356998675836_1469170029_n.jpg 960w, https:\/\/www.piemonteis.org\/wp-content\/uploads\/2015\/11\/12202483_1682356998675836_1469170029_n-300x225.jpg 300w, https:\/\/www.piemonteis.org\/wp-content\/uploads\/2015\/11\/12202483_1682356998675836_1469170029_n-600x450.jpg 600w\" sizes=\"(max-width: 960px) 100vw, 960px\" \/><\/a><figcaption id=\"caption-attachment-1710\" class=\"wp-caption-text\">Milo Julini con Carlo Marenda e il figlio di Giamesio.<\/figcaption><\/figure>\n<p><strong>Carlo Marenda<\/strong>, di Alba, ha narrato il suo incontro con l\u2019esperto<em> trifolau<\/em> <strong>Giuseppe Giamesio<\/strong> di Roddi. Tra i due\u00a0 <em>trifolau<\/em> \u2013 superata l\u2019iniziale circospezione di Giamesio \u2013 si \u00e8 stabilito un rapporto cos\u00ec stretto che Giamesio ha deciso di lasciare in eredit\u00e0 a Carlo Marenda, oltre alle sue idee sulla ricerca dei tartufi (Giamesio era noto come \u201c<strong>trifolau ecologista<\/strong>\u201d), anche i suoi <strong>tre provetti cani da tartufi<\/strong>. Due di questi si possono vedere nelle foto mentre il terzo, gi\u00e0 molto vecchio, \u00e8 morto nel frattempo.<\/p>\n<p>Testo di Milo Julini*<\/p>\n<figure id=\"attachment_1711\" aria-describedby=\"caption-attachment-1711\" style=\"width: 720px\" class=\"wp-caption alignnone\"><a href=\"http:\/\/www.piemonteis.org\/wp-content\/uploads\/2015\/11\/12202003_1682357002009169_1609157305_n.jpg\"><img decoding=\"async\" loading=\"lazy\" class=\"wp-image-1711 size-full\" src=\"http:\/\/www.piemonteis.org\/wp-content\/uploads\/2015\/11\/12202003_1682357002009169_1609157305_n.jpg\" alt=\"Milo Julini con Carlo Marenda e il figlio di Giamesio\" width=\"720\" height=\"960\" srcset=\"https:\/\/www.piemonteis.org\/wp-content\/uploads\/2015\/11\/12202003_1682357002009169_1609157305_n.jpg 720w, https:\/\/www.piemonteis.org\/wp-content\/uploads\/2015\/11\/12202003_1682357002009169_1609157305_n-225x300.jpg 225w, https:\/\/www.piemonteis.org\/wp-content\/uploads\/2015\/11\/12202003_1682357002009169_1609157305_n-600x800.jpg 600w\" sizes=\"(max-width: 720px) 100vw, 720px\" \/><\/a><figcaption id=\"caption-attachment-1711\" class=\"wp-caption-text\">Carlo Marenda, col giubbotto bleu, tiene al guinzaglio i due cani ereditati da Giuseppe Giamesio. Insieme a lui il figlio di Giamesio, dichiaratamente non appassionato alla ricerca dei tartufi<\/figcaption><\/figure>\n<p>Per approfondire: <a href=\"http:\/\/www.cuneocronaca.it\/notizia.php?nID=4056\">L&#8217;erede di Giuseppe Giamesio, il trifolau ecologista di Alba<\/a><\/p>\n<p><strong>Nota della redazione<\/strong>: il tartufo (in lingua piemontese <em>trifola<\/em>) \u00e8 un fungo ipogeo non coltivabile, con un profumo composto da 120 molecole volatili. La stagione della raccolta, come da calendario regionale piemontese attualmente in vigore, va dal 21 settembre al 31 gennaio. Il tartufo va consumato fresco (al massimo entro una settimana dalla raccolta), non si cuoce, ma si lamella crudo con un attrezzo dotato di lama affilatissima appositamente studiato, il tagliatartufi. Il tartufo in Piemonte si cerca solo con il cane, che instaura con il padrone-trifolau un rapporto specialissimo e intenso.<\/p>\n<p><em>* <strong>Milo Julini<\/strong> \u00e8\u00a0appassionato cultore di storia torinese e piemontese, con particolare riguardo alle vicende giudiziarie avvenute nel Piemonte ottocentesco, argomento su cui ha condotto numerose e approfondite ricerche, confluite in articoli e libri\u00a0<\/em><\/p>\n","protected":false},"excerpt":{"rendered":"<p>In occasione della Fiera Internazionale del Tartufo Bianco, in programma ad Alba\u00a0sino al 15 novembre, il nostro collaboratore Milo Julini*\u00a0si sofferma, attraverso la&#8230;<\/p>\n","protected":false},"author":1,"featured_media":1710,"comment_status":"open","ping_status":"open","sticky":false,"template":"","format":"standard","meta":{"footnotes":""},"categories":[23,7,2,22,4],"tags":[],"_links":{"self":[{"href":"https:\/\/www.piemonteis.org\/index.php?rest_route=\/wp\/v2\/posts\/1708"}],"collection":[{"href":"https:\/\/www.piemonteis.org\/index.php?rest_route=\/wp\/v2\/posts"}],"about":[{"href":"https:\/\/www.piemonteis.org\/index.php?rest_route=\/wp\/v2\/types\/post"}],"author":[{"embeddable":true,"href":"https:\/\/www.piemonteis.org\/index.php?rest_route=\/wp\/v2\/users\/1"}],"replies":[{"embeddable":true,"href":"https:\/\/www.piemonteis.org\/index.php?rest_route=%2Fwp%2Fv2%2Fcomments&post=1708"}],"version-history":[{"count":5,"href":"https:\/\/www.piemonteis.org\/index.php?rest_route=\/wp\/v2\/posts\/1708\/revisions"}],"predecessor-version":[{"id":1717,"href":"https:\/\/www.piemonteis.org\/index.php?rest_route=\/wp\/v2\/posts\/1708\/revisions\/1717"}],"wp:featuredmedia":[{"embeddable":true,"href":"https:\/\/www.piemonteis.org\/index.php?rest_route=\/wp\/v2\/media\/1710"}],"wp:attachment":[{"href":"https:\/\/www.piemonteis.org\/index.php?rest_route=%2Fwp%2Fv2%2Fmedia&parent=1708"}],"wp:term":[{"taxonomy":"category","embeddable":true,"href":"https:\/\/www.piemonteis.org\/index.php?rest_route=%2Fwp%2Fv2%2Fcategories&post=1708"},{"taxonomy":"post_tag","embeddable":true,"href":"https:\/\/www.piemonteis.org\/index.php?rest_route=%2Fwp%2Fv2%2Ftags&post=1708"}],"curies":[{"name":"wp","href":"https:\/\/api.w.org\/{rel}","templated":true}]}}