{"id":1735,"date":"2015-11-11T22:22:06","date_gmt":"2015-11-11T22:22:06","guid":{"rendered":"http:\/\/www.piemonteis.org\/?p=1735"},"modified":"2018-09-30T07:47:34","modified_gmt":"2018-09-30T07:47:34","slug":"viaggio-ad-asti-tra-medioevo-e-settecento-ii-parte","status":"publish","type":"post","link":"https:\/\/www.piemonteis.org\/?p=1735","title":{"rendered":"Viaggio ad Asti, tra Medioevo e Settecento &#8211; II parte"},"content":{"rendered":"<p>Segue dalla prima parte: <a href=\"http:\/\/www.piemonteis.org\/?p=1684\">Asti, il volto di una citt\u00e0 di banchieri e di mercanti<\/a><\/p>\n<p><a href=\"http:\/\/www.piemonteis.org\/wp-content\/uploads\/2015\/11\/12107815_901354233306046_1428185173733395052_n1.jpg\"><img decoding=\"async\" loading=\"lazy\" class=\"alignnone size-full wp-image-1755\" src=\"http:\/\/www.piemonteis.org\/wp-content\/uploads\/2015\/11\/12107815_901354233306046_1428185173733395052_n1.jpg\" alt=\"12107815_901354233306046_1428185173733395052_n\" width=\"960\" height=\"720\" srcset=\"https:\/\/www.piemonteis.org\/wp-content\/uploads\/2015\/11\/12107815_901354233306046_1428185173733395052_n1.jpg 960w, https:\/\/www.piemonteis.org\/wp-content\/uploads\/2015\/11\/12107815_901354233306046_1428185173733395052_n1-300x225.jpg 300w, https:\/\/www.piemonteis.org\/wp-content\/uploads\/2015\/11\/12107815_901354233306046_1428185173733395052_n1-600x450.jpg 600w\" sizes=\"(max-width: 960px) 100vw, 960px\" \/><\/a><\/p>\n<p>\u201c<em>E ancora la citt\u00e0 di Asti \u00e8 ornata da sapienti e nobili cittadini. E ancora la citt\u00e0 di Asti \u00e8 ornata di un popolo sapiente e buono e pieno di ricchezze, il quale custodisce di buona voglia i beni e l&#8217;onore del Comune astese. E ancora la citt\u00e0 di Asti \u00e8 ornata di bellissime signore splendidamente coperte di ornamenti d&#8217;oro e d&#8217;argento e di vesti preziose, e le loro corone d&#8217;oro e d&#8217;argento sono piene di perle e pietre preziose [&#8230;].<\/em><\/p>\n<p><em> E ancora la citt\u00e0 di Asti \u00e8 ornata di frumento e di vino particolarmente pregiato, e di tutti gli altri generi di approvvigionamento necessari alla citt\u00e0.&#8221;<\/em><\/p>\n<p>Cos\u00ec il notaio <strong>Ogerio Alfieri<\/strong>, alto funzionario del Comune di Asti, descrive la situazione di una citt\u00e0 che, sul finire del Duecento, ha ormai raggiunto il culmine della potenza economica e politica.<\/p>\n<figure id=\"attachment_1754\" aria-describedby=\"caption-attachment-1754\" style=\"width: 324px\" class=\"wp-caption alignleft\"><a href=\"http:\/\/www.piemonteis.org\/wp-content\/uploads\/2015\/11\/12246701_901377209970415_5063779541261136078_n.jpg\"><img decoding=\"async\" loading=\"lazy\" class=\"wp-image-1754 size-full\" src=\"http:\/\/www.piemonteis.org\/wp-content\/uploads\/2015\/11\/12246701_901377209970415_5063779541261136078_n.jpg\" alt=\"35 Pietro (Parigi 1625, Asti 1675) e G.A.Laveglia(Asti 1653, post 1710) Cristo e gli Apostoli sulle rive del Borbore, 1671 ca. - Olio su_tela - Asti Museo Civico di Palazzo Mazzetti\" width=\"324\" height=\"395\" srcset=\"https:\/\/www.piemonteis.org\/wp-content\/uploads\/2015\/11\/12246701_901377209970415_5063779541261136078_n.jpg 324w, https:\/\/www.piemonteis.org\/wp-content\/uploads\/2015\/11\/12246701_901377209970415_5063779541261136078_n-246x300.jpg 246w\" sizes=\"(max-width: 324px) 100vw, 324px\" \/><\/a><figcaption id=\"caption-attachment-1754\" class=\"wp-caption-text\">Pietro e Giovanni Antonio Laveglia &#8211;\u00a0Cristo e gli Apostoli sulle rive del Borbore, 1671 ca. &#8211; Olio su_tela &#8211; Asti, Museo Civico di Palazzo Mazzetti<\/figcaption><\/figure>\n<p>Cospicui sono i segni architettonici e le \u00a0testimonianze artistiche delle vicende medioevali \u00a0che videro <strong>Asti<\/strong>, gi\u00e0 sede di ducato al tempo dei \u00a0Longobardi e di <em>comitatus<\/em> (contea) in et\u00e0 \u00a0carolingia, distinguersi rispetto ad altre realt\u00e0 \u00a0piemontesi per vivacit\u00e0 economica e precocit\u00e0 \u00a0politica, dato che fu la prima comunit\u00e0 urbana \u00a0subalpina ad organizzarsi in forma di <strong>Comune<\/strong>\u00a0 \u00a0(risale infatti al 1095 l\u2019atto di donazione con cui il \u00a0potente vescovo di Asti cedette ai rappresentanti \u00a0della comunit\u00e0, i consoli, il castello di Annone).<\/p>\n<p>Gi\u00e0 nel 1037 i <strong><em>mercatores<\/em> astigiani<\/strong> avevano \u00a0ottenuto dall\u2019imperatore Corrado II il libero \u00a0transito su tutti i valichi e le strade del regno, \u00a0privilegio sempre difeso dal Comune di Asti in \u00a0quanto fondamento della prosperit\u00e0 economica \u00a0delle famiglie locali, che raggiunse l\u2019apice nel XIII \u00a0secolo.<\/p>\n<p>&nbsp;<\/p>\n<figure id=\"attachment_1739\" aria-describedby=\"caption-attachment-1739\" style=\"width: 642px\" class=\"wp-caption alignnone\"><a href=\"http:\/\/www.piemonteis.org\/wp-content\/uploads\/2015\/11\/12241577_901354796639323_4802552130194626437_n.jpg\"><img decoding=\"async\" loading=\"lazy\" class=\"size-full wp-image-1739\" src=\"http:\/\/www.piemonteis.org\/wp-content\/uploads\/2015\/11\/12241577_901354796639323_4802552130194626437_n.jpg\" alt=\"Asti - case medioevali\" width=\"642\" height=\"960\" srcset=\"https:\/\/www.piemonteis.org\/wp-content\/uploads\/2015\/11\/12241577_901354796639323_4802552130194626437_n.jpg 642w, https:\/\/www.piemonteis.org\/wp-content\/uploads\/2015\/11\/12241577_901354796639323_4802552130194626437_n-201x300.jpg 201w, https:\/\/www.piemonteis.org\/wp-content\/uploads\/2015\/11\/12241577_901354796639323_4802552130194626437_n-600x897.jpg 600w\" sizes=\"(max-width: 642px) 100vw, 642px\" \/><\/a><figcaption id=\"caption-attachment-1739\" class=\"wp-caption-text\">Asti &#8211; case medioevali<\/figcaption><\/figure>\n<p>I proventi derivati dai commerci, intrattenuti con i mercati delle Fiandre, della Renania e della Champagne, vennero poi reinvestiti nell\u2019attivit\u00e0 creditizia, svolta in tutta Europa attraverso la rete di <strong><em>casane <\/em><\/strong>che le famiglie astigiane (Scarampi, Troya, Pelletta, Solaro, Malabayla, Isnardi, Catena, Alfieri, Roero) gestivano con profitto in varie citt\u00e0 del continente, guadagnandosi fama di abili banchieri.<\/p>\n<figure id=\"attachment_1737\" aria-describedby=\"caption-attachment-1737\" style=\"width: 960px\" class=\"wp-caption aligncenter\"><a href=\"http:\/\/www.piemonteis.org\/wp-content\/uploads\/2015\/11\/12219359_901354243306045_4507036722701878923_n.jpg\"><img decoding=\"async\" loading=\"lazy\" class=\"size-full wp-image-1737\" src=\"http:\/\/www.piemonteis.org\/wp-content\/uploads\/2015\/11\/12219359_901354243306045_4507036722701878923_n.jpg\" alt=\"Asti - dettagli decorativi di un edificio medioevale successivamente rimaneggiato\" width=\"960\" height=\"642\" srcset=\"https:\/\/www.piemonteis.org\/wp-content\/uploads\/2015\/11\/12219359_901354243306045_4507036722701878923_n.jpg 960w, https:\/\/www.piemonteis.org\/wp-content\/uploads\/2015\/11\/12219359_901354243306045_4507036722701878923_n-300x201.jpg 300w, https:\/\/www.piemonteis.org\/wp-content\/uploads\/2015\/11\/12219359_901354243306045_4507036722701878923_n-600x401.jpg 600w\" sizes=\"(max-width: 960px) 100vw, 960px\" \/><\/a><figcaption id=\"caption-attachment-1737\" class=\"wp-caption-text\">Asti &#8211; dettagli decorativi medioevali affiorano dall&#8217;intonaco di un palazzo<\/figcaption><\/figure>\n<p>L\u2019autonomia di Asti come libero comune, capace di espandersi nel contado attraverso un\u2019accorta politica di conquiste militari, ma anche di alleanze e accordi con le comunit\u00e0 locali, tramont\u00f2 a partire dal secolo XIV, quando, sia per le lotte intestine tra famiglie rivali, sia per la competizione con agguerriti nemici esterni, tra cui gli Angioini e il marchese del Monferrato, la potenza astigiana cominci\u00f2 ad eclissarsi. Segu\u00ec un lungo periodo di autonomia limitata, soggetta all\u2019influenza di forze esterne, come i <strong>Visconti<\/strong> e gli <strong>Orl\u00e9ans<\/strong>, prima della definitiva integrazione negli <strong>Stati Sabaudi<\/strong>, sancita dalla donazione con cui Carlo V nel 1531 assegn\u00f2 la contea a Beatrice del Portogallo, sposa del duca Carlo II, padre di Emanuele Filiberto.<\/p>\n<figure id=\"attachment_1738\" aria-describedby=\"caption-attachment-1738\" style=\"width: 960px\" class=\"wp-caption aligncenter\"><a href=\"http:\/\/www.piemonteis.org\/wp-content\/uploads\/2015\/11\/12227662_901354716639331_7721539347125377106_n.jpg\"><img decoding=\"async\" loading=\"lazy\" class=\"size-full wp-image-1738\" src=\"http:\/\/www.piemonteis.org\/wp-content\/uploads\/2015\/11\/12227662_901354716639331_7721539347125377106_n.jpg\" alt=\"Asti - dettaglio del palazzo del Podest\u00e0\" width=\"960\" height=\"642\" srcset=\"https:\/\/www.piemonteis.org\/wp-content\/uploads\/2015\/11\/12227662_901354716639331_7721539347125377106_n.jpg 960w, https:\/\/www.piemonteis.org\/wp-content\/uploads\/2015\/11\/12227662_901354716639331_7721539347125377106_n-300x201.jpg 300w, https:\/\/www.piemonteis.org\/wp-content\/uploads\/2015\/11\/12227662_901354716639331_7721539347125377106_n-600x401.jpg 600w\" sizes=\"(max-width: 960px) 100vw, 960px\" \/><\/a><figcaption id=\"caption-attachment-1738\" class=\"wp-caption-text\">Asti &#8211; dettaglio del palazzo del Podest\u00e0<\/figcaption><\/figure>\n<p>Della fiorente esperienza comunale rimangono importanti testimonianze, come palazzi e <strong>case-forti<\/strong> d\u2019aspetto medioevale, concentrati nel cosiddetto <strong>Recinto dei Nobili<\/strong>, cuore di Asti antica, poi allargatosi nel XIV secolo con l\u2019inclusione di nuovi quartieri- i Borghi o <em>suburbia<\/em> &#8211; delimitati dal <strong>Recinto dei Borghigiani<\/strong>.<\/p>\n<figure id=\"attachment_1740\" aria-describedby=\"caption-attachment-1740\" style=\"width: 642px\" class=\"wp-caption aligncenter\"><a href=\"http:\/\/www.piemonteis.org\/wp-content\/uploads\/2015\/11\/12239738_901354669972669_427529017655466799_n.jpg\"><img decoding=\"async\" loading=\"lazy\" class=\"size-full wp-image-1740\" src=\"http:\/\/www.piemonteis.org\/wp-content\/uploads\/2015\/11\/12239738_901354669972669_427529017655466799_n.jpg\" alt=\"Asti - torre dei Solaro\" width=\"642\" height=\"960\" srcset=\"https:\/\/www.piemonteis.org\/wp-content\/uploads\/2015\/11\/12239738_901354669972669_427529017655466799_n.jpg 642w, https:\/\/www.piemonteis.org\/wp-content\/uploads\/2015\/11\/12239738_901354669972669_427529017655466799_n-201x300.jpg 201w, https:\/\/www.piemonteis.org\/wp-content\/uploads\/2015\/11\/12239738_901354669972669_427529017655466799_n-600x897.jpg 600w\" sizes=\"(max-width: 642px) 100vw, 642px\" \/><\/a><figcaption id=\"caption-attachment-1740\" class=\"wp-caption-text\">Asti &#8211; torre dei Solaro<\/figcaption><\/figure>\n<p>La <strong>casa-forte<\/strong>, cellula base del tessuto edilizio medioevale, era il segno tangibile della potenza raggiunta dalle famiglie di notabili astigiani: un\u2019entit\u00e0 sostanzialmente autonoma, provvista di cinta muraria, forno per il pane, pozzo per l\u2019acqua, una piccola stalla, l\u2019orto, il deposito per immagazzinare le vettovaglie in caso d\u2019assedio.\u00a0Tra queste, ricordiamo <strong>casa Zoya<\/strong> in via Carducci, <strong>palazzo Catena<\/strong> in via XX Settembre, <strong>palazzo Strata<\/strong> in via Giobert, <strong>casa Pelletta<\/strong> detta di Pilato in via dei Varroni, il <strong>palazzo del Podest\u00e0<\/strong> in via dei Cappellai angolo via Incisa. \u00a0Alcuni di questi edifici presentano ancora in facciata un <strong>disegno a gigantesche losanghe<\/strong> o rombi, caratteristico dell\u2019architettura astigiana, ottenuto inserendo nella tessitura muraria in mattoni rossi delle formelle in cotto invetriato di colore azzurro cupo, incastrate in maniera tale da creare il suddetto motivo ornamentale.<\/p>\n<figure id=\"attachment_1741\" aria-describedby=\"caption-attachment-1741\" style=\"width: 642px\" class=\"wp-caption aligncenter\"><a href=\"http:\/\/www.piemonteis.org\/wp-content\/uploads\/2015\/11\/12246759_901354499972686_4540239719588464086_n.jpg\"><img decoding=\"async\" loading=\"lazy\" class=\"size-full wp-image-1741\" src=\"http:\/\/www.piemonteis.org\/wp-content\/uploads\/2015\/11\/12246759_901354499972686_4540239719588464086_n.jpg\" alt=\"Asti - torre Troyana o dell'Orologio\" width=\"642\" height=\"960\" srcset=\"https:\/\/www.piemonteis.org\/wp-content\/uploads\/2015\/11\/12246759_901354499972686_4540239719588464086_n.jpg 642w, https:\/\/www.piemonteis.org\/wp-content\/uploads\/2015\/11\/12246759_901354499972686_4540239719588464086_n-201x300.jpg 201w, https:\/\/www.piemonteis.org\/wp-content\/uploads\/2015\/11\/12246759_901354499972686_4540239719588464086_n-600x897.jpg 600w\" sizes=\"(max-width: 642px) 100vw, 642px\" \/><\/a><figcaption id=\"caption-attachment-1741\" class=\"wp-caption-text\">Asti &#8211; torre Troyana o dell&#8217;Orologio<\/figcaption><\/figure>\n<p>Rappresentative della potenza astigiana medioevale sono poi le <strong>torri,<\/strong> edificate dalle famiglie eminenti come segno di prestigio e strumento di difesa, ad imitazione delle residenze castellate del contado. Delle 125 torri ancora esistenti nel 1682 ne sopravvivono solo 12, di cui appena due mantengono le proporzioni originali: la <strong>torre Troyana o dell\u2019Orologio<\/strong> e la <strong>torre Comentina o di San Bernardino<\/strong>, dall\u2019attiguo convento poi demolito.<\/p>\n<figure id=\"attachment_1742\" aria-describedby=\"caption-attachment-1742\" style=\"width: 642px\" class=\"wp-caption aligncenter\"><a href=\"http:\/\/www.piemonteis.org\/wp-content\/uploads\/2015\/11\/12243207_901354686639334_3390319843106294306_n.jpg\"><img decoding=\"async\" loading=\"lazy\" class=\"size-full wp-image-1742\" src=\"http:\/\/www.piemonteis.org\/wp-content\/uploads\/2015\/11\/12243207_901354686639334_3390319843106294306_n.jpg\" alt=\"Asti - torre Comentina o di San Bernardino\" width=\"642\" height=\"960\" srcset=\"https:\/\/www.piemonteis.org\/wp-content\/uploads\/2015\/11\/12243207_901354686639334_3390319843106294306_n.jpg 642w, https:\/\/www.piemonteis.org\/wp-content\/uploads\/2015\/11\/12243207_901354686639334_3390319843106294306_n-201x300.jpg 201w, https:\/\/www.piemonteis.org\/wp-content\/uploads\/2015\/11\/12243207_901354686639334_3390319843106294306_n-600x897.jpg 600w\" sizes=\"(max-width: 642px) 100vw, 642px\" \/><\/a><figcaption id=\"caption-attachment-1742\" class=\"wp-caption-text\">Asti &#8211; torre Comentina o di San Bernardino<\/figcaption><\/figure>\n<p>A nord-ovest del Recinto dei Nobili spicca l\u2019imponente fabbrica gotica della <strong>Cattedrale di Santa Maria Assunta<\/strong>, paragonata per la sua maestosit\u00e0 ad una <em>Grande nave in transito da oriente ad occaso <\/em>(G. Monaca).<\/p>\n<figure style=\"width: 2592px\" class=\"wp-caption alignnone\"><img decoding=\"async\" loading=\"lazy\" class=\"size-medium\" src=\"https:\/\/i.pinimg.com\/originals\/2f\/53\/d1\/2f53d1da03930b036d8baf143f1499c7.jpg\" width=\"2592\" height=\"1944\" \/><figcaption class=\"wp-caption-text\">Asti &#8211; Cattedrale di Santa Maria Assunta<\/figcaption><\/figure>\n<p>Al pari di molte citt\u00e0 dell\u2019odierno Nord Italia, anche Asti ebbe in origine due chiese cattedrali, l\u2019una dedicata a Santa <strong>Maria<\/strong>, risalente al VI secolo, poi rinnovata in forme romaniche (a questa fase costruttiva appartiene il <strong>mosaico pavimentale policromo<\/strong>, riportato alla luce negli anni Ottanta in area presbiteriale<strong>,<\/strong> databile al XII\/XIII secolo e ornato di dodici riquadri con figure), e l\u2019altra, intitolata a <strong>San Giovanni, <\/strong>d\u2019origine pi\u00f9 antica (V\/VI secolo), che perse gradualmente importanza a partire dal IX secolo, in correlazione con il nuovo clima spirituale teso a potenziare il culto mariano in Occidente.<\/p>\n<figure id=\"attachment_1744\" aria-describedby=\"caption-attachment-1744\" style=\"width: 960px\" class=\"wp-caption aligncenter\"><a href=\"http:\/\/www.piemonteis.org\/wp-content\/uploads\/2015\/11\/12196085_901354479972688_5247249126664219916_n.jpg\"><img decoding=\"async\" loading=\"lazy\" class=\"size-full wp-image-1744\" src=\"http:\/\/www.piemonteis.org\/wp-content\/uploads\/2015\/11\/12196085_901354479972688_5247249126664219916_n.jpg\" alt=\"Asti - il campanile del Duomo, ribassato rispetto all'altezza originaria, spicca tra le case medioevali del borgo\" width=\"960\" height=\"642\" srcset=\"https:\/\/www.piemonteis.org\/wp-content\/uploads\/2015\/11\/12196085_901354479972688_5247249126664219916_n.jpg 960w, https:\/\/www.piemonteis.org\/wp-content\/uploads\/2015\/11\/12196085_901354479972688_5247249126664219916_n-300x201.jpg 300w, https:\/\/www.piemonteis.org\/wp-content\/uploads\/2015\/11\/12196085_901354479972688_5247249126664219916_n-600x401.jpg 600w\" sizes=\"(max-width: 960px) 100vw, 960px\" \/><\/a><figcaption id=\"caption-attachment-1744\" class=\"wp-caption-text\">Asti &#8211; il campanile del Duomo, ribassato rispetto all&#8217;altezza originaria, spicca tra le case medioevali del borgo<\/figcaption><\/figure>\n<p>Della <strong>chiesa di San Giovanni<\/strong>, costruita nei pressi del luogo di sepoltura di Aniano, primo vescovo astigiano (fine IV secolo) e innestata sulle fondamenta d\u2019un preesistente edificio romano, forse la <em>domus ecclesiae<\/em>, sopravvivono alcune bellissime colonne con capitelli paleocristiani e altomedioevali visibili nella <strong>cripta <\/strong>dell\u2019edificio, che venne ridimensionato nei secoli successivi e radicalmente rimaneggiato.<\/p>\n<figure id=\"attachment_1745\" aria-describedby=\"caption-attachment-1745\" style=\"width: 960px\" class=\"wp-caption aligncenter\"><a href=\"http:\/\/www.piemonteis.org\/wp-content\/uploads\/2015\/11\/12239681_901355036639299_9096559871461254966_n.jpg\"><img decoding=\"async\" loading=\"lazy\" class=\"size-full wp-image-1745\" src=\"http:\/\/www.piemonteis.org\/wp-content\/uploads\/2015\/11\/12239681_901355036639299_9096559871461254966_n.jpg\" alt=\"Asti - il lato sud della Cattedrale, con il protiro dei Pelletta \" width=\"960\" height=\"642\" srcset=\"https:\/\/www.piemonteis.org\/wp-content\/uploads\/2015\/11\/12239681_901355036639299_9096559871461254966_n.jpg 960w, https:\/\/www.piemonteis.org\/wp-content\/uploads\/2015\/11\/12239681_901355036639299_9096559871461254966_n-300x201.jpg 300w, https:\/\/www.piemonteis.org\/wp-content\/uploads\/2015\/11\/12239681_901355036639299_9096559871461254966_n-600x401.jpg 600w\" sizes=\"(max-width: 960px) 100vw, 960px\" \/><\/a><figcaption id=\"caption-attachment-1745\" class=\"wp-caption-text\">Asti &#8211; il lato sud della Cattedrale, con il protiro dei Pelletta<\/figcaption><\/figure>\n<p>L\u2019attuale <strong>Cattedrale di Santa Maria<\/strong>, considerata la pi\u00f9 vasta chiesa del Piemonte, venne costruita in forme gotiche a partire dal 1323, quando \u00a0il Capitolo, in seguito al cedimento della navata settentrionale della pi\u00f9 antica cattedrale romanica, deliber\u00f2 l\u2019edificazione della nuova fabbrica.<\/p>\n<figure id=\"attachment_1746\" aria-describedby=\"caption-attachment-1746\" style=\"width: 642px\" class=\"wp-caption aligncenter\"><a href=\"http:\/\/www.piemonteis.org\/wp-content\/uploads\/2015\/11\/12246730_901354619972674_8950753969562920894_n.jpg\"><img decoding=\"async\" loading=\"lazy\" class=\"size-full wp-image-1746\" src=\"http:\/\/www.piemonteis.org\/wp-content\/uploads\/2015\/11\/12246730_901354619972674_8950753969562920894_n.jpg\" alt=\"Cattedrale di Asti - il protiro del Pelletta \" width=\"642\" height=\"960\" srcset=\"https:\/\/www.piemonteis.org\/wp-content\/uploads\/2015\/11\/12246730_901354619972674_8950753969562920894_n.jpg 642w, https:\/\/www.piemonteis.org\/wp-content\/uploads\/2015\/11\/12246730_901354619972674_8950753969562920894_n-201x300.jpg 201w, https:\/\/www.piemonteis.org\/wp-content\/uploads\/2015\/11\/12246730_901354619972674_8950753969562920894_n-600x897.jpg 600w\" sizes=\"(max-width: 642px) 100vw, 642px\" \/><\/a><figcaption id=\"caption-attachment-1746\" class=\"wp-caption-text\">Cattedrale di Asti &#8211; il protiro del Pelletta<\/figcaption><\/figure>\n<p>Il cantiere, realizzato in gran parte sotto la direzione del vescovo francese <strong>Arnaldo de Rosette<\/strong> (il cui stemma episcopale compare nei capitelli dei pilastri della navata centrale), venne ultimato durante l\u2019episcopato di Baldracco Malabaila nel 1354. Il verticalismo delle forme, di chiara impronta francese, \u00e8 accentuato all\u2019esterno dai <strong>finestroni ogivali<\/strong>, lunghi e stretti, che scandiscono i lati dell\u2019edificio. L\u2019uniformit\u00e0 della tessitura muraria, in mattoni a vista, come in altri edifici coevi di area piemontese, \u00e8 vivacizzata dall\u2019inquadratura delle finestre, dove il rosso del laterizio \u00e8 alternato al colore caldo dell\u2019arenaria, e da interessanti spunti decorativi, come la serie di archetti pensili sormontati da una cornice con <strong>motivi a losanga<\/strong>, caratteristici del Medioevo astigiano, che corre sotto la linea di gronda.<\/p>\n<figure id=\"attachment_1747\" aria-describedby=\"caption-attachment-1747\" style=\"width: 960px\" class=\"wp-caption aligncenter\"><a href=\"http:\/\/www.piemonteis.org\/wp-content\/uploads\/2015\/11\/12246705_901355056639297_1152182924412480458_n.jpg\"><img decoding=\"async\" loading=\"lazy\" class=\"size-full wp-image-1747\" src=\"http:\/\/www.piemonteis.org\/wp-content\/uploads\/2015\/11\/12246705_901355056639297_1152182924412480458_n.jpg\" alt=\"Cattedrale di Asti - dettaglio del protiro dei Pelletta \" width=\"960\" height=\"642\" srcset=\"https:\/\/www.piemonteis.org\/wp-content\/uploads\/2015\/11\/12246705_901355056639297_1152182924412480458_n.jpg 960w, https:\/\/www.piemonteis.org\/wp-content\/uploads\/2015\/11\/12246705_901355056639297_1152182924412480458_n-300x201.jpg 300w, https:\/\/www.piemonteis.org\/wp-content\/uploads\/2015\/11\/12246705_901355056639297_1152182924412480458_n-600x401.jpg 600w\" sizes=\"(max-width: 960px) 100vw, 960px\" \/><\/a><figcaption id=\"caption-attachment-1747\" class=\"wp-caption-text\">Cattedrale di Asti &#8211; dettaglio del protiro dei Pelletta<\/figcaption><\/figure>\n<p>Sul lato sud, per consentire l\u2019accesso dalla piazza su cui al tempo si teneva il mercato, si apr\u00ec nel tardo Trecento un altro portale, che venne successivamente incorniciato dall\u2019elegante <strong>protiro detto dei Pelletta<\/strong>, struttura aggettante impreziosita da una serie di sculture e figure ornamentali realizzate tra fine XIV secolo e XV secolo. Tra queste risaltano la Madonna tra cherubini, d\u2019ispirazione francese, e, al culmine, una curiosa testolina che fa capolino da un obl\u00f2, realizzata con effetto veristico tipicamente gotico, nota come \u201c<strong>Madama Troyana<\/strong>\u201d.<\/p>\n<figure id=\"attachment_1750\" aria-describedby=\"caption-attachment-1750\" style=\"width: 894px\" class=\"wp-caption aligncenter\"><a href=\"http:\/\/www.piemonteis.org\/wp-content\/uploads\/2015\/11\/Gandolfino-da-Roreto-Sposalizio-della-Beata-Vergine-Diocesi-di-Asti.jpg\"><img decoding=\"async\" loading=\"lazy\" class=\"wp-image-1750 size-full\" src=\"http:\/\/www.piemonteis.org\/wp-content\/uploads\/2015\/11\/Gandolfino-da-Roreto-Sposalizio-della-Beata-Vergine-Diocesi-di-Asti.jpg\" alt=\"Gandolfino da Roreto - Sposalizio della Beata Vergine - Diocesi di Asti\" width=\"894\" height=\"1536\" srcset=\"https:\/\/www.piemonteis.org\/wp-content\/uploads\/2015\/11\/Gandolfino-da-Roreto-Sposalizio-della-Beata-Vergine-Diocesi-di-Asti.jpg 894w, https:\/\/www.piemonteis.org\/wp-content\/uploads\/2015\/11\/Gandolfino-da-Roreto-Sposalizio-della-Beata-Vergine-Diocesi-di-Asti-175x300.jpg 175w, https:\/\/www.piemonteis.org\/wp-content\/uploads\/2015\/11\/Gandolfino-da-Roreto-Sposalizio-della-Beata-Vergine-Diocesi-di-Asti-596x1024.jpg 596w, https:\/\/www.piemonteis.org\/wp-content\/uploads\/2015\/11\/Gandolfino-da-Roreto-Sposalizio-della-Beata-Vergine-Diocesi-di-Asti-600x1031.jpg 600w\" sizes=\"(max-width: 894px) 100vw, 894px\" \/><\/a><figcaption id=\"caption-attachment-1750\" class=\"wp-caption-text\">Gandolfino da Roreto &#8211; Sposalizio della Beata Vergine &#8211; Diocesi di Asti<\/figcaption><\/figure>\n<p>L\u2019interno, arricchito da importanti opere d\u2019arte, come le pale d\u2019altare di <strong>Gandolfino d\u2019Asti<\/strong> o <strong>da Roreto<\/strong>, realizzate per le cappelle laterali della Cattedrale tra il 1501 e il 1516, mostra una suddivisione in tre navate, sorrette da possenti pilastri, e un vastissimo apparato pittorico che riveste integralmente le superfici interne: la grandiosa opera, la cui esecuzione comport\u00f2 l\u2019alterazione parziale delle strutture medioevali \u2013 ad esempio il ripianamento delle superfici interne con l\u2019eliminazione delle nervature in cotto (con grave pregiudizio per la stabilit\u00e0 dell\u2019edificio) &#8211; venne commissionata a fine Seicento dal vescovo d\u2019origine milanese <strong>Milliavacca<\/strong> nel quadro di un pi\u00f9 ampio progetto di rinnovamento della fabbrica del Duomo in sintonia con le prescrizioni controriformistiche.<\/p>\n<figure id=\"attachment_1748\" aria-describedby=\"caption-attachment-1748\" style=\"width: 887px\" class=\"wp-caption aligncenter\"><a href=\"http:\/\/www.piemonteis.org\/wp-content\/uploads\/2015\/11\/Gandolfino-da-Roreto-Madonna-con-santi-e-il-banchiere-Diocesi-di-Asti.jpg\"><img decoding=\"async\" loading=\"lazy\" class=\"wp-image-1748 size-full\" src=\"http:\/\/www.piemonteis.org\/wp-content\/uploads\/2015\/11\/Gandolfino-da-Roreto-Madonna-con-santi-e-il-banchiere-Diocesi-di-Asti.jpg\" alt=\"Gandolfino da Roreto - Madonna con santi e il banchiere - Diocesi di Asti\" width=\"887\" height=\"1536\" srcset=\"https:\/\/www.piemonteis.org\/wp-content\/uploads\/2015\/11\/Gandolfino-da-Roreto-Madonna-con-santi-e-il-banchiere-Diocesi-di-Asti.jpg 887w, https:\/\/www.piemonteis.org\/wp-content\/uploads\/2015\/11\/Gandolfino-da-Roreto-Madonna-con-santi-e-il-banchiere-Diocesi-di-Asti-173x300.jpg 173w, https:\/\/www.piemonteis.org\/wp-content\/uploads\/2015\/11\/Gandolfino-da-Roreto-Madonna-con-santi-e-il-banchiere-Diocesi-di-Asti-591x1024.jpg 591w, https:\/\/www.piemonteis.org\/wp-content\/uploads\/2015\/11\/Gandolfino-da-Roreto-Madonna-con-santi-e-il-banchiere-Diocesi-di-Asti-600x1039.jpg 600w\" sizes=\"(max-width: 887px) 100vw, 887px\" \/><\/a><figcaption id=\"caption-attachment-1748\" class=\"wp-caption-text\">Gandolfino da Roreto &#8211; Madonna con santi e il banchiere &#8211; Diocesi di Asti<\/figcaption><\/figure>\n<p>Il Settecento rappresent\u00f2 per Asti una stagione di grande rinnovamento edilizio, di cui fu principale artefice <strong>Benedetto Alfieri<\/strong>, zio del pi\u00f9 famoso Vittorio, poeta e drammaturgo. Gli interventi alfieriani, e pi\u00f9 in generale settecenteschi, diretti ad un aggiornamento stilistico degli edifici e ad un ammodernamento degli interni, ispirato al gusto rococ\u00f2, non furono per\u00f2 invasivi, ma s\u2019innestarono armonicamente nel tessuto edilizio d\u2019impianto medioevale, che conserv\u00f2 inalterata la sua impronta sino ai giorni nostri. Da un lato questo vincolo dell\u2019esistente, che non poteva essere demolito, limit\u00f2 la creativit\u00e0 degli architetti, ma dall\u2019altro lato preserv\u00f2 la struttura antica della citt\u00e0, che restituisce ancora oggi a chi la legge il fascino dei suoi trascorsi medioevali.<\/p>\n<figure id=\"attachment_1751\" aria-describedby=\"caption-attachment-1751\" style=\"width: 960px\" class=\"wp-caption aligncenter\"><a href=\"http:\/\/www.piemonteis.org\/wp-content\/uploads\/2015\/11\/12246764_901354006639402_931504788386838737_n.jpg\"><img decoding=\"async\" loading=\"lazy\" class=\"wp-image-1751 size-full\" src=\"http:\/\/www.piemonteis.org\/wp-content\/uploads\/2015\/11\/12246764_901354006639402_931504788386838737_n.jpg\" alt=\"12246764_901354006639402_931504788386838737_n\" width=\"960\" height=\"919\" srcset=\"https:\/\/www.piemonteis.org\/wp-content\/uploads\/2015\/11\/12246764_901354006639402_931504788386838737_n.jpg 960w, https:\/\/www.piemonteis.org\/wp-content\/uploads\/2015\/11\/12246764_901354006639402_931504788386838737_n-300x287.jpg 300w, https:\/\/www.piemonteis.org\/wp-content\/uploads\/2015\/11\/12246764_901354006639402_931504788386838737_n-600x574.jpg 600w\" sizes=\"(max-width: 960px) 100vw, 960px\" \/><\/a><figcaption id=\"caption-attachment-1751\" class=\"wp-caption-text\">G.M. Bonzanigo &#8211; Tabacchiera con cesto di fiori, inizio sec XIX &#8211; Intaglio in legni vari su ebano, scatola in tartaruga e radica &#8211; Asti, Museo Civico di Palazzo Mazzetti<\/figcaption><\/figure>\n<p>Tra i palazzi risalenti a questo periodo spiccano <strong>palazzo Alfieri<\/strong>, che fu dimora di Vittorio Alfieri, oggi sede della <a href=\"http:\/\/www.fondazionealfieri.it\/\"><strong>Fondazione\u00a0Centro Studi Alfieriani<\/strong><\/a> e del piccolo museo che raccoglie cimeli e ricordi del letterato; <strong>palazzo Ottolenghi<\/strong>, con affaccio su corso Alfieri, rifacimento settecentesco di due preesistenti edifici medioevali; <strong>palazzo Mazzetti di Frinco<\/strong>, la cui ala orientale venne progettata da Benedetto Alfieri (1751\/52), con interni decorati da stuccatori luganesi secondo il gusto<em> rocaille<\/em>, e che ora \u00e8 sede del <a href=\"http:\/\/www.palazzomazzetti.it\/?page_id=570\">Museo Civico<\/a> e della Pinacoteca, con importanti opere di artisti piemontesi, come l\u2019ebanista astigiano Bonzanigo e il pittore Delleani.<\/p>\n<figure id=\"attachment_1752\" aria-describedby=\"caption-attachment-1752\" style=\"width: 800px\" class=\"wp-caption alignnone\"><a href=\"http:\/\/www.piemonteis.org\/wp-content\/uploads\/2015\/11\/36-Giuseppe-Amico-conte-di-CastellAlfero-ignoto-pittore-piemontese-del-700-Asti-Museo-Civico-Palazzo-Mazzetti.jpg\"><img decoding=\"async\" loading=\"lazy\" class=\"wp-image-1752 size-full\" src=\"http:\/\/www.piemonteis.org\/wp-content\/uploads\/2015\/11\/36-Giuseppe-Amico-conte-di-CastellAlfero-ignoto-pittore-piemontese-del-700-Asti-Museo-Civico-Palazzo-Mazzetti.jpg\" alt=\"36 Giuseppe Amico conte di Castell'Alfero - ignoto pittore piemontese del '700 - Asti Museo Civico Palazzo Mazzetti\" width=\"800\" height=\"1360\" srcset=\"https:\/\/www.piemonteis.org\/wp-content\/uploads\/2015\/11\/36-Giuseppe-Amico-conte-di-CastellAlfero-ignoto-pittore-piemontese-del-700-Asti-Museo-Civico-Palazzo-Mazzetti.jpg 800w, https:\/\/www.piemonteis.org\/wp-content\/uploads\/2015\/11\/36-Giuseppe-Amico-conte-di-CastellAlfero-ignoto-pittore-piemontese-del-700-Asti-Museo-Civico-Palazzo-Mazzetti-176x300.jpg 176w, https:\/\/www.piemonteis.org\/wp-content\/uploads\/2015\/11\/36-Giuseppe-Amico-conte-di-CastellAlfero-ignoto-pittore-piemontese-del-700-Asti-Museo-Civico-Palazzo-Mazzetti-602x1024.jpg 602w, https:\/\/www.piemonteis.org\/wp-content\/uploads\/2015\/11\/36-Giuseppe-Amico-conte-di-CastellAlfero-ignoto-pittore-piemontese-del-700-Asti-Museo-Civico-Palazzo-Mazzetti-600x1020.jpg 600w\" sizes=\"(max-width: 800px) 100vw, 800px\" \/><\/a><figcaption id=\"caption-attachment-1752\" class=\"wp-caption-text\">Giuseppe Amico conte di Castell&#8217;Alfero &#8211; ignoto pittore piemontese del &#8216;700 &#8211; Asti Museo Civico Palazzo Mazzetti<\/figcaption><\/figure>\n<p>Legati alla figura e alla memoria di <strong>Vittorio Alfieri <\/strong>sono parecchi luoghi cittadini, riuniti in un percorso guidato, tra cui l\u2019elegante <strong>piazza Alfieri<\/strong>, di forma trapezoidale e porticata su tre lati, spazio urbano realizzato nell\u2019Ottocento come cerniera tra i quartieri medioevali e la nuova espansione edilizia, il <strong>monumento a Vittorio Alfieri,<\/strong> opera di Giuseppe Dini (1862), posizionato al centro dell\u2019omonima piazza, il <strong>Teatro Alfieri<\/strong>, costruito tra il 1858 e il 1860.<\/p>\n<figure id=\"attachment_1753\" aria-describedby=\"caption-attachment-1753\" style=\"width: 2752px\" class=\"wp-caption aligncenter\"><a href=\"http:\/\/www.piemonteis.org\/wp-content\/uploads\/2015\/11\/F.X.-Fabre-Ritratto-di-Vittorio-Alfieri-olio-su-tela-1797-conservato-al-Museo-Naz.-del-Risorgimento-Italiano-Torino.jpg\"><img decoding=\"async\" loading=\"lazy\" class=\"wp-image-1753 size-full\" src=\"http:\/\/www.piemonteis.org\/wp-content\/uploads\/2015\/11\/F.X.-Fabre-Ritratto-di-Vittorio-Alfieri-olio-su-tela-1797-conservato-al-Museo-Naz.-del-Risorgimento-Italiano-Torino.jpg\" alt=\"F.X. Fabre -Ritratto di Vittorio Alfieri -olio su tela 1797 - conservato al Museo Naz. del Risorgimento Italiano - Torino\" width=\"2752\" height=\"3442\" srcset=\"https:\/\/www.piemonteis.org\/wp-content\/uploads\/2015\/11\/F.X.-Fabre-Ritratto-di-Vittorio-Alfieri-olio-su-tela-1797-conservato-al-Museo-Naz.-del-Risorgimento-Italiano-Torino.jpg 2752w, https:\/\/www.piemonteis.org\/wp-content\/uploads\/2015\/11\/F.X.-Fabre-Ritratto-di-Vittorio-Alfieri-olio-su-tela-1797-conservato-al-Museo-Naz.-del-Risorgimento-Italiano-Torino-240x300.jpg 240w, https:\/\/www.piemonteis.org\/wp-content\/uploads\/2015\/11\/F.X.-Fabre-Ritratto-di-Vittorio-Alfieri-olio-su-tela-1797-conservato-al-Museo-Naz.-del-Risorgimento-Italiano-Torino-819x1024.jpg 819w, https:\/\/www.piemonteis.org\/wp-content\/uploads\/2015\/11\/F.X.-Fabre-Ritratto-di-Vittorio-Alfieri-olio-su-tela-1797-conservato-al-Museo-Naz.-del-Risorgimento-Italiano-Torino-600x750.jpg 600w\" sizes=\"(max-width: 2752px) 100vw, 2752px\" \/><\/a><figcaption id=\"caption-attachment-1753\" class=\"wp-caption-text\">F.X. Fabre -Ritratto di Vittorio Alfieri -olio su tela 1797 &#8211; conservato al Museo Naz. del Risorgimento Italiano &#8211; Torino<\/figcaption><\/figure>\n<p>Su un poggio a nord-ovest della citt\u00e0, raggiungibile con un breve itinerario in auto, sorge la suggestiva e raccolta <strong>chiesa della<\/strong> <strong>Madonna di Viatosto<\/strong>, costruita in forme gotiche nel XIV secolo su un preesistente edificio romanico, Santa Maria di Riparupta, forse la pieve del villaggio poi scomparso di Viatosto. \u00a0All\u2019interno si segnalano pregevoli decorazioni pittoriche, riportate alla luce da recenti restauri, e i capitelli scolpiti in pietra arenaria, l\u2019uno diverso dall\u2019altro, alcuni forse tratti dalla precedente chiesa romanica.<\/p>\n<p>Testo di Paolo Barosso e foto a cura di Giovanni Dughera<\/p>\n<p><em>Fonti bibliografiche:<\/em><\/p>\n<p><em>Asti, un Duomo una citt\u00e0<\/em>, Gianfranco Monaca, Banca Cassa Risparmio di Asti, 1987<\/p>\n<p><em>Arte e cultura ad Asti attraverso i secoli<\/em>, a cura di Noemi Gabrielli, Istituto Bancario San Paolo di Torino, 1977<\/p>\n<p><em>La Cattedrale di Asti e il suo borgo antico<\/em>, Matteo Scapino, TSG edizioni, 1977<\/p>\n<p><em>Le Cattedrali del Piemonte e della Valle d\u2019Aosta<\/em>, C. Castiglioni, L. Cervellin, P. Roletto, G. Vaudetti, Nicolodi edizioni, 1998<\/p>\n<figure id=\"attachment_1757\" aria-describedby=\"caption-attachment-1757\" style=\"width: 827px\" class=\"wp-caption aligncenter\"><a href=\"http:\/\/www.piemonteis.org\/wp-content\/uploads\/2015\/11\/12194548_10207921790984781_8306942900987417051_o.jpg\"><img decoding=\"async\" loading=\"lazy\" class=\"size-full wp-image-1757\" src=\"http:\/\/www.piemonteis.org\/wp-content\/uploads\/2015\/11\/12194548_10207921790984781_8306942900987417051_o.jpg\" alt=\"Guglielmo Bezzo - Febbraio in Monferrato - 1922 - Asti Museo Civico Palazzo Mazzetti\" width=\"827\" height=\"960\" srcset=\"https:\/\/www.piemonteis.org\/wp-content\/uploads\/2015\/11\/12194548_10207921790984781_8306942900987417051_o.jpg 827w, https:\/\/www.piemonteis.org\/wp-content\/uploads\/2015\/11\/12194548_10207921790984781_8306942900987417051_o-258x300.jpg 258w, https:\/\/www.piemonteis.org\/wp-content\/uploads\/2015\/11\/12194548_10207921790984781_8306942900987417051_o-600x696.jpg 600w\" sizes=\"(max-width: 827px) 100vw, 827px\" \/><\/a><figcaption id=\"caption-attachment-1757\" class=\"wp-caption-text\">Guglielmo Bezzo &#8211; Febbraio in Monferrato &#8211; 1922 &#8211; Asti Museo Civico Palazzo Mazzetti<\/figcaption><\/figure>\n<p>&nbsp;<\/p>\n","protected":false},"excerpt":{"rendered":"<p>Segue dalla prima parte: Asti, il volto di una citt\u00e0 di banchieri e di mercanti \u201cE ancora la citt\u00e0 di Asti \u00e8 ornata&#8230;<\/p>\n","protected":false},"author":1,"featured_media":1743,"comment_status":"open","ping_status":"open","sticky":false,"template":"","format":"standard","meta":{"footnotes":""},"categories":[8,14,5,3],"tags":[],"_links":{"self":[{"href":"https:\/\/www.piemonteis.org\/index.php?rest_route=\/wp\/v2\/posts\/1735"}],"collection":[{"href":"https:\/\/www.piemonteis.org\/index.php?rest_route=\/wp\/v2\/posts"}],"about":[{"href":"https:\/\/www.piemonteis.org\/index.php?rest_route=\/wp\/v2\/types\/post"}],"author":[{"embeddable":true,"href":"https:\/\/www.piemonteis.org\/index.php?rest_route=\/wp\/v2\/users\/1"}],"replies":[{"embeddable":true,"href":"https:\/\/www.piemonteis.org\/index.php?rest_route=%2Fwp%2Fv2%2Fcomments&post=1735"}],"version-history":[{"count":8,"href":"https:\/\/www.piemonteis.org\/index.php?rest_route=\/wp\/v2\/posts\/1735\/revisions"}],"predecessor-version":[{"id":4271,"href":"https:\/\/www.piemonteis.org\/index.php?rest_route=\/wp\/v2\/posts\/1735\/revisions\/4271"}],"wp:featuredmedia":[{"embeddable":true,"href":"https:\/\/www.piemonteis.org\/index.php?rest_route=\/wp\/v2\/media\/1743"}],"wp:attachment":[{"href":"https:\/\/www.piemonteis.org\/index.php?rest_route=%2Fwp%2Fv2%2Fmedia&parent=1735"}],"wp:term":[{"taxonomy":"category","embeddable":true,"href":"https:\/\/www.piemonteis.org\/index.php?rest_route=%2Fwp%2Fv2%2Fcategories&post=1735"},{"taxonomy":"post_tag","embeddable":true,"href":"https:\/\/www.piemonteis.org\/index.php?rest_route=%2Fwp%2Fv2%2Ftags&post=1735"}],"curies":[{"name":"wp","href":"https:\/\/api.w.org\/{rel}","templated":true}]}}