{"id":223,"date":"2014-10-09T15:15:35","date_gmt":"2014-10-09T15:15:35","guid":{"rendered":"http:\/\/www.piemonteis.org\/?p=223"},"modified":"2014-10-09T15:15:35","modified_gmt":"2014-10-09T15:15:35","slug":"viaggio-a-mondovi-tra-paste-d-melia-e-rakiko","status":"publish","type":"post","link":"https:\/\/www.piemonteis.org\/?p=223","title":{"rendered":"Viaggio a Mondov\u00ec, tra Paste &#8216;d Melia e Rakik\u00f2"},"content":{"rendered":"<p>Un viaggio a <strong>Mondov\u00ec<\/strong> \u00e8 un tuffo nella storia, nell&#8217;arte, nel paesaggio, nell&#8217;architettura, ma \u00e8 anche una piacevole esperienza sensoriale. Infatti, la citt\u00e0 piemontese \u00e8 rinomata sin da tempi antichi per la qualit\u00e0 della produzione dolciaria, oggi rappresentata da Paste &#8216;d melia, Ris\u00f2le, Copete, Monregalesi al Rhum, che potrete assaggiare negli storici locali del Bar Pasticceria Grigolon, a Piandellavalle, uno dei borghi storici cittadini.<\/p>\n<p>Eccellenza monregalese sono le <strong>Paste &#8216;d Melia<\/strong>, reperibili un po&#8217; in tutto il Piemonte, ma qui caratterizzate da una ricetta particolare, che utilizza la farina di mais Ottofile, variet\u00e0 tradizionale piemontese, macinata integralmente (cio\u00e8 con il germe) a pietra. G<span style=\"color: #262626;\">ialle, croccanti, di forma rotonda, a mezzaluna o bislunga e da degustare secondo tradizione intingendole nel dolcetto, si preparano con burro, uova, zucchero, e un mix di farina bianca e farina di\u00a0<\/span><strong style=\"font-weight: bold; color: #262626;\">mais Ottofile<\/strong><span style=\"color: #262626;\">\u00a0macinato integralmente (cio\u00e8 con il germe) a pietra. Il test di qualit\u00e0 prescrive che la grana della farina di mais sia avvertibile masticando e che aromi aggiunti (vaniglia, limone) non prevalgano.<\/span><\/p>\n<p><span style=\"color: #262626;\">Vanto della liquoreria monregalese \u00e8 poi il <strong>Rakik\u00f2<\/strong>, dalla duplice valenza di aperitivo e digestivo, il cui nome \u00e8 un acronimo che richiama gli ingredienti principali, rabarbaro e china, e il nome di colui che lo brevett\u00f2 nel 1924, Francesco Comino.<\/span><\/p>\n<p>Un tour a Mondov\u00ec non pu\u00f2 prescindere da una sosta in <strong>piazza Maggiore<\/strong>,\u00a0sintesi architettonica della storia locale. Nata nel 1198 come\u00a0<strong style=\"font-weight: bold; font-style: inherit;\">citt\u00e0 nuova<\/strong>\u00a0in contrasto con il vescovo di Asti, la primitiva Mondov\u00ec si form\u00f2 sul Monte di Vico dall\u2019aggregarsi di villaggi preesistenti, da cui derivarono i tre terzeri di Vico, Carassone, Vasco. L\u2019antico\u00a0<strong style=\"font-weight: bold; font-style: inherit;\">Palazzo di Citt\u00e0<\/strong>\u00a0richiama l\u2019autonomia comunale, tra influenze astigiane, viscontee, angioine, Il\u00a0<strong style=\"font-weight: bold; font-style: inherit;\">Palazzo dei Bressani<\/strong>\u00a0evoca la preminenza della famiglia nel XIII secolo, mentre\u00a0<strong style=\"font-weight: bold; font-style: inherit;\">Il Palazzo del Governatore<\/strong>, residenza del funzionario sabaudo, testimonia l\u2019integrazione di Mondov\u00ec negli Stati di Savoia dal 1396. Innesti barocchi sono il\u00a0<strong style=\"font-weight: bold; font-style: inherit;\">Collegio dei Gesuiti<\/strong>\u00a0e la chiesa di\u00a0<strong style=\"font-weight: bold; font-style: inherit;\">San Francesco Saverio<\/strong>, o\u00a0<strong style=\"font-weight: bold; font-style: inherit;\"><em style=\"font-weight: inherit; font-style: italic;\">La Missione<\/em><\/strong>, con interno affrescato da Andrea Pozzo, maestro dell\u2019illusionismo pittorico.<\/p>\n<p style=\"color: #262626;\">Nei paraggi sorge la\u00a0<strong style=\"font-weight: bold; font-style: inherit;\">cattedrale di San Donato<\/strong>, con facciata settecentesca di Francesco Gallo, ma l\u2019orizzonte devozionale monregalese \u00e8 segnato dal\u00a0<strong style=\"font-weight: bold; font-style: inherit;\">Santuario-Basilica di Vicoforte\u00a0<\/strong>che, con la vastit\u00e0 della fabbrica e la cupola ellissoidale del Gallo, evoca l\u2019importanza di Mondov\u00ec come avamposto degli Stati di Savoia e testimonia l\u2019affezione della Casa ducale per la\u00a0<strong style=\"font-weight: bold; font-style: inherit;\">Madonna di Vico,<\/strong>al punto da destinare il Santuario a\u00a0<strong style=\"font-weight: bold; font-style: inherit;\">sepolcreto dinastico,<\/strong>\u00a0prima che s\u2019imponesse Superga nel Settecento.<\/p>\n<p style=\"color: #262626;\">Per saperne di pi\u00f9, clicca qui: <a href=\"http:\/\/kiteinnepal.com\/2014\/10\/09\/mondovi-tra-paste-d-melia-e-rakiko\/\">Mondov\u00ec, tra Paste &#8216;d Melia e Rakik\u00f2\u00a0<\/a><\/p>\n<p style=\"color: #262626;\"><a href=\"http:\/\/www.piemonteis.org\/wp-content\/uploads\/2014\/10\/10247356_10204871339205393_3828413634373277893_n.jpg\"><img decoding=\"async\" loading=\"lazy\" class=\"alignnone size-full wp-image-224\" src=\"http:\/\/www.piemonteis.org\/wp-content\/uploads\/2014\/10\/10247356_10204871339205393_3828413634373277893_n.jpg\" alt=\"10247356_10204871339205393_3828413634373277893_n\" width=\"960\" height=\"720\" \/><\/a><\/p>\n","protected":false},"excerpt":{"rendered":"<p>Un viaggio a Mondov\u00ec \u00e8 un tuffo nella storia, nell&#8217;arte, nel paesaggio, nell&#8217;architettura, ma \u00e8 anche una piacevole esperienza sensoriale. Infatti, la citt\u00e0&#8230;<\/p>\n","protected":false},"author":1,"featured_media":224,"comment_status":"closed","ping_status":"open","sticky":false,"template":"","format":"standard","meta":{"footnotes":""},"categories":[8,2,5,3],"tags":[],"_links":{"self":[{"href":"https:\/\/www.piemonteis.org\/index.php?rest_route=\/wp\/v2\/posts\/223"}],"collection":[{"href":"https:\/\/www.piemonteis.org\/index.php?rest_route=\/wp\/v2\/posts"}],"about":[{"href":"https:\/\/www.piemonteis.org\/index.php?rest_route=\/wp\/v2\/types\/post"}],"author":[{"embeddable":true,"href":"https:\/\/www.piemonteis.org\/index.php?rest_route=\/wp\/v2\/users\/1"}],"replies":[{"embeddable":true,"href":"https:\/\/www.piemonteis.org\/index.php?rest_route=%2Fwp%2Fv2%2Fcomments&post=223"}],"version-history":[{"count":1,"href":"https:\/\/www.piemonteis.org\/index.php?rest_route=\/wp\/v2\/posts\/223\/revisions"}],"predecessor-version":[{"id":225,"href":"https:\/\/www.piemonteis.org\/index.php?rest_route=\/wp\/v2\/posts\/223\/revisions\/225"}],"wp:featuredmedia":[{"embeddable":true,"href":"https:\/\/www.piemonteis.org\/index.php?rest_route=\/wp\/v2\/media\/224"}],"wp:attachment":[{"href":"https:\/\/www.piemonteis.org\/index.php?rest_route=%2Fwp%2Fv2%2Fmedia&parent=223"}],"wp:term":[{"taxonomy":"category","embeddable":true,"href":"https:\/\/www.piemonteis.org\/index.php?rest_route=%2Fwp%2Fv2%2Fcategories&post=223"},{"taxonomy":"post_tag","embeddable":true,"href":"https:\/\/www.piemonteis.org\/index.php?rest_route=%2Fwp%2Fv2%2Ftags&post=223"}],"curies":[{"name":"wp","href":"https:\/\/api.w.org\/{rel}","templated":true}]}}