{"id":233,"date":"2014-10-21T12:27:34","date_gmt":"2014-10-21T12:27:34","guid":{"rendered":"http:\/\/www.piemonteis.org\/?p=233"},"modified":"2014-10-21T12:39:03","modified_gmt":"2014-10-21T12:39:03","slug":"233","status":"publish","type":"post","link":"https:\/\/www.piemonteis.org\/?p=233","title":{"rendered":"Carema, dove le vigne diventano architettura"},"content":{"rendered":"<p style=\"color: #262626;\">Sulle coste rocciose che orlano il borgo di\u00a0<strong style=\"font-weight: bold; font-style: inherit;\">Carema<\/strong>, nel tratto canavesano della valle della Dora Baltea, si adagiano i vigneti da cui si ricava l\u2019omonimo vino, il\u00a0<strong style=\"font-weight: bold; font-style: inherit;\">Carema DOC<\/strong>.<\/p>\n<p style=\"color: #262626;\">Comprese tra 350 e 700 metri, alle pendici del monte Maletto, le vigne si sviluppano in verticale, sul versante sinistro della valle, grazie alla paziente opera dell\u2019uomo, che ha modellato il paesaggio con\u00a0<strong style=\"font-weight: bold; font-style: inherit;\">terrazzamenti a secco<\/strong>\u00a0scanditi da muretti di sostegno e schiere di pilastrini in pietra di forma tronco-conica (<em style=\"font-weight: inherit; font-style: italic;\">pilon<\/em>) su cui poggiano i graticci che sorreggono le viti. La coltivazione, favorita dai terreni morenici trasportati dal fondovalle, ricchi di depositi detritici del ghiacciaio valdostano in ritiro, \u00e8 a pergola (<em style=\"font-weight: inherit; font-style: italic;\">topion<\/em>), con traverse di supporto in legno di castagno e i tralci legati ad esse, per resistere ai forti venti della valle.<\/p>\n<p style=\"color: #262626;\">La natura a\u00a0<strong style=\"font-weight: bold; font-style: inherit;\">Carema<\/strong>\u00a0si fa architettura per l\u2019intervento dell\u2019uomo che, per regolarizzare ad uso agricolo le pieghe della montagna, ha disegnato, scavando i gradoni nella roccia, ciclopiche scalinate ondeggianti, cos\u00ec simili nelle sequenze di pilastrini che si susseguono a distanza costante a schemi romanici e gotici di logge continue e archetti ciechi (Cavallari Murat).<\/p>\n<p style=\"color: #262626;\">Il disciplinare prescrive per il\u00a0<strong style=\"font-weight: bold; font-style: inherit;\">Carema<\/strong>, dal tipico\u00a0<em style=\"font-weight: inherit; font-style: italic;\">bouquet<\/em>\u00a0di rosa macerata, l\u2019uso di uve\u00a0<strong style=\"font-weight: bold; font-style: inherit;\">Nebbiolo<\/strong>, nelle variet\u00e0 locali\u00a0<em style=\"font-weight: inherit; font-style: italic;\">Picutener<\/em>\u00a0e\u00a0<em style=\"font-weight: inherit; font-style: italic;\">Pugnet<\/em>, per una quota minima dell\u201985%, in concorrenza con uve a bacca rossa non aromatiche raccomandate per la provincia di Torino, e ne impone l\u2019invecchiamento minimo per tre anni (quattro per la tipologia\u00a0<em style=\"font-weight: inherit; font-style: italic;\">Riserva<\/em>)<em style=\"font-weight: inherit; font-style: italic;\">.<\/em><\/p>\n<p style=\"color: #262626;\">La Fondazione Slow Food ha di recente inserito il vino di Carema tra i suoi Pres\u00ecdi\u00a0con l&#8217;obiettivo di salvaguardare questo importante sistema di saperi, che rischia di andare perduto per pi\u00f9 cause concomitanti: le problematiche connesse a gestione e manutenzione, totalmente manuali, dei vigneti (tali da richiedere uno sforzo pari a quattro volte la manodopera di un normale vigneto), il basso ricambio generazionale (l&#8217;et\u00e0 media dei coltivatori \u00e8 elevata), la ridotta produttivit\u00e0 delle vigne (da 50 a 80 quintali per ettaro).<\/p>\n<p style=\"color: #262626;\">Leggi tutto: <a href=\"http:\/\/kiteinnepal.com\/2014\/03\/31\/carema-dove-le-vigne-diventano-architettura\/\">Carema, dove le vigne diventano architettura\u00a0<\/a><\/p>\n<p style=\"color: #262626;\">Leggi qui: <a href=\"http:\/\/lasentinella.gelocal.it\/ivrea\/cronaca\/2014\/09\/22\/news\/cantina-produttori-promossa-diventa-presidio-slow-food-1.9981609\">Carema, nuovo presidio Slow Food: \u00a0<\/a><\/p>\n<p style=\"color: #262626;\"><a href=\"http:\/\/www.piemonteis.org\/wp-content\/uploads\/2014\/10\/Carema.jpg\"><img decoding=\"async\" loading=\"lazy\" class=\"alignnone size-full wp-image-234\" src=\"http:\/\/www.piemonteis.org\/wp-content\/uploads\/2014\/10\/Carema.jpg\" alt=\"Carema\" width=\"700\" height=\"524\" \/><\/a><\/p>\n","protected":false},"excerpt":{"rendered":"<p>Sulle coste rocciose che orlano il borgo di\u00a0Carema, nel tratto canavesano della valle della Dora Baltea, si adagiano i vigneti da cui si&#8230;<\/p>\n","protected":false},"author":1,"featured_media":234,"comment_status":"closed","ping_status":"open","sticky":false,"template":"","format":"standard","meta":{"footnotes":""},"categories":[2,3],"tags":[],"_links":{"self":[{"href":"https:\/\/www.piemonteis.org\/index.php?rest_route=\/wp\/v2\/posts\/233"}],"collection":[{"href":"https:\/\/www.piemonteis.org\/index.php?rest_route=\/wp\/v2\/posts"}],"about":[{"href":"https:\/\/www.piemonteis.org\/index.php?rest_route=\/wp\/v2\/types\/post"}],"author":[{"embeddable":true,"href":"https:\/\/www.piemonteis.org\/index.php?rest_route=\/wp\/v2\/users\/1"}],"replies":[{"embeddable":true,"href":"https:\/\/www.piemonteis.org\/index.php?rest_route=%2Fwp%2Fv2%2Fcomments&post=233"}],"version-history":[{"count":4,"href":"https:\/\/www.piemonteis.org\/index.php?rest_route=\/wp\/v2\/posts\/233\/revisions"}],"predecessor-version":[{"id":238,"href":"https:\/\/www.piemonteis.org\/index.php?rest_route=\/wp\/v2\/posts\/233\/revisions\/238"}],"wp:featuredmedia":[{"embeddable":true,"href":"https:\/\/www.piemonteis.org\/index.php?rest_route=\/wp\/v2\/media\/234"}],"wp:attachment":[{"href":"https:\/\/www.piemonteis.org\/index.php?rest_route=%2Fwp%2Fv2%2Fmedia&parent=233"}],"wp:term":[{"taxonomy":"category","embeddable":true,"href":"https:\/\/www.piemonteis.org\/index.php?rest_route=%2Fwp%2Fv2%2Fcategories&post=233"},{"taxonomy":"post_tag","embeddable":true,"href":"https:\/\/www.piemonteis.org\/index.php?rest_route=%2Fwp%2Fv2%2Ftags&post=233"}],"curies":[{"name":"wp","href":"https:\/\/api.w.org\/{rel}","templated":true}]}}