{"id":2447,"date":"2016-09-01T10:38:33","date_gmt":"2016-09-01T10:38:33","guid":{"rendered":"http:\/\/www.piemonteis.org\/?p=2447"},"modified":"2016-09-01T17:13:44","modified_gmt":"2016-09-01T17:13:44","slug":"fulvio-testi-cantore-della-corte-di-carlo-emanuele","status":"publish","type":"post","link":"https:\/\/www.piemonteis.org\/?p=2447","title":{"rendered":"Fulvio Testi, cantore della corte di Carlo Emanuele I"},"content":{"rendered":"<p><a href=\"http:\/\/www.piemonteis.org\/wp-content\/uploads\/2016\/09\/fulvio-testi.gif\" rel=\"attachment wp-att-2448\"><img decoding=\"async\" loading=\"lazy\" class=\"size-medium wp-image-2448 alignright\" src=\"http:\/\/www.piemonteis.org\/wp-content\/uploads\/2016\/09\/fulvio-testi-215x300.gif\" alt=\"fulvio testi\" width=\"215\" height=\"300\" \/><\/a>Di: <strong><em>Giorgio Enrico Cavallo<\/em><\/strong><\/p>\n<p><strong>Torino,<\/strong> a inizio Seicento, ospitava praticamente tutti i principali poeti e letterati d\u2019Italia. Tra essi, vi era <strong>Fulvio Testi<\/strong>, poeta ferrarese, ma al servizio del duca di Modena, che fu uno dei pi\u00f9 attivi autori dei suoi anni.<\/p>\n<p>La sua raccolta di <em>Rime<\/em> del 1617, dedicata al duca di Savoia, fu mal accolta dalla censura, che non apprezz\u00f2 l\u2019insofferenza del poeta verso il governo spagnolo.<\/p>\n<p>Alla corte di <strong>Carlo Emanuele I<\/strong> giunse dunque Fulvio Testi dopo essere <strong>fuggito da Modena<\/strong> per la pubblicazione proprio di quella raccolta dedicata a Carlo Emanuele, che egli considerava come un principe indipendente e baluardo contro lo strapotere degli Spagnoli. Meno bene and\u00f2 allo stampatore della raccolta, Giuliano Cassiani, che venne messo ai ferri; per il Testi, la condanna fu l\u2019esilio dal ducato; cosa che, a dire il vero, il poeta aveva gi\u00e0 fatto di sua spontanea volont\u00e0 (anche se poi, anche in virt\u00f9 di una sua supplica al duca Alfonso d\u2019Este, egli venne perdonato).<\/p>\n<p><strong>Dal 1619 Fulvio Testi fu a Torino.<\/strong> Carlo Emanuele ben sapeva del suo passato e della sua abilit\u00e0 di verseggiatore: lo fece cavaliere dell\u2019Ordine dei Santi Maurizio e Lazzaro, oltre ad omaggiarlo di una collana d\u2019oro del valore di 500 scudi.<\/p>\n<p><a href=\"http:\/\/www.piemonteis.org\/wp-content\/uploads\/2016\/09\/nuovo.jpg\" rel=\"attachment wp-att-2452\"><img decoding=\"async\" loading=\"lazy\" class=\"aligncenter size-full wp-image-2452\" src=\"http:\/\/www.piemonteis.org\/wp-content\/uploads\/2016\/09\/nuovo.jpg\" alt=\"Incisione di Torino\" width=\"960\" height=\"458\" srcset=\"https:\/\/www.piemonteis.org\/wp-content\/uploads\/2016\/09\/nuovo.jpg 960w, https:\/\/www.piemonteis.org\/wp-content\/uploads\/2016\/09\/nuovo-300x143.jpg 300w, https:\/\/www.piemonteis.org\/wp-content\/uploads\/2016\/09\/nuovo-768x366.jpg 768w, https:\/\/www.piemonteis.org\/wp-content\/uploads\/2016\/09\/nuovo-600x286.jpg 600w\" sizes=\"(max-width: 960px) 100vw, 960px\" \/><\/a><\/p>\n<p>Non si pu\u00f2 dire che Carlo Emanuele I non fosse munifico con coloro che cantavano la gloria della sua dinastia. E come dargli torto? Leggiamo questo sonetto, che esprime chiaramente la devozione del Testi per il duca di Savoia, paragonato nientemeno che a Carlo Magno:<\/p>\n<p><strong><em>Sonetto<\/em><\/strong><\/p>\n<p>Quella che gi\u00e0 nel secolo vetusto<br \/>\nfu del mondo Reina Italia intera,<br \/>\ne ch\u2019or misera fatta, e prigioniera<br \/>\ndi barbare catene ha il collo onusto<\/p>\n<p>Il nudo seno, e \u2018l lacerato busto,<br \/>\nempj trofei de la fierezza Ibera<br \/>\na te mostra, o gran Carlo, e per te spera<br \/>\nsottrarsi al giogo indegno, e al laccio ingiusto<\/p>\n<p>A un Carlo gi\u00e0 fu somma lode ascritta<br \/>\nperch\u00e9 fuggir f\u00e8 rintuzzate e dome<br \/>\ngenti ond\u2019ella giacea serva ed afflitta,<\/p>\n<p>Or se da te vien liberata, come<br \/>\nsperar vogliam da quella destra invitta,<br \/>\nmeriti al par di lui di Magno il nome.<\/p>\n<figure id=\"attachment_2454\" aria-describedby=\"caption-attachment-2454\" style=\"width: 780px\" class=\"wp-caption aligncenter\"><a href=\"http:\/\/www.piemonteis.org\/wp-content\/uploads\/2016\/09\/Scudo-di-Savoia-Avigliana.jpg\" rel=\"attachment wp-att-2454\"><img decoding=\"async\" loading=\"lazy\" class=\"wp-image-2454 size-full\" src=\"http:\/\/www.piemonteis.org\/wp-content\/uploads\/2016\/09\/Scudo-di-Savoia-Avigliana.jpg\" alt=\"Scudo di Savoia - Avigliana\" width=\"780\" height=\"451\" srcset=\"https:\/\/www.piemonteis.org\/wp-content\/uploads\/2016\/09\/Scudo-di-Savoia-Avigliana.jpg 780w, https:\/\/www.piemonteis.org\/wp-content\/uploads\/2016\/09\/Scudo-di-Savoia-Avigliana-300x173.jpg 300w, https:\/\/www.piemonteis.org\/wp-content\/uploads\/2016\/09\/Scudo-di-Savoia-Avigliana-768x444.jpg 768w, https:\/\/www.piemonteis.org\/wp-content\/uploads\/2016\/09\/Scudo-di-Savoia-Avigliana-600x347.jpg 600w\" sizes=\"(max-width: 780px) 100vw, 780px\" \/><\/a><figcaption id=\"caption-attachment-2454\" class=\"wp-caption-text\">Scudo di Savoia affrescato su un edificio medioevale di Avigliana<\/figcaption><\/figure>\n<p>Ma la lode di Carlo Emanuele I non poteva ridursi a questo. Non solo Carlo Magno: per Carlo Emanuele parteggia anche il Cielo, e mentre la \u00abReina del Mare\u00bb, Venezia, si imbelletta e la Francia siede oziosamente a tavola, <strong>il Piemonte mostri il suo spirito guerriero e vittorioso<\/strong>. Insomma, Carlo Emanuele era una sorta di Ercole, che avrebbe certamente liberato i popoli italiani; o quantomeno avrebbe continuato a corrispondere generosamente al Testi:<\/p>\n<p><strong><em>All\u2019altezza del Duca di Savoia<\/em><\/strong><\/p>\n<p>Carlo, quel generoso invitto core,<br \/>\nda cui spera soccorso Italia oppressa,<br \/>\na che bada? a che tarda? a che pi\u00f9 cessa?<br \/>\nNostre perdite son le tue dimore.<br \/>\nSpiega l\u2019insegne omai, le schiere aduna,<br \/>\nfa\u2019 che le tue vittorie il mondo veggia;<br \/>\nper te milita il Ciel, per te guerreggia,<br \/>\nfatta del tuo valor serva, Fortuna.<\/p>\n<p>La Reina del mar riposi il fianco,<br \/>\nsi lisci il volto e s\u2019inanelli il crine;<br \/>\ne mirando le guerre a s\u00e9 vicine<br \/>\nseggia ozioso infra le mense il Franco.<\/p>\n<p>Se ne\u2019 perigli de l\u2019incerto Marte<br \/>\nnon hai compagno e la tua spada \u00e8 sola,<br \/>\nnon ten caglia, Signor, e ti consola<br \/>\nch\u2019altri non fia de le tue glorie a parte.<\/p>\n<p>Gran cose ardisce, \u00e8 ver, gran prove tenta<br \/>\ntuo magnanimo cor, tua destra forte,<br \/>\nma non inalza i timidi la sorte,<br \/>\ne non trionfa mai uom che paventa.<\/p>\n<p>Per dirupate vie vassi a la gloria,<br \/>\ne la strada d\u2019onor di sterpi \u00e8 piena;<br \/>\nnon vinse alcun senza fatica e pena,<br \/>\nch\u00e9 compagna del rischio \u00e8 la vittoria.<\/p>\n<p>Chi fia, se tu non se\u2019, che rompa il laccio<br \/>\nonde tant\u2019anni avvinta Esperia giace?<br \/>\nPosta ne la tua spada \u00e8 la sua pace,<br \/>\ne la sua libert\u00e0 sta nel tuo braccio.<\/p>\n<p>Carlo, se \u2019l tuo valor quest\u2019Idra ancide<br \/>\nche fa con tanti capi al mondo guerra,<br \/>\nse questo Gerion da te s\u2019atterra<br \/>\nch\u2019 Italia opprime, i\u2019 vo\u2019 chiamarti Alcide.<\/p>\n<p>Non isdegnar frattanto i prieghi e i carmi<br \/>\nche ti porgiamo, e tua bont\u00e0 n\u2019ascolti,<br \/>\nfin che di servit\u00f9 liberi e sciolti<br \/>\nt\u2019alziamo i bronzi e ti sacriamo i marmi.<\/p>\n","protected":false},"excerpt":{"rendered":"<p>Di: Giorgio Enrico Cavallo Torino, a inizio Seicento, ospitava praticamente tutti i principali poeti e letterati d\u2019Italia. Tra essi, vi era Fulvio Testi,&#8230;<\/p>\n","protected":false},"author":83,"featured_media":2448,"comment_status":"open","ping_status":"open","sticky":false,"template":"","format":"standard","meta":{"footnotes":""},"categories":[69,10,5,284],"tags":[],"_links":{"self":[{"href":"https:\/\/www.piemonteis.org\/index.php?rest_route=\/wp\/v2\/posts\/2447"}],"collection":[{"href":"https:\/\/www.piemonteis.org\/index.php?rest_route=\/wp\/v2\/posts"}],"about":[{"href":"https:\/\/www.piemonteis.org\/index.php?rest_route=\/wp\/v2\/types\/post"}],"author":[{"embeddable":true,"href":"https:\/\/www.piemonteis.org\/index.php?rest_route=\/wp\/v2\/users\/83"}],"replies":[{"embeddable":true,"href":"https:\/\/www.piemonteis.org\/index.php?rest_route=%2Fwp%2Fv2%2Fcomments&post=2447"}],"version-history":[{"count":4,"href":"https:\/\/www.piemonteis.org\/index.php?rest_route=\/wp\/v2\/posts\/2447\/revisions"}],"predecessor-version":[{"id":2456,"href":"https:\/\/www.piemonteis.org\/index.php?rest_route=\/wp\/v2\/posts\/2447\/revisions\/2456"}],"wp:featuredmedia":[{"embeddable":true,"href":"https:\/\/www.piemonteis.org\/index.php?rest_route=\/wp\/v2\/media\/2448"}],"wp:attachment":[{"href":"https:\/\/www.piemonteis.org\/index.php?rest_route=%2Fwp%2Fv2%2Fmedia&parent=2447"}],"wp:term":[{"taxonomy":"category","embeddable":true,"href":"https:\/\/www.piemonteis.org\/index.php?rest_route=%2Fwp%2Fv2%2Fcategories&post=2447"},{"taxonomy":"post_tag","embeddable":true,"href":"https:\/\/www.piemonteis.org\/index.php?rest_route=%2Fwp%2Fv2%2Ftags&post=2447"}],"curies":[{"name":"wp","href":"https:\/\/api.w.org\/{rel}","templated":true}]}}