{"id":2652,"date":"2016-11-13T17:07:11","date_gmt":"2016-11-13T17:07:11","guid":{"rendered":"http:\/\/www.piemonteis.org\/?p=2652"},"modified":"2016-11-13T17:25:31","modified_gmt":"2016-11-13T17:25:31","slug":"ghemme-dove-il-vino-approdo-piemonte","status":"publish","type":"post","link":"https:\/\/www.piemonteis.org\/?p=2652","title":{"rendered":"A Ghemme, dove il vino approd\u00f2 in Piemonte"},"content":{"rendered":"<p>Testo di <em>Paolo Barosso<\/em> e foto di <em>Carlo Olivero<\/em> (con traduzione in Piemontese di <em>Paolo Sirotto<\/em>)<\/p>\n<p>Al riparo delle colline che costeggiano la <strong>Sesia<\/strong>, al confine tra Vercellese e Novarese, sorge il borgo di <strong>Ghemme,<\/strong> l\u2019antica <em>Agamium<\/em>, gi\u00e0 nota ai Romani per la produzione vinicola. Fu proprio quest\u2019area inclusa tra Sesia e Ticino ad accogliere tra VII e VI sec. a.C., prima in Piemonte, <strong>la coltivazione della vite domestica<\/strong>, importata dall\u2019Etruria.<\/p>\n<p><a href=\"http:\/\/www.piemonteis.org\/wp-content\/uploads\/2016\/11\/Monte-Rosa.jpg\" rel=\"attachment wp-att-2653\"><img decoding=\"async\" loading=\"lazy\" class=\"aligncenter size-full wp-image-2653\" src=\"http:\/\/www.piemonteis.org\/wp-content\/uploads\/2016\/11\/Monte-Rosa.jpg\" alt=\"\" width=\"1134\" height=\"832\" srcset=\"https:\/\/www.piemonteis.org\/wp-content\/uploads\/2016\/11\/Monte-Rosa.jpg 1134w, https:\/\/www.piemonteis.org\/wp-content\/uploads\/2016\/11\/Monte-Rosa-300x220.jpg 300w, https:\/\/www.piemonteis.org\/wp-content\/uploads\/2016\/11\/Monte-Rosa-768x563.jpg 768w, https:\/\/www.piemonteis.org\/wp-content\/uploads\/2016\/11\/Monte-Rosa-1024x751.jpg 1024w, https:\/\/www.piemonteis.org\/wp-content\/uploads\/2016\/11\/Monte-Rosa-600x440.jpg 600w\" sizes=\"(max-width: 1134px) 100vw, 1134px\" \/><\/a><\/p>\n<p>Il dinamismo commerciale delle trib\u00f9 locali, di matrice proto-ligure, celtizzate nell\u2019Et\u00e0 del Ferro, trova conferma nei fermenti letterari, dato che qui si registra il primo tentativo in assoluto di mettere per iscritto una lingua celtica usando un alfabeto, il <strong>leponzio<\/strong>, di derivazione etrusca, e nella compresenza di usanze nordiche, evidenti nella coltivazione di orzo per la produzione birraria, attestata dalle tracce di birra rossa rinvenute su un bicchiere di ceramica ritrovato nella necropoli di Pombia, e costumi di origine mediterranea, testimoniati dalla <strong>precoce introduzione della vite<\/strong> grazie agli scambi commerciali con Etruschi e Piceni.<\/p>\n<p><a href=\"http:\/\/www.piemonteis.org\/wp-content\/uploads\/2016\/11\/31.jpg\" rel=\"attachment wp-att-2654\"><img decoding=\"async\" loading=\"lazy\" class=\"aligncenter size-full wp-image-2654\" src=\"http:\/\/www.piemonteis.org\/wp-content\/uploads\/2016\/11\/31.jpg\" alt=\"31\" width=\"1600\" height=\"1200\" srcset=\"https:\/\/www.piemonteis.org\/wp-content\/uploads\/2016\/11\/31.jpg 1600w, https:\/\/www.piemonteis.org\/wp-content\/uploads\/2016\/11\/31-300x225.jpg 300w, https:\/\/www.piemonteis.org\/wp-content\/uploads\/2016\/11\/31-768x576.jpg 768w, https:\/\/www.piemonteis.org\/wp-content\/uploads\/2016\/11\/31-1024x768.jpg 1024w, https:\/\/www.piemonteis.org\/wp-content\/uploads\/2016\/11\/31-600x450.jpg 600w\" sizes=\"(max-width: 1600px) 100vw, 1600px\" \/><\/a><\/p>\n<p>Di queste millenarie tradizioni sono custodi le attuali generazioni, che producono <strong>vini pregiati<\/strong>, i cui caratteri peculiari dipendono dalla particolare composizione dei terreni, di natura morenico-alluvionale, con un\u2019alta concentrazione di sali minerali (10.000 anni fa, con la fine dell\u2019ultima glaciazione, i ghiacci del Monte Rosa, espansi sino alla pianura, si ritrassero, lasciando come ricordo di s\u00e9, allo sbocco della Valsesia, i rilievi morenici, composti di detriti trascinati a valle e derivati dalla frantumazione delle rocce alpine).<\/p>\n<p>Tra i vini prodotti, reperibili presso l\u2019<b>Enoteca Regionale di Gattinara<\/b>, la punta di diamante \u00e8 il <b>Ghemme<\/b>, Docg dal 1997, ricavato da uve Nebbiolo (localmente noto come Spanna, forse l\u2019uva <i>Spinea <\/i>citata da Plinio) in concorrenza, sino ad un massimo del 15%, con Vespolina e Uva Rara (detta anche Bonarda Novarese), e sottoposto ad un invecchiamento minimo di 34 mesi (46 per la tipologia <i>Riserva<\/i>), di cui 18 mesi in legno, e affinamento di 6 mesi in bottiglia. Merita una citazione il <b><i>Collis Breclemae<\/i><\/b>, Ghemme Docg dell\u2019azienda <b>Antichi Vigneti di Cantalupo<\/b>, da una selezione di uve Nebbiolo del vigneto <i>Breclema<\/i>, sovrastante il sito dell\u2019omonimo villaggio, ora scomparso, caposaldo dei conti di Biandrate.<\/p>\n<p><a href=\"http:\/\/www.piemonteis.org\/wp-content\/uploads\/2016\/11\/15078525_1670026586620835_9158539519097296257_n.jpg\" rel=\"attachment wp-att-2655\"><img decoding=\"async\" loading=\"lazy\" class=\"aligncenter size-full wp-image-2655\" src=\"http:\/\/www.piemonteis.org\/wp-content\/uploads\/2016\/11\/15078525_1670026586620835_9158539519097296257_n.jpg\" alt=\"Ghemme\" width=\"960\" height=\"539\" srcset=\"https:\/\/www.piemonteis.org\/wp-content\/uploads\/2016\/11\/15078525_1670026586620835_9158539519097296257_n.jpg 960w, https:\/\/www.piemonteis.org\/wp-content\/uploads\/2016\/11\/15078525_1670026586620835_9158539519097296257_n-300x168.jpg 300w, https:\/\/www.piemonteis.org\/wp-content\/uploads\/2016\/11\/15078525_1670026586620835_9158539519097296257_n-768x431.jpg 768w, https:\/\/www.piemonteis.org\/wp-content\/uploads\/2016\/11\/15078525_1670026586620835_9158539519097296257_n-600x337.jpg 600w\" sizes=\"(max-width: 960px) 100vw, 960px\" \/><\/a><\/p>\n<p>&nbsp;<\/p>\n<p>La Vespolina (detta anche Ughetta) \u00e8 un\u2019uva a bacca rossa diffusa nell\u2019Oltrep\u00f2 Pavese e nel Piemonte orientale, dove entra in piccole percentuali nel Ghemme, Gattinara, Sizzano, Boca, Bramaterra, Fara, e talora \u00e8 vinificata in purezza, come nel caso del <b><i>Villa Horta<\/i><\/b> dell\u2019azienda Cantalupo, che deve il suo nome ai Canonici di San Giulio d\u2019Orta, storici proprietari di vigne in Ghemme, caratterizzato all\u2019olfatto da note floreali di ciclamino.<\/p>\n<p>Infine ricordiamo il <b><i>Carolus<\/i><\/b>, vino bianco di Cantalupo ottenuto da uve Erbaluce nella misura del 50%, Arneis e Chardonnay, vinificate separatamente e poi assemblate. L\u2019Erbaluce \u00e8 un vitigno a bacca bianca diffuso in Canavese e sulle colline novaresi, dove \u00e8 conosciuto anche come Greco Novarese.<\/p>\n<p><a href=\"http:\/\/www.piemonteis.org\/wp-content\/uploads\/2016\/11\/39.jpg\" rel=\"attachment wp-att-2657\"><img decoding=\"async\" loading=\"lazy\" class=\"aligncenter size-full wp-image-2657\" src=\"http:\/\/www.piemonteis.org\/wp-content\/uploads\/2016\/11\/39.jpg\" alt=\"39\" width=\"2048\" height=\"1536\" srcset=\"https:\/\/www.piemonteis.org\/wp-content\/uploads\/2016\/11\/39.jpg 2048w, https:\/\/www.piemonteis.org\/wp-content\/uploads\/2016\/11\/39-300x225.jpg 300w, https:\/\/www.piemonteis.org\/wp-content\/uploads\/2016\/11\/39-768x576.jpg 768w, https:\/\/www.piemonteis.org\/wp-content\/uploads\/2016\/11\/39-1024x768.jpg 1024w, https:\/\/www.piemonteis.org\/wp-content\/uploads\/2016\/11\/39-600x450.jpg 600w\" sizes=\"(max-width: 2048px) 100vw, 2048px\" \/><\/a><\/p>\n<p>Oltre che <b><i>Citt\u00e0 del Vino<\/i><\/b>, Ghemme \u00e8 <b><i>Citt\u00e0 del Miele<\/i><\/b>, <b><i>Citt\u00e0 del Pane<\/i><\/b>(celebre il pane dolce con l\u2019uva), <b><i>Borgo della Grappa<\/i><\/b> (vi ha sede la distilleria Luigi Francoli) e dal 1945 ospita l\u2019<b>acetificio Ponti<\/b>.<\/p>\n<p>La fama della cittadina novarese non poggia, per\u00f2, solo sull\u2019enogastronomia: basti citare <b>Alessandro Antonelli<\/b>, che qui nacque nel 1798, e il <b>ricetto<\/b>, considerato per importanza e stato conservativo il secondo del Piemonte. La notoriet\u00e0 del grande architetto \u00e8 legata alle realizzazioni pi\u00f9 ardite, la Mole Antonelliana a Torino e la cupola gaudenziana a Novara, dove il vertiginoso verticalismo di ascendenza gotica si combina con le soluzioni classiciste di colonne, paraste e lesene, ma importanti opere da lui progettate, di recente unite in un <b><i>itinerario antonelliano<\/i><\/b>, si trovano disseminate nel Novarese: fra queste, Villa Caccia a Romagnano Sesia e lo <b>scurolo<\/b> con le spoglie della <b>Beata Panacea<\/b>, patrona di Ghemme.<\/p>\n<p><a href=\"http:\/\/www.piemonteis.org\/wp-content\/uploads\/2016\/11\/ricetto.jpg\" rel=\"attachment wp-att-2656\"><img decoding=\"async\" loading=\"lazy\" class=\"aligncenter size-full wp-image-2656\" src=\"http:\/\/www.piemonteis.org\/wp-content\/uploads\/2016\/11\/ricetto.jpg\" alt=\"ricetto\" width=\"592\" height=\"394\" srcset=\"https:\/\/www.piemonteis.org\/wp-content\/uploads\/2016\/11\/ricetto.jpg 592w, https:\/\/www.piemonteis.org\/wp-content\/uploads\/2016\/11\/ricetto-300x200.jpg 300w\" sizes=\"(max-width: 592px) 100vw, 592px\" \/><\/a><\/p>\n<p>Due le varianti principali di questa tipologia, il <strong><i>ricetto popolare o cooperativo<\/i><\/strong>, cui si riconduce il caso di Ghemme, costruito ex novo per iniziativa della popolazione su un terreno concesso dal <i>dominus loci<\/i>, e il <i>ricetto signorile<\/i>, appendice di un <i>castrum<\/i> gi\u00e0 esistente. Il <b>ricetto <\/b>ghemmese, quadrangolare con una via di spina al centro e torre-porta d\u2019accesso rivolta verso la Sesia, \u00e8 una fortificazione a cellule multiple di una tipologia diffusa in Piemonte tra XI e XIV secolo, nata dalle <strong>esigenze difensive delle popolazioni rurali<\/strong> che, esposte al rischio di scorrerie, diedero forma a questi ripari cinti da mura che fungevano da deposito per le derrate alimentari (granaglie e vino) in tempo di pace e come rifugio <i>tempore guerrarum<\/i>.<\/p>\n<p>La <strong>forma primitiva del ricetto<\/strong>, consistente in un semplice recinto murario, come quello che si riscontra a Recetto (No), sorse probabilmente tra X e XI secolo, quando le campagne piemontesi, luogo di competizione tra gli aspiranti alla corona del <i>Regnum Langobardorum<\/i>, poi <i>Italicum<\/i>, e teatro dei raid saraceni e ungari, sprofondarono in un clima di assoluta insicurezza.<\/p>\n<p>_____________________________________________________________________________________________________________________<\/p>\n<p><strong>Traduzione in piemontese a cura di Paolo\u00a0<\/strong><b>Sirotto<\/b><\/p>\n<p><b><a href=\"https:\/\/kiteinnepal.com\/2013\/04\/03\/vezzolano-tra-fede-e-vigne-di-albugnano\/unknown\/#main\" rel=\"attachment wp-att-1961\"><img decoding=\"async\" loading=\"lazy\" class=\"alignleft wp-image-1961\" src=\"https:\/\/kiteinnepal.files.wordpress.com\/2013\/04\/unknown.jpeg?w=165&amp;h=110\" sizes=\"(max-width: 165px) 100vw, 165px\" srcset=\"https:\/\/kiteinnepal.files.wordpress.com\/2013\/04\/unknown.jpeg?w=165&amp;h=110 165w, https:\/\/kiteinnepal.files.wordpress.com\/2013\/04\/unknown.jpeg?w=150&amp;h=100 150w, https:\/\/kiteinnepal.files.wordpress.com\/2013\/04\/unknown.jpeg 275w\" alt=\"Unknown\" width=\"165\" height=\"110\" \/><\/a><\/b><b><i>A Gh\u00ebm, andoa \u2018l vin a l\u2019\u00e9 riv\u00e0 an Piemont<\/i><\/b><\/p>\n<p>Al ripar \u00ebd le colin-e ch\u2019a van arlongh \u00ebl <strong>Sesia<\/strong>, al confin tra V\u00ebrsl\u00e8is e Noar\u00e8is, as treuva \u2018l borgh \u00ebd Gh\u00ebm, l\u2019antica <i>Agamium<\/i>, gi\u00e0 conuss\u00f9a ai Roman p\u00ebr la produssion vinicola. A l\u2019\u00e9 st\u00e0ita giusta st\u2019area-s\u00ec, compr\u00e8isa tra Sesia e Tissin, ad ars\u00e8ive tra ij s\u00e9coj VII e Vi a.C., prima an Piemont, la coltivassion \u00ebd la vis domestica, import\u00e0 da l\u2019Etruria.<\/p>\n<figure id=\"attachment_2658\" aria-describedby=\"caption-attachment-2658\" style=\"width: 1600px\" class=\"wp-caption aligncenter\"><a href=\"http:\/\/www.piemonteis.org\/wp-content\/uploads\/2016\/11\/castello-cavenago.jpg\" rel=\"attachment wp-att-2658\"><img decoding=\"async\" loading=\"lazy\" class=\"size-full wp-image-2658\" src=\"http:\/\/www.piemonteis.org\/wp-content\/uploads\/2016\/11\/castello-cavenago.jpg\" alt=\"La villa rustica del Cavenago ('500), circondata dalle vigne, sulla prima collina\" width=\"1600\" height=\"1060\" srcset=\"https:\/\/www.piemonteis.org\/wp-content\/uploads\/2016\/11\/castello-cavenago.jpg 1600w, https:\/\/www.piemonteis.org\/wp-content\/uploads\/2016\/11\/castello-cavenago-300x199.jpg 300w, https:\/\/www.piemonteis.org\/wp-content\/uploads\/2016\/11\/castello-cavenago-768x509.jpg 768w, https:\/\/www.piemonteis.org\/wp-content\/uploads\/2016\/11\/castello-cavenago-1024x678.jpg 1024w, https:\/\/www.piemonteis.org\/wp-content\/uploads\/2016\/11\/castello-cavenago-600x398.jpg 600w\" sizes=\"(max-width: 1600px) 100vw, 1600px\" \/><\/a><figcaption id=\"caption-attachment-2658\" class=\"wp-caption-text\">La villa rustica del Cavenago (&#8216;500), circondata dalle vigne, sulla prima collina<\/figcaption><\/figure>\n<p>\u00cbl dinamism comersial \u00ebd le trib\u00f9 locaj, \u00ebd matris pr\u00f2to-ligure, seltiz\u00e0 ant l\u2019Et\u00e0 d\u00ebl Fer, a treuva conferma ant j\u2019arbeuj literari, vist che beless\u00ec as registra \u2018l prim tentativ an assolut \u2018d but\u00e9 p\u00ebr \u00ebscrit na lenga seltica an dovrand n\u2019alfabet, \u00ebl <strong><i>leponzio<\/i><\/strong>, \u00ebd derivassion etrusca e ant la compresenza d\u2019usanse n\u00f2rdiche. Son a l\u2019\u00e9 evident ant la coltivassion d\u2019\u00f2rdi p\u00ebr la produssion \u00ebd la bira, atest\u00e0 da le testimonianse \u2018d bira rossa descuvert\u00e0 an s\u2019un bicer \u00ebd s\u00ecramica artrov\u00e0 ant la necr\u00f2poli \u2018d Pombia, e ant ij costum d\u2019\u00f3rigin mediterranea, testimoni\u00e0 da l\u2019introdussion primissia dla vis mers\u00ec a j\u00eb scambi comersiaj con Etrusch e Picen.<\/p>\n<p>Tra ij vin produv\u00f9, reperibij a l\u2019<b>Enoteca Regional \u00ebd Gatin\u00e8ra<\/b>, la ponta \u2018d diamant a l\u2019\u00e9 \u2018l <b>Gh\u00ebm<\/b>, Docg dal 1997, ricav\u00e0 da d\u2019uve Nebieul (localment conoss\u00f9 coma Span-a, miraco l\u2019uva <i>Spinea<\/i> cit\u00e0 \u2018dc\u00f2 da Plinio) an concorensa, fin-a a \u2018n massim d\u00ebl 15%, con Vespolin-a e Uva R\u00e0ira (dita \u2018dc\u00f2 Bonarda Noar\u00e8isa) e soget a n\u2019anvejament minim \u00ebd 34 m\u00e8is (46 p\u00ebr la tipolog\u00eca <i>Riserva<\/i>), dont 18 m\u00e8is an b\u00f2sch e afinagi \u2018d 6 m\u00e8is an bota.<\/p>\n<figure id=\"attachment_2659\" aria-describedby=\"caption-attachment-2659\" style=\"width: 600px\" class=\"wp-caption aligncenter\"><a href=\"http:\/\/www.piemonteis.org\/wp-content\/uploads\/2016\/11\/torre-ricetto.jpg\" rel=\"attachment wp-att-2659\"><img decoding=\"async\" loading=\"lazy\" class=\"wp-image-2659 size-full\" src=\"http:\/\/www.piemonteis.org\/wp-content\/uploads\/2016\/11\/torre-ricetto.jpg\" alt=\"Ghemme - torre ricetto\" width=\"600\" height=\"900\" srcset=\"https:\/\/www.piemonteis.org\/wp-content\/uploads\/2016\/11\/torre-ricetto.jpg 600w, https:\/\/www.piemonteis.org\/wp-content\/uploads\/2016\/11\/torre-ricetto-200x300.jpg 200w\" sizes=\"(max-width: 600px) 100vw, 600px\" \/><\/a><figcaption id=\"caption-attachment-2659\" class=\"wp-caption-text\">Ghemme &#8211; torre del ricetto<\/figcaption><\/figure>\n<p>A merita na citassion \u2018l <b><i>Collis Breclemae<\/i><\/b>, Gh\u00ebm Doc, \u00ebd j\u2019<b><i>Antiche Vigne \u2018d Cantaluv<\/i><\/b>, da na selession d\u2019uve Nebieul \u00ebd le vigne <i>Breclema<\/i>, sovrastant \u00ebl sit \u00ebd l\u2019om\u00f2nim vilagi, adess d\u00ebspar\u00ec, capsald dij cont \u00ebd Biandr\u00e0. \u00cbd coste milenarie tradission a son guardian-e le atuaj generassion ch\u2019a produvo vin pregi\u00e0, dont ij carater prinsipaj a dipendo da la particolar composission dij ter\u00e8n, \u00ebd natura morenich-aluvional, con n\u2019\u00e0uta concentrassion \u00ebd saj mineraj (10.000 ani fa, con la fin \u00ebd l\u2019\u00f9ltima glaciassion, la giassa d\u00ebl Mont Reusa, spanti\u00e0 fin-a a la pianura, a l\u2019\u00e9 artirasse, an lassand com\u2019arc\u00f2rd, a l\u00eb sboch \u00ebd la Valsesia, ij riliev morenich, comp\u00f2st da \u2018d ciapl\u00e9 rabast\u00e0 a val e deriv\u00e0 da la framentassion dle roce alpin-e).<\/p>\n<p>La Vespolin-a, (dita \u2018dc\u00f2 Ugh\u00ebtta) a l\u2019\u00e9 n\u2019uva a c\u00f2cola rossa spanti\u00e0 ant l\u2019Oltrap\u00f2 Pav\u00e8is e ant \u00ebl Piemont Oriental, andoa a intra an cite percentuaj ant \u00ebl Gh\u00ebm, ant \u00ebl Gatin\u00e8ra, ant \u00ebl Sceun, ant \u00ebl Boca, ant \u00ebl Bramat\u00e8ra e ant \u00ebl Fara e tav\u00f2ta a l\u2019\u00e9 vinific\u00e0 an pur\u00ebssa, com\u2019ant \u00ebl cas d\u00ebl <b><i>Villa Horta<\/i><\/b> dl\u2019asienda Cantalupo ch\u2019a deuv s\u00f2 n\u00f2m ai can\u00f2nich \u2018d San Giulio d\u2019\u00d2rta, st\u00f2rich proprietari \u2018d vigne a Gh\u00ebm, carateriz\u00e0 a l\u2019odor\u00e0 da \u2018d n\u00f2te \u2018d fior \u00ebd ciclamin.<\/p>\n<figure id=\"attachment_2660\" aria-describedby=\"caption-attachment-2660\" style=\"width: 2048px\" class=\"wp-caption aligncenter\"><a href=\"http:\/\/www.piemonteis.org\/wp-content\/uploads\/2016\/11\/03.jpg\" rel=\"attachment wp-att-2660\"><img decoding=\"async\" loading=\"lazy\" class=\"size-full wp-image-2660\" src=\"http:\/\/www.piemonteis.org\/wp-content\/uploads\/2016\/11\/03.jpg\" alt=\"Uva rara o bonarda novarese\" width=\"2048\" height=\"1536\" srcset=\"https:\/\/www.piemonteis.org\/wp-content\/uploads\/2016\/11\/03.jpg 2048w, https:\/\/www.piemonteis.org\/wp-content\/uploads\/2016\/11\/03-300x225.jpg 300w, https:\/\/www.piemonteis.org\/wp-content\/uploads\/2016\/11\/03-768x576.jpg 768w, https:\/\/www.piemonteis.org\/wp-content\/uploads\/2016\/11\/03-1024x768.jpg 1024w, https:\/\/www.piemonteis.org\/wp-content\/uploads\/2016\/11\/03-600x450.jpg 600w\" sizes=\"(max-width: 2048px) 100vw, 2048px\" \/><\/a><figcaption id=\"caption-attachment-2660\" class=\"wp-caption-text\">Uva rara o bonarda novarese<\/figcaption><\/figure>\n<p>&nbsp;<\/p>\n<p>A la fin i arcordoma \u2018l <b><i>Carolus<\/i><\/b>, vin bianch \u2018d Cantaluv otn\u00f9 da uve Erbalus ant la m\u00ebsura d\u00ebl 50%, da Arn\u00e8is e da Chardonnay, vinific\u00e0 separatament e peui but\u00e0 ansema. L\u2019Erbalus a l\u2019\u00e9 na vis a c\u00f2cola bianca spanti\u00e0 ant \u00ebl Canav\u00e8is e an sle colin-e noar\u00e8ise, andoa a l\u2019\u00e9 conuss\u00f9 \u2018dc\u00f2 coma Grech Noar\u00e8is.<\/p>\n<p>Oltra che <b><i>Sit\u00e0 d\u00ebl Vin<\/i><\/b>, Gh\u00ebm a l\u2019\u00e9 <b><i>Sit\u00e0 dl\u2019amel, Sit\u00e0 d\u00ebl Pan<\/i><\/b> (a l\u2019\u00e9 famos \u00ebl pan doss con l\u2019uva), <b><i>Borgh \u00ebd la grapa<\/i><\/b> (a l\u2019\u00e9 sede dla distilar\u00eca Luis Franc\u00f2li) e dal 1945 a \u00f2spita l\u2019<b><i>Asiler\u00eca P\u00f2nti<\/i><\/b>.<\/p>\n<p>La selebrit\u00e0 dla sitadin-a noar\u00e8isa a p\u00f2gia nen, tutun, mach an sl\u2019enogastronom\u00eca: a basta sit\u00e9 <b><i>Alessandro Ant\u00f2nelli<\/i><\/b> che a l\u2019\u00e9 n\u00e0 beless\u00ec d\u00ebl 1738, e \u2018l <b><i>Ric\u00e8t<\/i><\/b>, consider\u00e0 p\u00ebr importansa e stat conservativ \u00ebl second d\u00ebl Piemont. La selebrit\u00e0 d\u00ebl grand architet a l\u2019\u00e9 grop\u00e0 a le realisassion p\u00ec ard\u00ece, La M\u00f2le Antonellian-a a Turin e la Cop\u00f2la \u2018d San Gaudensi a Noara, andoa \u2018l vertiginos verticism d\u2019asendensa g\u00f2tica as combin-a con le solussion classiciste \u2018d col\u00f2ne, paraste e lesen-e; ma d\u2019euvre amportante proget\u00e0 da chiel, recentement un\u00ece ant un <b><i>itinerari antonellian<\/i><\/b>, as treuvo spanti\u00e0 ant \u00ebl Noar\u00e8is: tra coste, Vila Caccia a Romagnan e l\u00eb <b>scureul<\/b> con le resta dla <b>Beata Panacea<\/b>, patron-a \u2018d Gh\u00ebm.<\/p>\n<p><a href=\"http:\/\/www.piemonteis.org\/wp-content\/uploads\/2016\/11\/15056284_1670026589954168_7852461954965591686_n.jpg\" rel=\"attachment wp-att-2661\"><img decoding=\"async\" loading=\"lazy\" class=\"aligncenter size-full wp-image-2661\" src=\"http:\/\/www.piemonteis.org\/wp-content\/uploads\/2016\/11\/15056284_1670026589954168_7852461954965591686_n.jpg\" alt=\"Ghemme\" width=\"960\" height=\"539\" srcset=\"https:\/\/www.piemonteis.org\/wp-content\/uploads\/2016\/11\/15056284_1670026589954168_7852461954965591686_n.jpg 960w, https:\/\/www.piemonteis.org\/wp-content\/uploads\/2016\/11\/15056284_1670026589954168_7852461954965591686_n-300x168.jpg 300w, https:\/\/www.piemonteis.org\/wp-content\/uploads\/2016\/11\/15056284_1670026589954168_7852461954965591686_n-768x431.jpg 768w, https:\/\/www.piemonteis.org\/wp-content\/uploads\/2016\/11\/15056284_1670026589954168_7852461954965591686_n-600x337.jpg 600w\" sizes=\"(max-width: 960px) 100vw, 960px\" \/><\/a><\/p>\n<p>\u00cbl <b>ric\u00e8t<\/b> \u00ebd Gh\u00ebm, quadrangolar con na via d\u00eb spin-a an mes e la tor-p\u00f2rta d\u2019intr\u00e0 vir\u00e0 vers \u00ebl Sesia, a l\u2019\u00e9 na fortificassion a c\u00e9lole moltiple \u2018d na tipolog\u00eca spanti\u00e0 an Piemont tra ij s\u00e9coj XI e XIV, n\u00e0 da le esigense difensive dle popolassion ruraj che, smon\u00f9e a l\u2019arzigh d\u00eb scorer\u00ece, a l\u2019han d\u00e0it forma a costi arpar sar\u00e0 da \u2018d muraje che fonsionavo da dep\u00f2sit p\u00ebr le sc\u00f2rte alimentar (granaje e vin) an temp \u00ebd pas e com\u2019arpar <i>tempore guerrarum<\/i>.<\/p>\n<p>Doe le variassion prinsipaj \u00ebd costa tipolog\u00eca: <strong><i>\u2018l ric\u00e8t popolar o cooperativ<\/i><\/strong>, al qual a s\u2019arf\u00e0 \u2018l cas \u00ebd Gh\u00ebm, costru\u00ec ex-novo p\u00ebr inissiativa dla popolassion an s\u2019un ter\u00e8n conced\u00f9 dal <i>dominus loci,<\/i>e \u2018l <i>ric\u00e8t \u00ebsgnoril<\/i>, apendiss d\u2019un <i>castrum<\/i> gi\u00e0 esistent.<\/p>\n<p>La<strong> forma primitiva d\u00ebl ric\u00e8t<\/strong>, consistent \u00ebd na sempia cinta \u2018d muraje, coma col ch\u2019as r\u00ebscontra a Rec\u00e8t (No), a l\u2019\u00e9 alvasse probabilment tra ij s\u00e9coj X e XI quandi che le campagne piemont\u00e8ise, leu \u2018d competission tra j\u2019aspirant a la coron-a d\u00ebl <i>Regnum Langobardourm<\/i>, peui <i>Italicum,<\/i> e teatro dle incursion sarasin-e e ongare, a son sp\u00ebrfond\u00e0 ant un clima d\u2019assoluta insicur\u00ebssa.<\/p>\n<p>Fonte: <a href=\"https:\/\/kiteinnepal.com\/2013\/10\/08\/a-ghemme-dove-il-vino-approdo-in-piemonte\/\">A Ghemme, dove il vino approd\u00f2 in Piemonte<\/a><\/p>\n","protected":false},"excerpt":{"rendered":"<p>Testo di Paolo Barosso e foto di Carlo Olivero (con traduzione in Piemontese di Paolo Sirotto) Al riparo delle colline che costeggiano la&#8230;<\/p>\n","protected":false},"author":1,"featured_media":2654,"comment_status":"open","ping_status":"open","sticky":false,"template":"","format":"standard","meta":{"footnotes":""},"categories":[26,2,14,27,11],"tags":[458,461,452,454,451,453,418,30,391,455,459,457,456,460,38,462],"_links":{"self":[{"href":"https:\/\/www.piemonteis.org\/index.php?rest_route=\/wp\/v2\/posts\/2652"}],"collection":[{"href":"https:\/\/www.piemonteis.org\/index.php?rest_route=\/wp\/v2\/posts"}],"about":[{"href":"https:\/\/www.piemonteis.org\/index.php?rest_route=\/wp\/v2\/types\/post"}],"author":[{"embeddable":true,"href":"https:\/\/www.piemonteis.org\/index.php?rest_route=\/wp\/v2\/users\/1"}],"replies":[{"embeddable":true,"href":"https:\/\/www.piemonteis.org\/index.php?rest_route=%2Fwp%2Fv2%2Fcomments&post=2652"}],"version-history":[{"count":2,"href":"https:\/\/www.piemonteis.org\/index.php?rest_route=\/wp\/v2\/posts\/2652\/revisions"}],"predecessor-version":[{"id":2663,"href":"https:\/\/www.piemonteis.org\/index.php?rest_route=\/wp\/v2\/posts\/2652\/revisions\/2663"}],"wp:featuredmedia":[{"embeddable":true,"href":"https:\/\/www.piemonteis.org\/index.php?rest_route=\/wp\/v2\/media\/2654"}],"wp:attachment":[{"href":"https:\/\/www.piemonteis.org\/index.php?rest_route=%2Fwp%2Fv2%2Fmedia&parent=2652"}],"wp:term":[{"taxonomy":"category","embeddable":true,"href":"https:\/\/www.piemonteis.org\/index.php?rest_route=%2Fwp%2Fv2%2Fcategories&post=2652"},{"taxonomy":"post_tag","embeddable":true,"href":"https:\/\/www.piemonteis.org\/index.php?rest_route=%2Fwp%2Fv2%2Ftags&post=2652"}],"curies":[{"name":"wp","href":"https:\/\/api.w.org\/{rel}","templated":true}]}}