{"id":3046,"date":"2017-04-06T12:28:50","date_gmt":"2017-04-06T12:28:50","guid":{"rendered":"http:\/\/www.piemonteis.org\/?p=3046"},"modified":"2017-04-06T15:32:57","modified_gmt":"2017-04-06T15:32:57","slug":"28-maggio-2028-il-millenario-della-val-maira","status":"publish","type":"post","link":"https:\/\/www.piemonteis.org\/?p=3046","title":{"rendered":"28 maggio 2028, il millenario della Val Maira"},"content":{"rendered":"<p>di <em>Secondo Garnero\u00a0<\/em><\/p>\n<p>Il 28 maggio 2028 la Valle Maira compir\u00e0 <strong>mille anni di Storia<\/strong>. Cos\u00ec testimonia il documento del 28 maggio 1028 del <strong>marchese Olderico Manfredi <\/strong>e sua moglie Berta con il quale fondano il monastero di Caramagna e gli fanno donazione di una parte delle terre nella Valle \u201c<em>que vocatur Mairana in locis et fundis seu territoris Zurzana, sancto damiano, pagliario, stroppo, prada, sancto michaelo, cilio, paderno, rocabruna<\/em>\u201d.<\/p>\n<figure style=\"width: 5334px\" class=\"wp-caption alignnone\"><img decoding=\"async\" loading=\"lazy\" src=\"https:\/\/s-media-cache-ak0.pinimg.com\/originals\/e4\/12\/f8\/e412f8a9d43ec2986bef0caebb67717e.jpg\" width=\"5334\" height=\"3543\" \/><figcaption class=\"wp-caption-text\">Lo Statuto di Dronero<\/figcaption><\/figure>\n<p>Riteniamo che non si possa celebrare un millennio in un giorno e nemmeno in un anno, ma considerata la singolarit\u00e0 e l\u2019eccezionalit\u00e0 dell\u2019evento abbiamo pensato di far diventare quella data uno stimolo per una <strong>progettualit\u00e0 di lungo e medio periodo<\/strong> che attraversi diversi campi, dalla cultura, alle badie e alle tradizioni folcloriche, alla storia, ai liberi comuni e gli statuti, alla lingua, alla religione e al calvinismo nei nostri paesi, al recupero e sistemazione degli archivi comunali e parrocchiali, all\u2019economia, al telelavoro, ai trasporti e comunicazioni, allo sfruttamento ecocompatibile delle risorse idriche e forestali, alla salvaguardia del paesaggio, all\u2019architettura, alla sentieristica, alle strade, all\u2019escursionismo estivo e invernale e altro ancora, per un intero decennio, dal 2018 al 2028. Ogni anno della decade, poi, si caratterizzer\u00e0 per la <strong>focalizzazione su un tema<\/strong>: una solida conoscenza del passato per guardare e progettare il futuro! Ora che lo stiamo intravedendo. Immaginiamo la valle un unico cantiere che coinvolga operatori pubblici e privati, in vista di quella data in modo che il 28 maggio 2028 la <strong>Valle Maira<\/strong> si presenti con il vestito della festa nuovo, confezionato con pregiate stoffe antiche. Un po\u2019 di utopia! Ma senza come si fa?<\/p>\n<figure style=\"width: 3528px\" class=\"wp-caption alignnone\"><img decoding=\"async\" loading=\"lazy\" src=\"https:\/\/s-media-cache-ak0.pinimg.com\/originals\/77\/d5\/63\/77d563a5d96fdf4dceb164f9ea2fff01.jpg\" width=\"3528\" height=\"2362\" \/><figcaption class=\"wp-caption-text\">La scena della Dormitio Virginis nella chiesa di San Peyre a Stroppo<\/figcaption><\/figure>\n<p>Abbiamo anche cercato di condensare e rappresentare in un logo la data del millennio al fine di accompagnare e unire in un obiettivo collettivo e comune tutte le iniziative e a questo scopo l\u2019Unione dei Comuni tramite <strong><em>Espaci Ousit\u00e0n<\/em><\/strong>, a luglio 2016, ha indetto un bando pubblico che ha registrato un grande successo, a cui hanno risposto una cinquantina di persone proponendo un bozzetto che comunicasse l\u2019evento. A gennaio 2017 una commissione ha selezionato gli elaborati ed ha scelto il logo che caratterizzer\u00e0 tutto il decennio.<\/p>\n<p>Si \u00e8 quindi deciso di organizzare una manifestazione <strong>sabato 27 maggio 2017<\/strong>, alle ore 10.00, per lanciare il <strong>logo<\/strong> medesimo e l\u2019intero progetto e si \u00e8 scelto di localizzarla nella media valle, presso uno degli edifici pi\u00f9 antichi e pi\u00f9 interessanti del nostro territorio ossia la <strong>chiesa di San Salvatore di Macra<\/strong>. In caso di tempo non favorevole si ripiegher\u00e0 su San Damiano che dispone di spazi coperti adatti all\u2019iniziativa.<\/p>\n<figure style=\"width: 4199px\" class=\"wp-caption alignnone\"><img decoding=\"async\" loading=\"lazy\" src=\"https:\/\/s-media-cache-ak0.pinimg.com\/originals\/cf\/3c\/4b\/cf3c4b53d2738daa6c1180bea1c271bd.jpg\" width=\"4199\" height=\"2362\" \/><figcaption class=\"wp-caption-text\">La chiesa di San Salvatore di Macra in veste invernale<\/figcaption><\/figure>\n<p>In quella giornata in cui sono invitati gli abitanti della valle, gli operatori economici, gli emigrati che ritornano regolarmente nei paesi e nelle borgate, i turisti e tutti gli amici e gli amanti del nostro territorio, si presenter\u00e0 il logo, si spiegher\u00e0 a grandi linee tutto il <strong>progetto del decennio<\/strong> e i vari temi e campi in cui si intende operare, pronti ad accogliere suggerimenti e idee. Uno storico del Medioevo illustrer\u00e0 il documento a cui facciamo riferimento e un antropologo disserter\u00e0 sul <strong>tema della marginalit\u00e0<\/strong> intesa non come limite, ma come <strong>risorsa<\/strong>, contrariamente a quanto comunemente si possa pensare. La vincitrice del bando sveler\u00e0 il logo e spiegher\u00e0 il messaggio che intende comunicare. Non mancher\u00e0 un intrattenimento musicale.<\/p>\n<figure style=\"width: 1185px\" class=\"wp-caption alignnone\"><img decoding=\"async\" loading=\"lazy\" src=\"https:\/\/s-media-cache-ak0.pinimg.com\/originals\/6b\/8a\/f4\/6b8af40488c6bcd2d478668b3e73b11e.jpg\" width=\"1185\" height=\"787\" \/><figcaption class=\"wp-caption-text\">Gli affreschi del pittore fiammingo Hans Clemer nella chiesa parrocchiale di Elva<\/figcaption><\/figure>\n<p>Quanto immaginato \u00e8 una pietra nello stagno che speriamo faccia emergere idee e voglia di fare e crei orgoglio e senso di appartenenza. Niente \u00e8 facile, ma se in quel 27 maggio la valle sar\u00e0 coperta di manifesti e di striscioni con la scritta \u201c<strong><em>Valle Maira 28 maggio 2028<\/em><\/strong>\u201d, se tutti i Comuni, le associazioni, le istituzioni, gli operatori economici\u00a0 aggiungeranno il logo sulla carta intestata, nei siti internet, se ognuno si doter\u00e0 di gadget e oggetti con impresso il logo, allora qualcuno si domander\u00e0 che cosa stia succedendo. Alcuni forse sorrideranno, molti immagineranno si tratti di un errore, altri piuttosto di un sogno. La valle intera risponder\u00e0, invece, che \u00e8 in gioco una grande voglia di futuro. Mille anni non sono un evento che tutti possano vantare, non si festeggiano in un giorno, nemmeno in un mese o in un anno. Serve come minimo un decennio! Se poi provi a pensare che a un millennio di storia ne corrisponde almeno un altro o anche molto di pi\u00f9 come testimoniano le <strong>coppelle del<\/strong> <strong>monte Roccer\u00e8<\/strong>, le lapidi romane e parecchie e ulteriori testimonianze, allora davvero ti dici che bisogna prepararsi e in tempo.<\/p>\n<figure style=\"width: 6299px\" class=\"wp-caption alignnone\"><img decoding=\"async\" loading=\"lazy\" src=\"https:\/\/s-media-cache-ak0.pinimg.com\/originals\/ce\/d2\/e7\/ced2e75a66dfa92d28b89c5fd158d2f6.jpg\" width=\"6299\" height=\"3543\" \/><figcaption class=\"wp-caption-text\">Il ponte fortificato di Dronero<\/figcaption><\/figure>\n<p>Questo \u00e8 il progetto che abbiamo in mente, tutto da costruire; un progetto visionario, in itinere, per il quale siamo alla ricerca di entusiasmo e anche di \u2026 finanziamenti. Ma \u201c<strong><em>Rem tene, pecunia sequentur<\/em><\/strong><em>\u201d, \u201cPrepara il progetto, i soldi seguiranno\u201d. <\/em>Il proverbio latino non \u00e8 proprio cos\u00ec, ma sia consentita la modifica! Arrivederci a San Salvatore di Macra sabato 27 maggio 2017, alle ore 10.00. E sar\u00e0 una grande festa!<\/p>\n<p>Fonte: <a href=\"http:\/\/www.ilmaira.it\/\">Il Maira<\/a>, mensile della Val Maira<\/p>\n<p>Tutte le foto pubblicate nell&#8217;articolo sono di <strong><em>Roberto Beltramo<\/em><\/strong><\/p>\n","protected":false},"excerpt":{"rendered":"<p>di Secondo Garnero\u00a0 Il 28 maggio 2028 la Valle Maira compir\u00e0 mille anni di Storia. Cos\u00ec testimonia il documento del 28 maggio 1028&#8230;<\/p>\n","protected":false},"author":1,"featured_media":3049,"comment_status":"open","ping_status":"open","sticky":false,"template":"","format":"standard","meta":{"footnotes":""},"categories":[495,295,5,86],"tags":[676,675,465,674,677,673,658,678,36,657],"_links":{"self":[{"href":"https:\/\/www.piemonteis.org\/index.php?rest_route=\/wp\/v2\/posts\/3046"}],"collection":[{"href":"https:\/\/www.piemonteis.org\/index.php?rest_route=\/wp\/v2\/posts"}],"about":[{"href":"https:\/\/www.piemonteis.org\/index.php?rest_route=\/wp\/v2\/types\/post"}],"author":[{"embeddable":true,"href":"https:\/\/www.piemonteis.org\/index.php?rest_route=\/wp\/v2\/users\/1"}],"replies":[{"embeddable":true,"href":"https:\/\/www.piemonteis.org\/index.php?rest_route=%2Fwp%2Fv2%2Fcomments&post=3046"}],"version-history":[{"count":2,"href":"https:\/\/www.piemonteis.org\/index.php?rest_route=\/wp\/v2\/posts\/3046\/revisions"}],"predecessor-version":[{"id":3050,"href":"https:\/\/www.piemonteis.org\/index.php?rest_route=\/wp\/v2\/posts\/3046\/revisions\/3050"}],"wp:featuredmedia":[{"embeddable":true,"href":"https:\/\/www.piemonteis.org\/index.php?rest_route=\/wp\/v2\/media\/3049"}],"wp:attachment":[{"href":"https:\/\/www.piemonteis.org\/index.php?rest_route=%2Fwp%2Fv2%2Fmedia&parent=3046"}],"wp:term":[{"taxonomy":"category","embeddable":true,"href":"https:\/\/www.piemonteis.org\/index.php?rest_route=%2Fwp%2Fv2%2Fcategories&post=3046"},{"taxonomy":"post_tag","embeddable":true,"href":"https:\/\/www.piemonteis.org\/index.php?rest_route=%2Fwp%2Fv2%2Ftags&post=3046"}],"curies":[{"name":"wp","href":"https:\/\/api.w.org\/{rel}","templated":true}]}}