{"id":3274,"date":"2017-06-23T14:57:26","date_gmt":"2017-06-23T14:57:26","guid":{"rendered":"http:\/\/www.piemonteis.org\/?p=3274"},"modified":"2017-06-23T14:57:26","modified_gmt":"2017-06-23T14:57:26","slug":"esecuzioni-capitali-savoia-primi-sei-giustiziati-dopo-la-restaurazione-1815-1819","status":"publish","type":"post","link":"https:\/\/www.piemonteis.org\/?p=3274","title":{"rendered":"Esecuzioni capitali in Savoia &#8211; I primi sei giustiziati dopo la Restaurazione (1815-1819)"},"content":{"rendered":"<p>di <em>Milo Julini<\/em><\/p>\n<p>Nella nostra ricognizione delle esecuzioni capitali eseguite in <strong>Savoia<\/strong> nel periodo della <strong>Restaurazione sabauda<\/strong> nel 1815 sino all\u2019annessione alla Francia, avvenuta nel 1860, abbiamo considerato vari casi clamorosi.<\/p>\n<p>In omaggio alla cronologia, dobbiamo prendere ora in esame le <strong>prime sei esecuzioni<\/strong>, eseguite dal 1815 al 1819, che hanno preceduto la sensazionale e spettacolare messa a morte a Chamb\u00e9ry del parricida Victor-Denis \u201cDelisle\u201d Dumontel, descritta nel nostro ultimo contributo.<\/p>\n<p><img decoding=\"async\" loading=\"lazy\" class=\"aligncenter size-full\" src=\"https:\/\/s-media-cache-ak0.pinimg.com\/originals\/33\/cc\/60\/33cc609920a5a9fd70f2369d91bab906.jpg\" width=\"960\" height=\"603\" \/><\/p>\n<p>La prima condanna a morte in Savoia \u00e8 eseguita sabato 12 agosto 1815, alle 11 del mattino, a <strong>Saint-Jean-de-Maurienne<\/strong>, dove viene giustiziato <strong>Martin-Pierre Latour<\/strong>, condannato il 7 agosto 1815 per aver assassinato sua moglie e i loro bambini a <strong>Saint-Colomban-des-Villards<\/strong>. Il termine \u201c<strong>assassinio<\/strong>\u201d nella legislazione dell\u2019epoca indica un omicidio commesso con inganno e tradimento nei confronti della vittima.<\/p>\n<p>Luned\u00ec 29 luglio 1816, alle 10:30, a <strong>Mo\u00fbtiers<\/strong> sale sul patibolo <strong>Jean Silvin<\/strong>, bracciante a Peisey, condannato per furto e assassinio con sentenza del 16 luglio 1816.<\/p>\n<p><img decoding=\"async\" loading=\"lazy\" class=\"aligncenter size-full\" src=\"https:\/\/s-media-cache-ak0.pinimg.com\/originals\/9a\/fd\/81\/9afd81af46bc2fbab1df754ede2e6f5e.jpg\" width=\"960\" height=\"611\" \/><\/p>\n<p>A Chamb\u00e9ry viene giustiziato sabato 14 giugno 1817, alle 11 del mattino, <strong>Antoine Thomasset<\/strong>, di 26 anni, condannato a morte, con sentenza dell\u201911 giugno 1817, perch\u00e9, a <strong>Marcellaz<\/strong>, si \u00e8 introdotto in una casa con effrazione mediante una chiave falsa e poi ne ha ucciso l\u2019abitante.<\/p>\n<p>Conosciamo alcuni particolari di questa esecuzione dal diario di <strong>monsignor Rey<\/strong>, vicario generale di Chamb\u00e9ry e futuro vescovo di Annecy che annota \u00ab<em>Oggi hanno impiccato un omicida; \u00e8 la prima volta da 25 anni che \u00e8 riapparsa la forca; il boia ha massacrato il disgraziato, non sa fare il suo mestiere, i Penitenti Neri sono anche apparsi per la prima volta<\/em>\u00bb.<\/p>\n<p><img decoding=\"async\" loading=\"lazy\" class=\"aligncenter size-full\" src=\"https:\/\/s-media-cache-ak0.pinimg.com\/originals\/11\/14\/c2\/1114c254f0746d8832f8886a853f6569.jpg\" width=\"960\" height=\"619\" \/><\/p>\n<p>Gli abitanti di Chamb\u00e9ry, accorsi numerosi per assistere a questa prima esecuzione nella loro citt\u00e0, possono osservare l\u2019esecuzione secondo i rituali\u00a0 di <strong>Ancien R\u00e9gime<\/strong>, che riappaiono non soltanto in Savoia ma in tutto il Regno di Sardegna.<\/p>\n<p>La <strong>confraternita dei Penitenti Neri<\/strong>, fondata nel maggio 1594, si \u00e8 riformata per svolgere uno dei suoi compiti principali: l\u2019assistenza ai condannati a morte.<\/p>\n<p>La forca \u00e8 stata collocata nella <strong>Place du Verney<\/strong>, vasto piazzale rettangolare al nord della citt\u00e0, al bordo del fiume che la attraversa, la Leysse, dove fin dal finire del XVI secolo si sono eseguite le sentenze capitali.<\/p>\n<p>Sempre il reato di furto e assassinio porta sul patibolo a <strong>Bonneville<\/strong>, marted\u00ec 8 luglio 1817 alle 11:30, Sulpice Chenut, del quale non si conosce la data della sentenza di condanna a morte.<\/p>\n<p><img decoding=\"async\" loading=\"lazy\" class=\"aligncenter size-full\" src=\"https:\/\/s-media-cache-ak0.pinimg.com\/originals\/fa\/ff\/a6\/faffa6bc36f4f81165a04b4ad2c29e2b.jpg\" width=\"960\" height=\"600\" \/><\/p>\n<p>Luned\u00ec 18 maggio 1818, alle 11:30, a <strong>Mo\u00fbtiers<\/strong>, \u00e8 giustiziato l\u2019assassino Jean-Marie Blanc, del quale manca ogni ulteriore notizia.<\/p>\n<p>A Chamb\u00e9ry, gioved\u00ec 18 febbraio 1819, alle 11, Jean-Claude Noiray di 42 anni, \u00e8 impiccato per un infanticidio commesso a <strong>Saint-Baldolph<\/strong>.<\/p>\n<p>\u00c8 la seconda esecuzione capitale eseguita in questa citt\u00e0.<\/p>\n<p>&nbsp;<\/p>\n","protected":false},"excerpt":{"rendered":"<p>di Milo Julini Nella nostra ricognizione delle esecuzioni capitali eseguite in Savoia nel periodo della Restaurazione sabauda nel 1815 sino all\u2019annessione alla Francia,&#8230;<\/p>\n","protected":false},"author":1,"featured_media":3276,"comment_status":"open","ping_status":"open","sticky":false,"template":"","format":"standard","meta":{"footnotes":""},"categories":[26,143,237],"tags":[932,788,931,791,852,35],"_links":{"self":[{"href":"https:\/\/www.piemonteis.org\/index.php?rest_route=\/wp\/v2\/posts\/3274"}],"collection":[{"href":"https:\/\/www.piemonteis.org\/index.php?rest_route=\/wp\/v2\/posts"}],"about":[{"href":"https:\/\/www.piemonteis.org\/index.php?rest_route=\/wp\/v2\/types\/post"}],"author":[{"embeddable":true,"href":"https:\/\/www.piemonteis.org\/index.php?rest_route=\/wp\/v2\/users\/1"}],"replies":[{"embeddable":true,"href":"https:\/\/www.piemonteis.org\/index.php?rest_route=%2Fwp%2Fv2%2Fcomments&post=3274"}],"version-history":[{"count":1,"href":"https:\/\/www.piemonteis.org\/index.php?rest_route=\/wp\/v2\/posts\/3274\/revisions"}],"predecessor-version":[{"id":3277,"href":"https:\/\/www.piemonteis.org\/index.php?rest_route=\/wp\/v2\/posts\/3274\/revisions\/3277"}],"wp:featuredmedia":[{"embeddable":true,"href":"https:\/\/www.piemonteis.org\/index.php?rest_route=\/wp\/v2\/media\/3276"}],"wp:attachment":[{"href":"https:\/\/www.piemonteis.org\/index.php?rest_route=%2Fwp%2Fv2%2Fmedia&parent=3274"}],"wp:term":[{"taxonomy":"category","embeddable":true,"href":"https:\/\/www.piemonteis.org\/index.php?rest_route=%2Fwp%2Fv2%2Fcategories&post=3274"},{"taxonomy":"post_tag","embeddable":true,"href":"https:\/\/www.piemonteis.org\/index.php?rest_route=%2Fwp%2Fv2%2Ftags&post=3274"}],"curies":[{"name":"wp","href":"https:\/\/api.w.org\/{rel}","templated":true}]}}