{"id":3931,"date":"2018-04-23T08:52:15","date_gmt":"2018-04-23T08:52:15","guid":{"rendered":"http:\/\/www.piemonteis.org\/?p=3931"},"modified":"2018-04-23T08:53:45","modified_gmt":"2018-04-23T08:53:45","slug":"cuneo-torna-il-pascolo-al-parco-fluviale-gesso-e-stura","status":"publish","type":"post","link":"https:\/\/www.piemonteis.org\/?p=3931","title":{"rendered":"Cuneo, torna il pascolo al Parco Fluviale Gesso e Stura"},"content":{"rendered":"<p>Di <em>Andrea Elia Rovera<\/em><\/p>\n<p>In questi giorni di primavera caldi ed assolati molti cuneesi come me sono tornati al <a href=\"http:\/\/www.parcofluvialegessostura.it\/\"><strong>Parco Fluviale Gesso<\/strong>\u00a0<\/a>dove hanno potuto rivedere le ottanta capre e pecore che gi\u00e0 lo scorso anno sono scese a Cuneo per pulire rive, pendii e crepacci.\u200b<\/p>\n<figure style=\"width: 960px\" class=\"wp-caption aligncenter\"><img decoding=\"async\" loading=\"lazy\" class=\"size-medium\" src=\"https:\/\/i.pinimg.com\/originals\/f7\/fa\/57\/f7fa57e500fe5f3a4d8a0554dca1a558.jpg\" width=\"960\" height=\"540\" \/><figcaption class=\"wp-caption-text\">Parco fluviale Gesso e Stura<\/figcaption><\/figure>\n<p>\u200bQueste bellissime bestiole sono di propriet\u00e0 di un <strong>pastore di Demonte<\/strong> che con grande spirito di altruismo ha dato la sua disponibilit\u00e0 al capoluogo della Granda per svolgere questo servizio di pulizia e manutenzione naturale delle aree verdi pi\u00f9 impervie dell&#8217;altipiano.<\/p>\n<p><img decoding=\"async\" loading=\"lazy\" class=\"aligncenter size-medium\" src=\"https:\/\/i.pinimg.com\/originals\/46\/c8\/60\/46c860328eb1460780744de8a5c14603.jpg\" width=\"960\" height=\"540\" \/><\/p>\n<p>Da qualche giorno, infatti, nella zona dello Stadio del Nuoto si possono vedere questi <strong>splendidi animali<\/strong> che, con grande laboriosit\u00e0, ruminano l&#8217;erba che hanno strappato da rive e crepacci.<\/p>\n<p>Purtroppo, per\u00f2, a giugno il pastore, il cane Iena, le pecore e le caprette torneranno in alpeggio per vivere un&#8217;estate all&#8217;insegna di <strong>verdi pascoli<\/strong>, acqua sorgiva e aria incontaminata.<\/p>\n<p><img decoding=\"async\" loading=\"lazy\" class=\"aligncenter size-medium\" src=\"https:\/\/i.pinimg.com\/originals\/6f\/3a\/c9\/6f3ac9ef8ae74b7e5075212efce1e077.jpg\" width=\"960\" height=\"540\" \/><\/p>\n<p>Per i molti bambini che in questi giorni si sono fermati a guardare le <strong>caprette<\/strong> nei boschi, nella pineta e sui pendii per\u00f2 c&#8217;\u00e8 una buona notizia: ad aprile dell&#8217;anno prossimo le potranno rivedere perch\u00e9 il pastore ha dato nuovamente disponibilit\u00e0.<\/p>\n<p><img decoding=\"async\" loading=\"lazy\" class=\"aligncenter size-medium\" src=\"https:\/\/i.pinimg.com\/originals\/4d\/17\/8d\/4d178dc86211964aaa61cb95154ba110.jpg\" width=\"960\" height=\"636\" \/><\/p>\n<p>Da buon piemontese devo dire che questa iniziativa del <strong>Comune di Cuneo<\/strong> mi piace molto perch\u00e9 i nostri bambini hanno sempre meno consapevolezza di ci\u00f2 sono la natura, l&#8217;allevamento, la pastorizia, l&#8217;apicoltura e l&#8217;agricoltura in generale.<\/p>\n<p><img decoding=\"async\" loading=\"lazy\" class=\"aligncenter size-medium\" src=\"https:\/\/i.pinimg.com\/originals\/ca\/17\/e7\/ca17e75a11b9e5cb94e39fb6b7d67d2e.jpg\" width=\"960\" height=\"540\" \/><\/p>\n<p>Questo \u00e8 un grande peccato visto che il Piemonte \u00e8 s\u00ec una regione industriale ma, per la maggior parte, la sua economia dipende da <strong>agricoltura<\/strong> e <strong>allevamento<\/strong>. La forza delle tradizioni, l&#8217;importanza del trasmettere la nostra storia e il coraggio di investire sulla cultura contadina sono, senza alcun dubbio, le ricette vincenti per uscire dalla crisi economica che ci affligge ormai dal 2008.<\/p>\n<p><img decoding=\"async\" loading=\"lazy\" class=\"aligncenter size-medium\" src=\"https:\/\/i.pinimg.com\/originals\/b5\/dd\/04\/b5dd04c9a5deba1ced4cb09d55630c4d.jpg\" width=\"960\" height=\"519\" \/><\/p>\n<p><em>Tutte le foto pubblicate sono di Andrea Elia Rovera<\/em><\/p>\n<p>&nbsp;<\/p>\n","protected":false},"excerpt":{"rendered":"<p>Di Andrea Elia Rovera In questi giorni di primavera caldi ed assolati molti cuneesi come me sono tornati al Parco Fluviale Gesso\u00a0dove hanno&#8230;<\/p>\n","protected":false},"author":1,"featured_media":3932,"comment_status":"open","ping_status":"open","sticky":false,"template":"","format":"standard","meta":{"footnotes":""},"categories":[16,15,48],"tags":[465,1947,1943,1945,1946,1944],"_links":{"self":[{"href":"https:\/\/www.piemonteis.org\/index.php?rest_route=\/wp\/v2\/posts\/3931"}],"collection":[{"href":"https:\/\/www.piemonteis.org\/index.php?rest_route=\/wp\/v2\/posts"}],"about":[{"href":"https:\/\/www.piemonteis.org\/index.php?rest_route=\/wp\/v2\/types\/post"}],"author":[{"embeddable":true,"href":"https:\/\/www.piemonteis.org\/index.php?rest_route=\/wp\/v2\/users\/1"}],"replies":[{"embeddable":true,"href":"https:\/\/www.piemonteis.org\/index.php?rest_route=%2Fwp%2Fv2%2Fcomments&post=3931"}],"version-history":[{"count":2,"href":"https:\/\/www.piemonteis.org\/index.php?rest_route=\/wp\/v2\/posts\/3931\/revisions"}],"predecessor-version":[{"id":3934,"href":"https:\/\/www.piemonteis.org\/index.php?rest_route=\/wp\/v2\/posts\/3931\/revisions\/3934"}],"wp:featuredmedia":[{"embeddable":true,"href":"https:\/\/www.piemonteis.org\/index.php?rest_route=\/wp\/v2\/media\/3932"}],"wp:attachment":[{"href":"https:\/\/www.piemonteis.org\/index.php?rest_route=%2Fwp%2Fv2%2Fmedia&parent=3931"}],"wp:term":[{"taxonomy":"category","embeddable":true,"href":"https:\/\/www.piemonteis.org\/index.php?rest_route=%2Fwp%2Fv2%2Fcategories&post=3931"},{"taxonomy":"post_tag","embeddable":true,"href":"https:\/\/www.piemonteis.org\/index.php?rest_route=%2Fwp%2Fv2%2Ftags&post=3931"}],"curies":[{"name":"wp","href":"https:\/\/api.w.org\/{rel}","templated":true}]}}