{"id":411,"date":"2015-02-07T11:32:29","date_gmt":"2015-02-07T11:32:29","guid":{"rendered":"http:\/\/www.piemonteis.org\/?p=411"},"modified":"2015-04-25T08:40:14","modified_gmt":"2015-04-25T08:40:14","slug":"torino-e-la-neve","status":"publish","type":"post","link":"https:\/\/www.piemonteis.org\/?p=411","title":{"rendered":"Torino e la neve"},"content":{"rendered":"<p>Torino e la neve, un rapporto antico e poetico, narrato da scrittori come Gozzano, Pavese, Arpino, Fruttero, Soldati, e immortalato da artisti e pittori, ma anche una questione pratica, da risolvere con provvedimenti efficaci per tenere pulite e percorribili le strade (soprattutto al tempo in cui il clima era pi\u00f9 rigido e le nevicate pi\u00f9 intense e frequenti). Nel 1790 lo sgombero di neve e ghiaccio divent\u00f2 parte integrante del servizio di &#8220;nettamento delle Piazze e Contrade&#8221; <span class=\"text_exposed_show\">della citt\u00e0, gestito dal vicario che affidava l&#8217;incarico ad un&#8217;impresa aggiudicataria. Per rimozione e smaltimento ci si avvaleva del sistema di canali derivati dalla Dora, le doire, utilizzati per trascinare via la neve dalle strade mentre, nelle zone non servite, vigeva l&#8217;obbligo di caricare la neve su appositi carretti per trasportarla in luoghi deputati, siti all&#8217;interno o all&#8217;esterno della cinta urbana. Di seguito due scatti della recente nevicata (piazza San Carlo e piazza Carignano)<\/span><\/p>\n<p><a href=\"http:\/\/www.piemonteis.org\/wp-content\/uploads\/2015\/02\/Torino_piazzasancarlo_neve.jpg\"><img decoding=\"async\" loading=\"lazy\" class=\"alignnone wp-image-412 size-full\" src=\"http:\/\/www.piemonteis.org\/wp-content\/uploads\/2015\/02\/Torino_piazzasancarlo_neve.jpg\" alt=\"Torino_piazzasancarlo_neve\" width=\"960\" height=\"535\" srcset=\"https:\/\/www.piemonteis.org\/wp-content\/uploads\/2015\/02\/Torino_piazzasancarlo_neve.jpg 960w, https:\/\/www.piemonteis.org\/wp-content\/uploads\/2015\/02\/Torino_piazzasancarlo_neve-300x167.jpg 300w, https:\/\/www.piemonteis.org\/wp-content\/uploads\/2015\/02\/Torino_piazzasancarlo_neve-600x334.jpg 600w\" sizes=\"(max-width: 960px) 100vw, 960px\" \/><\/a> <a href=\"http:\/\/www.piemonteis.org\/wp-content\/uploads\/2015\/02\/Torino_piazzacarignano_neve.jpg\"><img decoding=\"async\" loading=\"lazy\" class=\"alignnone wp-image-413 size-full\" src=\"http:\/\/www.piemonteis.org\/wp-content\/uploads\/2015\/02\/Torino_piazzacarignano_neve.jpg\" alt=\"Piazza Carignano neve\" width=\"960\" height=\"632\" srcset=\"https:\/\/www.piemonteis.org\/wp-content\/uploads\/2015\/02\/Torino_piazzacarignano_neve.jpg 960w, https:\/\/www.piemonteis.org\/wp-content\/uploads\/2015\/02\/Torino_piazzacarignano_neve-300x198.jpg 300w, https:\/\/www.piemonteis.org\/wp-content\/uploads\/2015\/02\/Torino_piazzacarignano_neve-600x395.jpg 600w\" sizes=\"(max-width: 960px) 100vw, 960px\" \/><\/a><\/p>\n","protected":false},"excerpt":{"rendered":"<p>Torino e la neve, un rapporto antico e poetico, narrato da scrittori come Gozzano, Pavese, Arpino, Fruttero, Soldati, e immortalato da artisti e&#8230;<\/p>\n","protected":false},"author":1,"featured_media":412,"comment_status":"open","ping_status":"open","sticky":false,"template":"","format":"standard","meta":{"footnotes":""},"categories":[8,14,5,3],"tags":[],"_links":{"self":[{"href":"https:\/\/www.piemonteis.org\/index.php?rest_route=\/wp\/v2\/posts\/411"}],"collection":[{"href":"https:\/\/www.piemonteis.org\/index.php?rest_route=\/wp\/v2\/posts"}],"about":[{"href":"https:\/\/www.piemonteis.org\/index.php?rest_route=\/wp\/v2\/types\/post"}],"author":[{"embeddable":true,"href":"https:\/\/www.piemonteis.org\/index.php?rest_route=\/wp\/v2\/users\/1"}],"replies":[{"embeddable":true,"href":"https:\/\/www.piemonteis.org\/index.php?rest_route=%2Fwp%2Fv2%2Fcomments&post=411"}],"version-history":[{"count":2,"href":"https:\/\/www.piemonteis.org\/index.php?rest_route=\/wp\/v2\/posts\/411\/revisions"}],"predecessor-version":[{"id":415,"href":"https:\/\/www.piemonteis.org\/index.php?rest_route=\/wp\/v2\/posts\/411\/revisions\/415"}],"wp:featuredmedia":[{"embeddable":true,"href":"https:\/\/www.piemonteis.org\/index.php?rest_route=\/wp\/v2\/media\/412"}],"wp:attachment":[{"href":"https:\/\/www.piemonteis.org\/index.php?rest_route=%2Fwp%2Fv2%2Fmedia&parent=411"}],"wp:term":[{"taxonomy":"category","embeddable":true,"href":"https:\/\/www.piemonteis.org\/index.php?rest_route=%2Fwp%2Fv2%2Fcategories&post=411"},{"taxonomy":"post_tag","embeddable":true,"href":"https:\/\/www.piemonteis.org\/index.php?rest_route=%2Fwp%2Fv2%2Ftags&post=411"}],"curies":[{"name":"wp","href":"https:\/\/api.w.org\/{rel}","templated":true}]}}