{"id":458,"date":"2015-03-05T11:15:21","date_gmt":"2015-03-05T11:15:21","guid":{"rendered":"http:\/\/www.piemonteis.org\/?p=458"},"modified":"2015-04-25T08:43:32","modified_gmt":"2015-04-25T08:43:32","slug":"vercelli-uno-scrigno-di-opere-darte-circondato-da-un-paesaggio-disegnato-da-agricoltori","status":"publish","type":"post","link":"https:\/\/www.piemonteis.org\/?p=458","title":{"rendered":"Vercelli, uno scrigno di opere d&#8217;arte circondato da un paesaggio disegnato da agricoltori"},"content":{"rendered":"<p>di Eugenio Buffa di Perrero*<\/p>\n<p>Il Vercellese, estremo lembo della Pianura Padana, si distende ai piedi della corona alpina.<br \/>\nIl Monte Rosa, sempre coronato da nubi, domina campi vastissimi, che ad ogni primavera, vengono allagati per la coltivazione del riso, creando suggestioni lagunari.<br \/>\nIn questo paesaggio disegnato dall&#8217;acqua, ancora oggi, si trova una citt\u00e0 di origine antichissima, che custodisce tesori eccezionali ingiustamente dimenticati: Vercelli.<br \/>\nLa citt\u00e0, abitata gi\u00e0 in tempi remoti, ebbe un ruolo fondamentale sin dall&#8217;Et\u00e0 Romana: qui, nel 371, mor\u00ec Sant&#8217;Eusebio, primo vescovo e patrono del Piemonte e qui, nel 1150, nacque Giacomo Guala Bicchieri, cardinale che, in missione per la Santa Sede, partecip\u00f2 alla stesura della Magna Charta, la pi\u00f9 antica testimonianza della legge costituzionale nel mondo anglosassone.<br \/>\nPer diversi secoli, infatti, Vercelli fu uno dei centri pi\u00f9 vivi della Via Francigena: ogni anno, dal Nord Europa, migliaia di pellegrini raggiungevano Roma, sostando in questa citt\u00e0.<br \/>\nVercelli si arricch\u00ec di pievi, abbazie e chiese meravigliose, dove l&#8217;arte romanica incontrava gli influssi del gotico, come nella Basilica di Sant&#8217;Andrea.<\/p>\n<figure style=\"width: 505px\" class=\"wp-caption alignright\"><a href=\"http:\/\/upload.wikimedia.org\/wikipedia\/commons\/4\/4a\/3580_-_Vercelli_-_Sant%27Andrea_-_Facciata_-_Foto_Giovanni_Dall%27Orto%2C_20_May_2011.jpg\"><img decoding=\"async\" loading=\"lazy\" src=\"http:\/\/upload.wikimedia.org\/wikipedia\/commons\/4\/4a\/3580_-_Vercelli_-_Sant%27Andrea_-_Facciata_-_Foto_Giovanni_Dall%27Orto%2C_20_May_2011.jpg\" alt=\"basilica di Sant'Andrea\" width=\"505\" height=\"1397\" \/><\/a><figcaption class=\"wp-caption-text\">basilica di Sant&#8217;Andrea, By Giovanni Dall&#8217;Orto, Wikimedia Commons<\/figcaption><\/figure>\n<p>Devoti, commercianti ed artisti provenienti da ogni parte del continente passavano per Vercelli pronti a testimoniare la propria fede con preziosissimi \u201cex voto\u201d, opere di oreficeria incastonate da pietre\u00a0 preziose, ed anche documenti rarissimi, tra cui il \u201cVercelli book\u201d,\u00a0 manoscritto in antico sassone del X secolo, oggi gelosamente custodito nella Biblioteca Capitolare.<br \/>\nNel XII secolo, i Monaci Cistercensi bonificarono il territorio circostante e, all\u2019inizio del \u2019400 \u2013 primi in Italia \u2013 introdussero la coltivazione del riso nei terreni dell&#8217;Abbazia di Lucedio, trasformando per sempre la vocazione del territorio che, nei secoli successivi, sarebbe diventato il centro commerciale del riso per tutta Europa.<br \/>\nIn questo paesaggio eccezionale, dove le sfumature dei campi mutano ad ogni stagione, la laboriosa attivit\u00e0 umana ha saputo armoniosamente integrarsi con il ritmo della natura. Non \u00e8 un caso, quindi, che esista tutt&#8217;oggi un \u201cmuseo dedicato alla bellezza\u201d, come recitava una guida su Vercelli del 1894.\u00a0 Si tratta del \u201cMuseo Borgogna\u201d: una raccolta donata dall&#8217;omonimo avvocato che, in un palazzo neoclassico,\u00a0 riunisce capolavori di artisti vercellesi e lombardi del XV e XVII secolo, opere di fiamminghi e olandesi, di rinascimentali veneti e toscani, di paesaggisti settecenteschi e pittori dell&#8217;Ottocento.<\/p>\n<p>*cultore di storia ed enogastronomia piemontese e guida turistica, organizza escursioni alla scoperta del territorio. Sabato 14 marzo porter\u00e0 i suoi ospiti appunto a Vercelli, (per info <a title=\"I TESORI DEL PIEMONTE: VERCELLI\" href=\"http:\/\/www.piemonteis.org\/community\/vercelli_locandina.pdf\" target=\"_blank\">I tesori del Piemonte: Vercelli<\/a>)<\/p>\n","protected":false},"excerpt":{"rendered":"<p>di Eugenio Buffa di Perrero* Il Vercellese, estremo lembo della Pianura Padana, si distende ai piedi della corona alpina. Il Monte Rosa, sempre&#8230;<\/p>\n","protected":false},"author":1,"featured_media":461,"comment_status":"open","ping_status":"open","sticky":false,"template":"","format":"standard","meta":{"footnotes":""},"categories":[8,14,5,3],"tags":[],"_links":{"self":[{"href":"https:\/\/www.piemonteis.org\/index.php?rest_route=\/wp\/v2\/posts\/458"}],"collection":[{"href":"https:\/\/www.piemonteis.org\/index.php?rest_route=\/wp\/v2\/posts"}],"about":[{"href":"https:\/\/www.piemonteis.org\/index.php?rest_route=\/wp\/v2\/types\/post"}],"author":[{"embeddable":true,"href":"https:\/\/www.piemonteis.org\/index.php?rest_route=\/wp\/v2\/users\/1"}],"replies":[{"embeddable":true,"href":"https:\/\/www.piemonteis.org\/index.php?rest_route=%2Fwp%2Fv2%2Fcomments&post=458"}],"version-history":[{"count":5,"href":"https:\/\/www.piemonteis.org\/index.php?rest_route=\/wp\/v2\/posts\/458\/revisions"}],"predecessor-version":[{"id":464,"href":"https:\/\/www.piemonteis.org\/index.php?rest_route=\/wp\/v2\/posts\/458\/revisions\/464"}],"wp:featuredmedia":[{"embeddable":true,"href":"https:\/\/www.piemonteis.org\/index.php?rest_route=\/wp\/v2\/media\/461"}],"wp:attachment":[{"href":"https:\/\/www.piemonteis.org\/index.php?rest_route=%2Fwp%2Fv2%2Fmedia&parent=458"}],"wp:term":[{"taxonomy":"category","embeddable":true,"href":"https:\/\/www.piemonteis.org\/index.php?rest_route=%2Fwp%2Fv2%2Fcategories&post=458"},{"taxonomy":"post_tag","embeddable":true,"href":"https:\/\/www.piemonteis.org\/index.php?rest_route=%2Fwp%2Fv2%2Ftags&post=458"}],"curies":[{"name":"wp","href":"https:\/\/api.w.org\/{rel}","templated":true}]}}