{"id":465,"date":"2015-03-08T18:27:19","date_gmt":"2015-03-08T18:27:19","guid":{"rendered":"http:\/\/www.piemonteis.org\/?p=465"},"modified":"2015-03-08T20:57:08","modified_gmt":"2015-03-08T20:57:08","slug":"castagna-granda-fra-gli-esemplari-piu-vecchi-deuropa","status":"publish","type":"post","link":"https:\/\/www.piemonteis.org\/?p=465","title":{"rendered":"Castagna Granda, fra gli esemplari pi\u00f9 vecchi d&#8217;Europa"},"content":{"rendered":"<p><span id=\"fbPhotoSnowliftCaption\" class=\"fbPhotosPhotoCaption\" tabindex=\"0\" data-ft=\"{&quot;tn&quot;:&quot;K&quot;}\"><span class=\"hasCaption\">Castagna Granda (variet\u00e0 detta della Madonna o Canalina), 400 anni d&#8217;et\u00e0, fra gli esemplari pi\u00f9 vecchi d&#8217;Europa <a class=\"_58cn\" href=\"https:\/\/www.facebook.com\/hashtag\/monteu\" data-ft=\"{&quot;tn&quot;:&quot;*N&quot;,&quot;type&quot;:104}\">#Monteu<\/a> Roero <a class=\"_58cn\" href=\"https:\/\/www.facebook.com\/hashtag\/piemonte\" data-ft=\"{&quot;tn&quot;:&quot;*N&quot;,&quot;type&quot;:104}\">#Piemonte<\/a><\/span><\/span><\/p>\n<p><a href=\"http:\/\/www.piemonteis.org\/wp-content\/uploads\/2015\/03\/castagno_monteu.jpg\"><img decoding=\"async\" loading=\"lazy\" class=\"alignnone wp-image-466 size-full\" src=\"http:\/\/www.piemonteis.org\/wp-content\/uploads\/2015\/03\/castagno_monteu.jpg\" alt=\"castagno_monteu\" width=\"764\" height=\"960\" srcset=\"https:\/\/www.piemonteis.org\/wp-content\/uploads\/2015\/03\/castagno_monteu.jpg 764w, https:\/\/www.piemonteis.org\/wp-content\/uploads\/2015\/03\/castagno_monteu-239x300.jpg 239w, https:\/\/www.piemonteis.org\/wp-content\/uploads\/2015\/03\/castagno_monteu-600x754.jpg 600w\" sizes=\"(max-width: 764px) 100vw, 764px\" \/><\/a><\/p>\n","protected":false},"excerpt":{"rendered":"<p>Castagna Granda (variet\u00e0 detta della Madonna o Canalina), 400 anni d&#8217;et\u00e0, fra gli esemplari pi\u00f9 vecchi d&#8217;Europa #Monteu Roero #Piemonte<\/p>\n","protected":false},"author":1,"featured_media":466,"comment_status":"open","ping_status":"open","sticky":false,"template":"","format":"standard","meta":{"footnotes":""},"categories":[15],"tags":[],"_links":{"self":[{"href":"https:\/\/www.piemonteis.org\/index.php?rest_route=\/wp\/v2\/posts\/465"}],"collection":[{"href":"https:\/\/www.piemonteis.org\/index.php?rest_route=\/wp\/v2\/posts"}],"about":[{"href":"https:\/\/www.piemonteis.org\/index.php?rest_route=\/wp\/v2\/types\/post"}],"author":[{"embeddable":true,"href":"https:\/\/www.piemonteis.org\/index.php?rest_route=\/wp\/v2\/users\/1"}],"replies":[{"embeddable":true,"href":"https:\/\/www.piemonteis.org\/index.php?rest_route=%2Fwp%2Fv2%2Fcomments&post=465"}],"version-history":[{"count":4,"href":"https:\/\/www.piemonteis.org\/index.php?rest_route=\/wp\/v2\/posts\/465\/revisions"}],"predecessor-version":[{"id":470,"href":"https:\/\/www.piemonteis.org\/index.php?rest_route=\/wp\/v2\/posts\/465\/revisions\/470"}],"wp:featuredmedia":[{"embeddable":true,"href":"https:\/\/www.piemonteis.org\/index.php?rest_route=\/wp\/v2\/media\/466"}],"wp:attachment":[{"href":"https:\/\/www.piemonteis.org\/index.php?rest_route=%2Fwp%2Fv2%2Fmedia&parent=465"}],"wp:term":[{"taxonomy":"category","embeddable":true,"href":"https:\/\/www.piemonteis.org\/index.php?rest_route=%2Fwp%2Fv2%2Fcategories&post=465"},{"taxonomy":"post_tag","embeddable":true,"href":"https:\/\/www.piemonteis.org\/index.php?rest_route=%2Fwp%2Fv2%2Ftags&post=465"}],"curies":[{"name":"wp","href":"https:\/\/api.w.org\/{rel}","templated":true}]}}