{"id":5059,"date":"2021-03-09T13:47:40","date_gmt":"2021-03-09T13:47:40","guid":{"rendered":"http:\/\/www.piemonteis.org\/?p=5059"},"modified":"2021-03-09T15:08:49","modified_gmt":"2021-03-09T15:08:49","slug":"il-monastero-cistercense-di-pra-d-mill-in-valle-infernotto","status":"publish","type":"post","link":"https:\/\/www.piemonteis.org\/?p=5059","title":{"rendered":"Il monastero cistercense di Pra &#8216;d Mill in valle Infernotto"},"content":{"rendered":"\n<p>Testo e foto di <em>Paolo Barosso <\/em><\/p>\n\n\n\n<p>Risale al 25 marzo 1998 l\u2019atto ufficiale di fondazione del monastero \u201c<strong>Dominus Tecum<\/strong>\u201d di Pra &#8216;d Mill, firmato dall\u2019abate Nicolas, divenuto poi arcivescovo di Tours in Francia. <\/p>\n\n\n\n<div class=\"wp-block-image\"><figure class=\"aligncenter\"><img decoding=\"async\" src=\"https:\/\/i.pinimg.com\/originals\/f7\/93\/dc\/f793dc2d522f861f227ae57c46238458.jpg\" alt=\"\"\/><\/figure><\/div>\n\n\n\n<p>Il complesso, costruito secondo i crismi dell\u2019architettura tradizionale alpina, \u00e8 situato nella <strong>valle Infernotto<\/strong>, compresa nei territori comunali di Bagnolo Piemonte e di Barge. Simbolicamente il documento \u00e8 stato formalizzato a 900 anni esatti di distanza dalla fondazione, ad opera di san Roberto di Molesmes, dell\u2019<strong>abbazia borgognona di&nbsp;C\u00eeteaux<\/strong>, luogo d\u2019origine del monachesimo cistercense. <\/p>\n\n\n\n<div class=\"wp-block-image\"><figure class=\"aligncenter\"><img decoding=\"async\" src=\"https:\/\/i.pinimg.com\/originals\/09\/f8\/97\/09f8979791da26755bc0e57652a0e391.jpg\" alt=\"\"\/><\/figure><\/div>\n\n\n\n<p>La nascita della comunit\u00e0 di Pra \u2018d Mill si pone infatti in continuit\u00e0 con l\u2019antica e plurisecolare presenza monastica cistercense in Piemonte, che ebbe due dei suoi centri pi\u00f9 importanti nell\u2019abbazia di <strong>Santa Maria di Staffarda<\/strong>, istituita tra il 1122 e il 1138 nelle terre del Marchesato di Saluzzo per iniziativa del marchese Manfredo I, e nell\u2019abbazia di <strong>Santa Maria di Lucedio <\/strong>nel basso Vercellese, fondata nello stesso lasso di tempo, nel 1123, da un gruppo di monaci provenienti dalla Borgogna e chiamati in loco dal marchese aleramico Ranieri di Monferrato. &nbsp;<\/p>\n\n\n\n<div class=\"wp-block-image\"><figure class=\"aligncenter\"><img decoding=\"async\" src=\"https:\/\/i.pinimg.com\/originals\/77\/05\/5d\/77055d426dc7a33734eaafd8fb8837eb.jpg\" alt=\"\"\/><\/figure><\/div>\n\n\n\n<p>Era d&#8217;uso comune nel Medioevo che i signori destinassero per donazione terreni alle comunit\u00e0 monastiche sia come atto di devozione cristiana, sia per incrementare il prestigio dinastico, ma anche \u2013 motivazione non meno rilevante delle prime due &#8211; per i benefici che appezzamenti incolti o mal curati avrebbero tratto dalle <strong>competenze agronomiche<\/strong> dei monaci, in particolare dall\u2019adozione di innovative tecniche agricole, in cui i cistercensi erano specializzati, e dall\u2019approntamento di sistemi d&#8217;irrigazione all&#8217;avanguardia per il periodo. <\/p>\n\n\n\n<div class=\"wp-block-image\"><figure class=\"aligncenter\"><img decoding=\"async\" src=\"https:\/\/i.pinimg.com\/originals\/cc\/c5\/5a\/ccc55a253179b2aa90b1b5d184a1a41a.jpg\" alt=\"\"\/><\/figure><\/div>\n\n\n\n<p>Proprio allacciandosi idealmente a questa prassi medievale, che consent\u00ec la fioritura della vita monastica in Occidente e la modernizzazione dell\u2019agricoltura, i <strong>baroni d\u2019Isola<\/strong>, discendenti dei conti Malingri di Bagnolo, decisero di offrire negli anni Ottanta del Novecento ai monaci cistercensi dell\u2019abbazia di Sant\u2019Onorato, situata su una delle isole dell\u2019<strong>arcipelago di L\u00e9rins<\/strong>, di fronte a Cannes in Provenza, un terreno di loro propriet\u00e0 situato sulle montagne tra Bagnolo e Barge affinch\u00e9 vi facessero nascere un monastero, riportando in Piemonte la spiritualit\u00e0 cistercense. <\/p>\n\n\n\n<div class=\"wp-block-image\"><figure class=\"aligncenter\"><img decoding=\"async\" src=\"https:\/\/i.pinimg.com\/originals\/f9\/39\/ae\/f939ae92a9cd1da35fd46999351d2686.jpg\" alt=\"\"\/><\/figure><\/div>\n\n\n\n<p>I <strong>monaci di L\u00e9rins<\/strong> accettarono l&#8217;offerta e, in pochi anni, la comunit\u00e0 si form\u00f2 e crebbe di numero, provvedendo al restauro di alcune baite gi\u00e0 presenti sul posto e alla costruzione di nuovi locali e della chiesa. <\/p>\n\n\n\n<div class=\"wp-block-image\"><figure class=\"aligncenter\"><img decoding=\"async\" src=\"https:\/\/i.pinimg.com\/originals\/a4\/c0\/26\/a4c026fb563ef30775e5dba4d2f16bb4.jpg\" alt=\"\"\/><\/figure><\/div>\n\n\n\n<p>Seguendo le orme dei loro confratelli del Medioevo, i <strong>monaci di Pra \u2018d Mill<\/strong> sostengono s\u00e9 stessi e il monastero con il \u201clavoro delle loro mani\u201d, come prescrive la Regola di San Benedetto, coltivando piccoli frutti, allevando le api, curando il bosco. <\/p>\n\n\n\n<div class=\"wp-block-image\"><figure class=\"aligncenter\"><img decoding=\"async\" src=\"https:\/\/i.pinimg.com\/originals\/55\/71\/8d\/55718dd6ed12131240eb476d2c03205c.jpg\" alt=\"\"\/><\/figure><\/div>\n\n\n\n<p>Il cuore della produzione monastica \u00e8 rappresentato dalle <strong>confetture<\/strong>, con oltre 30 variet\u00e0 diverse, in cui la quantit\u00e0 ridotta di zuccheri, la cottura sotto vuoto e l\u2019assenza di conservanti fa risaltare il sapore degli ingredienti e mantiene integre le propriet\u00e0 della frutta, e dai <strong>lavori di artigianato<\/strong>, che spaziano dalle icone agli acquerelli, dal rame sbalzato alle pitture ad olio. <\/p>\n\n\n\n<div class=\"wp-block-image\"><figure class=\"aligncenter\"><img decoding=\"async\" src=\"https:\/\/i.pinimg.com\/originals\/51\/93\/76\/51937610953b916aa954cf34ece84853.jpg\" alt=\"\"\/><\/figure><\/div>\n\n\n\n<p>Questi prodotti sono acquistabili presso il <strong>negozio<\/strong> del monastero oppure tramite ordinazione online collegandosi al <strong>sito internet<\/strong> gestito dai monaci <a href=\"http:\/\/www.dominustecum.it\">www.dominustecum.it<\/a> <\/p>\n\n\n\n<div class=\"wp-block-image\"><figure class=\"aligncenter\"><img decoding=\"async\" src=\"https:\/\/i.pinimg.com\/originals\/fb\/f3\/d8\/fbf3d86cb896b9ca2c0142feb5724295.jpg\" alt=\"\"\/><\/figure><\/div>\n","protected":false},"excerpt":{"rendered":"<p>Testo e foto di Paolo Barosso Risale al 25 marzo 1998 l\u2019atto ufficiale di fondazione del monastero \u201cDominus Tecum\u201d di Pra &#8216;d Mill,&#8230;<\/p>\n","protected":false},"author":1,"featured_media":5063,"comment_status":"closed","ping_status":"open","sticky":false,"template":"","format":"standard","meta":{"footnotes":""},"categories":[26,730,495,14,27,241,86],"tags":[2887,2888,1799,109,2884,701,2885,2889,2891,106,2890,206,2882,30,2886,1397,608],"_links":{"self":[{"href":"https:\/\/www.piemonteis.org\/index.php?rest_route=\/wp\/v2\/posts\/5059"}],"collection":[{"href":"https:\/\/www.piemonteis.org\/index.php?rest_route=\/wp\/v2\/posts"}],"about":[{"href":"https:\/\/www.piemonteis.org\/index.php?rest_route=\/wp\/v2\/types\/post"}],"author":[{"embeddable":true,"href":"https:\/\/www.piemonteis.org\/index.php?rest_route=\/wp\/v2\/users\/1"}],"replies":[{"embeddable":true,"href":"https:\/\/www.piemonteis.org\/index.php?rest_route=%2Fwp%2Fv2%2Fcomments&post=5059"}],"version-history":[{"count":3,"href":"https:\/\/www.piemonteis.org\/index.php?rest_route=\/wp\/v2\/posts\/5059\/revisions"}],"predecessor-version":[{"id":5064,"href":"https:\/\/www.piemonteis.org\/index.php?rest_route=\/wp\/v2\/posts\/5059\/revisions\/5064"}],"wp:featuredmedia":[{"embeddable":true,"href":"https:\/\/www.piemonteis.org\/index.php?rest_route=\/wp\/v2\/media\/5063"}],"wp:attachment":[{"href":"https:\/\/www.piemonteis.org\/index.php?rest_route=%2Fwp%2Fv2%2Fmedia&parent=5059"}],"wp:term":[{"taxonomy":"category","embeddable":true,"href":"https:\/\/www.piemonteis.org\/index.php?rest_route=%2Fwp%2Fv2%2Fcategories&post=5059"},{"taxonomy":"post_tag","embeddable":true,"href":"https:\/\/www.piemonteis.org\/index.php?rest_route=%2Fwp%2Fv2%2Ftags&post=5059"}],"curies":[{"name":"wp","href":"https:\/\/api.w.org\/{rel}","templated":true}]}}