{"id":5404,"date":"2021-05-21T10:53:05","date_gmt":"2021-05-21T10:53:05","guid":{"rendered":"http:\/\/www.piemonteis.org\/?p=5404"},"modified":"2021-05-21T13:14:48","modified_gmt":"2021-05-21T13:14:48","slug":"la-carrozza-di-tutti-il-classico-libro-di-de-amicis-riproposto-da-editrice-il-punto-piemonte-in-bancarella","status":"publish","type":"post","link":"https:\/\/www.piemonteis.org\/?p=5404","title":{"rendered":"La &#8220;Carrozza di tutti&#8221;, il classico libro di De Amicis riproposto da Editrice Il Punto &#8211; Piemonte in Bancarella"},"content":{"rendered":"\n<p>di Redazione<\/p>\n\n\n\n<p>\u201c<strong>La carrozza di tutti<\/strong>\u201d \u00e8 un libro di <strong>Edmondo De Amicis <\/strong>che nasce dalla sua frequentazione, nell\u2019anno 1896, dei tram a cavalli delle quattordici linee che al tempo percorrevano la nostra citt\u00e0. <\/p>\n\n\n\n<div class=\"wp-block-image\"><figure class=\"aligncenter\"><img decoding=\"async\" src=\"https:\/\/i.pinimg.com\/originals\/ac\/ce\/53\/acce533f3611316fbe2a57fa73342082.jpg\" alt=\"\"\/><\/figure><\/div>\n\n\n\n<p>Passeggero attento e curioso, De Amicis annota gli episodi che avvengono nel mezzo di trasporto, frequentato da personaggi di ogni genere e di ogni condizione sociale (la <em>carrozza di tutti<\/em>, appunto): nasce cos\u00ec il libro, pubblicato nel 1899 che propone un affresco della vita quotidiana cittadina e un vivido <strong>ritratto dei torinesi<\/strong> di fine Ottocento.<\/p>\n\n\n\n<p>Il volume rappresenta un reportage appassionante e curato della Torino d\u2019allora che trasporta idealmente il lettore per le vie di una citt\u00e0 ancora alla ricerca di un\u2019identit\u00e0, fra gli <strong>antichi fasti di capitale del Regno<\/strong> e la crescente vocazione industriale, fra conflitti sociali e tensioni politiche. <\/p>\n\n\n\n<p>\u201cLa carrozza di tutti\u201d \u00e8 strutturato in dodici capitoli dedicati ai mesi dell\u2019anno, a loro volta suddivisi in singoli episodi (<em>I cappellini delle signore<\/em>, <em>Inconvenienti dei tranvai<\/em>, <em>La festa dello Statuto<\/em>, <em>I primi calori, La signora e l\u2019erbivendola<\/em>\u2026), i cui protagonisti propongono gli svariati <strong>quadretti di vita cittadina<\/strong>. Nasce cos\u00ec un magistrale e raffinato affresco del capoluogo subalpino, colto dall\u2019originale prospettiva della piattaforma del tram a cavalli, palcoscenico sul quale frammenti della vita quotidiana di cittadini qualunque, attori inconsapevoli, si intrecciano e si confondono in un caleidoscopio di personaggi, luoghi, avvenimenti, storie, gesti, pensieri e sentimenti.<\/p>\n\n\n\n<p>Editrice Il Punto \u2013 Piemonte in Bancarella ripropone\nquesto classico volume in una edizione a cura di <strong>Stefano A. Cerrato<\/strong> e <strong>Antonella\nGrosso<\/strong>, qualificati esponenti dell\u2019Associazione Torinese Tram Storici.<\/p>\n\n\n\n<p>Nella loro Prefazione, dal titolo \u201c<em>Edmondo De Amicis, Torino, i tram: un legame tra passato e futuro<\/em>\u201d, illustrano&nbsp; come il <strong>progetto di ripubblicazione<\/strong> de \u201cLa carrozza di tutti\u201d sia stato avviato nel 2011 con il patrocinio del Comitato Italia 150 e del Comitato nazionale per le celebrazioni del 150\u00b0 anniversario dell\u2019Unit\u00e0 d\u2019Italia, in stretto collegamento con la realizzazione e l\u2019avvio della \u00ablinea tranviaria storica\u00bb in servizio nella citt\u00e0 di Torino dal 27 marzo 2011, un progetto primo e unico nel suo genere nel nostro Paese, promosso dall\u2019Associazione Torinese Tram Storici, che introduce a Torino il modello di \u00abmuseo in movimento\u00bb gi\u00e0 sperimentato a Oporto, Rotterdam, Stoccolma, New Orleans.<\/p>\n\n\n\n<p>Importante la loro precisazione metodologica: \u00ab<em>Al fine di contestualizzare il lavoro del De Amicis nel quadro della <strong>Torino di fine Ottocento<\/strong>, abbiamo arricchito il volume con alcuni saggi di qualificati esperti, con l\u2019inserto di un ricco apparato fotografico d\u2019epoca (oltre cinquanta foto ed immagini di fine secolo tratte dagli archivi storici), con l\u2019aggiunta di ampie note a pi\u00e8 di pagina ed approfondimenti<\/em>\u00bb.<\/p>\n\n\n\n<p>Oltre alla brillante <em>Presentazione<\/em> dello scrittore torinese <strong>Giuseppe\nCulicchia<\/strong>, \u201cLa carrozza di tutti\u201d \u00e8 arricchito da due corposi saggi.<\/p>\n\n\n\n<div class=\"wp-block-image\"><figure class=\"aligncenter\"><img decoding=\"async\" src=\"https:\/\/i.pinimg.com\/originals\/31\/60\/64\/316064ca73cccaa0f7ac84745cd8e023.jpg\" alt=\"\"\/><figcaption>Ritratto di Edmondo De Amicis <\/figcaption><\/figure><\/div>\n\n\n\n<p>Il primo, \u201c<em>Torino ai tempi del tram. La citt\u00e0 vista da una \u00ablanterna\nmagica\u00bb<\/em>\u201d, \u00e8 opera di <strong>Valentina Bezzi<\/strong>, studiosa di italianistica. Il\nsecondo, \u201c<em>Il tramway al tempo di De Amicis: rete e linee nella Torino di\nfine Ottocento<\/em>\u201d, scritto da <strong>Antonio Accattatis<\/strong>, esperto del\ntrasporto pubblico torinese, costituisce una trattazione veramente esaustiva\ndel tema. <\/p>\n\n\n\n<p>All\u2019opera preziosa degli specialisti si unisce il ricco e documentato apparato\niconografico con numerose foto d\u2019epoca che offrono una suggestiva immagine\nvisiva di quanto scritto nel testo. E ancora gli <em>approfondimenti<\/em>, che illustrano\ni riferimenti alla grande Storia presenti nel testo. <\/p>\n\n\n\n<p>Come si \u00e8 detto, il libro \u00e8 ambientato nell\u2019anno 1896 e nei mezzi pubblici si parla della \u201c<strong>guerra d\u2019Abissinia<\/strong>\u201d, combattuta tra il dicembre del 1895 e l\u2019ottobre del 1896 con l\u2019Impero d\u2019Etiopia, e di altri episodi di politica internazionale e nazionale, come ad esempio la festa del 1\u00b0 maggio, istituita in Italia soltanto dal 1890. &nbsp;Strategici box opportunamente inseriti nel testo analizzano e chiariscono questi richiami storici, in modo da permettere al lettore di chiarirsi le idee senza perdere il filo della lettura. &nbsp;&nbsp;&nbsp;<\/p>\n\n\n\n<p>Un\u2019opera preziosa, quindi, che offre ai cultori di storia torinese un\nprezioso strumento di conoscenza e approfondimento attraverso molteplici chiavi\ndi lettura del classico testo di De Amicis.<\/p>\n\n\n\n<p><strong><em>Edmondo Maria Alberto De Amicis<\/em><\/strong> (Oneglia, 21 ottobre 1846 \u2013\nBordighera, 11 marzo 1908), torinese di adozione, \u00e8 fra gli scrittori che pi\u00f9\nha influenzato le generazioni dei giovani a cavallo fra la fine dell\u2019Ottocento\ne il primo conflitto mondiale, mantenendo anche nei decenni successivi ed oggi\nancora un posto di primo piano nella letteratura italiana. Autore di numerosi\nlavori, oltre al pi\u00f9 noto di tutti, Cuore (1886), viene ricordato per Racconti\nmilitari. Libro di lettura ad uso delle scuole dell\u2019esercito (1869), Alle porte\nd\u2019Italia (1884), Amore e ginnastica (1892), Gli azzurri e i rossi (1897), Le\ntre capitali. Torino, Firenze, Roma (1898), L\u2019idioma gentile (1905).<\/p>\n\n\n\n<p><strong><em>Stefano A. Cerrato<\/em><\/strong> (Torino, 12 luglio 1977) \u00e8 avvocato e\nprofessore ordinario di diritto commerciale nell\u2019Universit\u00e0 di Torino.\nAppassionato di storia e cultore delle tradizioni piemontesi, opera da quindici\nanni nell\u2019Associazione Torinese Tram Storici. \u00c8 cavaliere della Repubblica per\nmeriti scientifici, cavaliere mauriziano e ufficiale di complemento dell\u2019esercito.<\/p>\n\n\n\n<p><strong><em>Antonella Grosso<\/em><\/strong> (Torino, 9 novembre 1983) dopo la laurea in materie scientifiche si \u00e8 dedicata all\u2019attivit\u00e0 editoriale come redattrice giuridica ed \u00e8 oggi parte dello staff esecutivo di uno dei pi\u00f9 antichi e prestigiosi studi notarili di Torino; \u00e8 socia dell\u2019Associazione Torinese Tram Storici e collabora con passione e curiosit\u00e0 ai progetti di recupero, restauro e valorizzazione del patrimonio storico e culturale del trasporto pubblico cittadino.<\/p>\n\n\n\n<p style=\"text-align:center\"><em>Edmondo De Amicis<br> <strong>La carrozza di tutti<\/strong><br> A spasso in tram per la Torino di fine \u2019800 a cura di Stefano A. Cerrato e Antonella Grosso<br> Editrice Il Punto \u2013 Piemonte in Bancarella \u2013 Torino \u2013 2021<br> Ricco di illustrazioni &#8211; pag. 480 &#8211; \u20ac 22,00 &#8211; ISBN 9788868040703<\/em><\/p>\n\n\n\n<p style=\"text-align:center\"><\/p>\n","protected":false},"excerpt":{"rendered":"<p>di Redazione \u201cLa carrozza di tutti\u201d \u00e8 un libro di Edmondo De Amicis che nasce dalla sua frequentazione, nell\u2019anno 1896, dei tram a&#8230;<\/p>\n","protected":false},"author":1,"featured_media":5408,"comment_status":"closed","ping_status":"open","sticky":false,"template":"","format":"standard","meta":{"footnotes":""},"categories":[495,10],"tags":[3176,3172,3171,3173,3175,2643,2644,3177,29,3174],"_links":{"self":[{"href":"https:\/\/www.piemonteis.org\/index.php?rest_route=\/wp\/v2\/posts\/5404"}],"collection":[{"href":"https:\/\/www.piemonteis.org\/index.php?rest_route=\/wp\/v2\/posts"}],"about":[{"href":"https:\/\/www.piemonteis.org\/index.php?rest_route=\/wp\/v2\/types\/post"}],"author":[{"embeddable":true,"href":"https:\/\/www.piemonteis.org\/index.php?rest_route=\/wp\/v2\/users\/1"}],"replies":[{"embeddable":true,"href":"https:\/\/www.piemonteis.org\/index.php?rest_route=%2Fwp%2Fv2%2Fcomments&post=5404"}],"version-history":[{"count":3,"href":"https:\/\/www.piemonteis.org\/index.php?rest_route=\/wp\/v2\/posts\/5404\/revisions"}],"predecessor-version":[{"id":5410,"href":"https:\/\/www.piemonteis.org\/index.php?rest_route=\/wp\/v2\/posts\/5404\/revisions\/5410"}],"wp:featuredmedia":[{"embeddable":true,"href":"https:\/\/www.piemonteis.org\/index.php?rest_route=\/wp\/v2\/media\/5408"}],"wp:attachment":[{"href":"https:\/\/www.piemonteis.org\/index.php?rest_route=%2Fwp%2Fv2%2Fmedia&parent=5404"}],"wp:term":[{"taxonomy":"category","embeddable":true,"href":"https:\/\/www.piemonteis.org\/index.php?rest_route=%2Fwp%2Fv2%2Fcategories&post=5404"},{"taxonomy":"post_tag","embeddable":true,"href":"https:\/\/www.piemonteis.org\/index.php?rest_route=%2Fwp%2Fv2%2Ftags&post=5404"}],"curies":[{"name":"wp","href":"https:\/\/api.w.org\/{rel}","templated":true}]}}