{"id":5471,"date":"2021-06-20T15:48:11","date_gmt":"2021-06-20T15:48:11","guid":{"rendered":"http:\/\/www.piemonteis.org\/?p=5471"},"modified":"2021-06-20T15:48:12","modified_gmt":"2021-06-20T15:48:12","slug":"giugno-la-lavanda-in-fiore-nei-campi-del-piemonte","status":"publish","type":"post","link":"https:\/\/www.piemonteis.org\/?p=5471","title":{"rendered":"Giugno, la lavanda in fiore nei campi del Piemonte"},"content":{"rendered":"\n<p>Testo e foto di Paolo Barosso <\/p>\n\n\n\n<p>Tra boschi, vigne e noccioleti, le colline di <strong>Castelnuovo Don Bosco <\/strong>nell&#8217;Astesana appaiono punteggiate in questi giorni dal blu della lavanda in fiore nei campi di Cascina Gelosia. <\/p>\n\n\n\n<div class=\"wp-block-image\"><figure class=\"aligncenter\"><img decoding=\"async\" src=\"https:\/\/i.pinimg.com\/originals\/81\/0f\/f7\/810ff7c8ae17683e96da6f8c50fa095f.jpg\" alt=\"\"\/><\/figure><\/div>\n\n\n\n<p>La <strong>lavanda <\/strong>(il nome deriva dal latino, in riferimento all&#8217;usanza diffusa nel Medioevo di &#8220;lavarsi&#8221; il corpo con l&#8217;acqua aromatizzata con l&#8217;essenza o il fiore di questa pianta) cresce spontanea sotto i 500 metri d&#8217;altitudine, in terreni asciutti, esposti al sole e con buon contenuto di calcare, ma \u00e8 tradizionalmente coltivata in Provenza e anche in alcune <strong>zone del Piemonte<\/strong>, dove si adoperano in prevalenza le due specie della Lavanda vera (&#8220;Lavandula officinalis&#8221;) e del Lavandino (un ibrido tra la &#8220;Lavandula officinalis&#8221; e la &#8220;Lavandula latifolia&#8221;). <\/p>\n\n\n\n<div class=\"wp-block-image\"><figure class=\"aligncenter\"><img decoding=\"async\" src=\"https:\/\/i.pinimg.com\/originals\/03\/cf\/65\/03cf65c3d485f22ba4a5d27f0d7f18dc.jpg\" alt=\"\"\/><\/figure><\/div>\n\n\n\n<p>Il periodo della prima e pi\u00f9 intensa <strong>fioritura<\/strong>, che pu\u00f2 variare a seconda delle condizioni climatiche, \u00e8 compreso tra la met\u00e0 di giugno e il principio di luglio, con una seconda fioritura a a fine estate, nel mese di settembre. <\/p>\n\n\n\n<div class=\"wp-block-image\"><figure class=\"aligncenter\"><img decoding=\"async\" src=\"https:\/\/i.pinimg.com\/originals\/94\/b9\/57\/94b957537a7755ef00f683c701427d01.jpg\" alt=\"\"\/><\/figure><\/div>\n\n\n\n<p>Tra le zone del Piemonte in cui si possono ammirare i <strong>campi di lavanda<\/strong> in fiore, segnaliamo, oltre all&#8217;Astigiano, le valli cuneesi con <strong>Demonte in valle Stura<\/strong>, dove la coltivazione di questa pianta (chiamata &#8220;iz\u00f2p&#8221; in provenzale alpino), adoperata soprattutto per scopi farmaceutici, si pratica dalla met\u00e0 dell&#8217;Ottocento (qui opera &#8220;Rocchia Distillerie&#8221; per la produzione dell&#8217;<strong>olio essenziale<\/strong>), e la <strong>borgata di Andonno<\/strong>, oggi frazione di Valdieri, in cui si celebra annualmente la &#8220;Festa della Lavanda&#8221;.  <\/p>\n\n\n\n<div class=\"wp-block-image\"><figure class=\"aligncenter\"><img decoding=\"async\" src=\"https:\/\/i.pinimg.com\/originals\/5c\/69\/6f\/5c696f4778b44110d4ecdd7449d07c75.jpg\" alt=\"\"\/><\/figure><\/div>\n\n\n\n<p>Nelle Alte Langhe troviamo campi di lavanda sulle colline di <strong>Sale San Giovanni<\/strong>, caratteristico borgo di sommit\u00e0 dominato dal castello &#8220;marchesi Incisa di Camerana&#8221; che ogni anno ospita &#8220;Non solo erbe, Fiera delle Erbe officinali ed aromatiche&#8221;, mentre in provincia di Alessandria si segnalano coltivazioni nell&#8217;Alto Monferrato acquese, a <strong>Castelletto d&#8217;Erro<\/strong>, sullo spartiacque tra valle Bormida e valle dell&#8217;Erro, e nei dintorni di <strong>Spigno Monferrato<\/strong>, nel Monferrato Casalese, con i paesi di Cuccaro e di Lu, e sui colli tortonesi, presso Viguzzolo. <\/p>\n\n\n\n<div class=\"wp-block-image\"><figure class=\"aligncenter\"><img decoding=\"async\" src=\"https:\/\/i.pinimg.com\/originals\/b8\/0e\/c0\/b80ec07116738b1c080cf2ee6db861b3.jpg\" alt=\"\"\/><\/figure><\/div>\n\n\n\n<p>Anche nella <strong>pianura novarese<\/strong>, pur caratterizzata dal dominio incontrastato della risaia, si sta affacciando la coltivazione della lavanda, ad esempio nei campi creati nel 2019 dalla famiglia Bianchi nel comune di <strong>Cameri<\/strong>, dietro la storica villa Picchetta, sede dell&#8217;Ente di gestione delle aree protette del Ticino e del lago Maggiore.  <\/p>\n","protected":false},"excerpt":{"rendered":"<p>Testo e foto di Paolo Barosso Tra boschi, vigne e noccioleti, le colline di Castelnuovo Don Bosco nell&#8217;Astesana appaiono punteggiate in questi giorni&#8230;<\/p>\n","protected":false},"author":1,"featured_media":5472,"comment_status":"closed","ping_status":"open","sticky":false,"template":"","format":"standard","meta":{"footnotes":""},"categories":[26,2321,7,14,15,27],"tags":[110,421,3262,203,3258,3256,3260,701,1947,205,848,3259,105,418,30,1397,3257,3263,3261,1538],"_links":{"self":[{"href":"https:\/\/www.piemonteis.org\/index.php?rest_route=\/wp\/v2\/posts\/5471"}],"collection":[{"href":"https:\/\/www.piemonteis.org\/index.php?rest_route=\/wp\/v2\/posts"}],"about":[{"href":"https:\/\/www.piemonteis.org\/index.php?rest_route=\/wp\/v2\/types\/post"}],"author":[{"embeddable":true,"href":"https:\/\/www.piemonteis.org\/index.php?rest_route=\/wp\/v2\/users\/1"}],"replies":[{"embeddable":true,"href":"https:\/\/www.piemonteis.org\/index.php?rest_route=%2Fwp%2Fv2%2Fcomments&post=5471"}],"version-history":[{"count":1,"href":"https:\/\/www.piemonteis.org\/index.php?rest_route=\/wp\/v2\/posts\/5471\/revisions"}],"predecessor-version":[{"id":5473,"href":"https:\/\/www.piemonteis.org\/index.php?rest_route=\/wp\/v2\/posts\/5471\/revisions\/5473"}],"wp:featuredmedia":[{"embeddable":true,"href":"https:\/\/www.piemonteis.org\/index.php?rest_route=\/wp\/v2\/media\/5472"}],"wp:attachment":[{"href":"https:\/\/www.piemonteis.org\/index.php?rest_route=%2Fwp%2Fv2%2Fmedia&parent=5471"}],"wp:term":[{"taxonomy":"category","embeddable":true,"href":"https:\/\/www.piemonteis.org\/index.php?rest_route=%2Fwp%2Fv2%2Fcategories&post=5471"},{"taxonomy":"post_tag","embeddable":true,"href":"https:\/\/www.piemonteis.org\/index.php?rest_route=%2Fwp%2Fv2%2Ftags&post=5471"}],"curies":[{"name":"wp","href":"https:\/\/api.w.org\/{rel}","templated":true}]}}