{"id":6042,"date":"2022-06-18T14:53:55","date_gmt":"2022-06-18T14:53:55","guid":{"rendered":"http:\/\/www.piemonteis.org\/?p=6042"},"modified":"2022-06-18T14:53:57","modified_gmt":"2022-06-18T14:53:57","slug":"il-25-e-26-giugno-ad-almese-si-celebra-il-vino-baratuciat","status":"publish","type":"post","link":"https:\/\/www.piemonteis.org\/?p=6042","title":{"rendered":"Il 25 e 26 giugno ad Almese si celebra il vino Baratuciat"},"content":{"rendered":"\n<p>di Paolo Barosso<\/p>\n\n\n\n<p>\u201c<strong>Baratuciat Vitigno diVino: sagra dei vini e dei prodotti tipici della valle di Susa<\/strong>\u201d: \u00e8 questo il titolo della manifestazione enogastronomica, all&#8217;insegna della riscoperta delle tradizioni, che animer\u00e0 il comune valsusino di Almese nel fine settimana di sabato 25 e domenica 26 giugno. <\/p>\n\n\n\n<div class=\"wp-block-image\"><figure class=\"aligncenter size-large\"><img decoding=\"async\" src=\"https:\/\/i.pinimg.com\/originals\/ff\/84\/68\/ff84688bb967f44787ed6ebf4afd4a12.jpg\" alt=\"\"\/><figcaption>Giuliano Bosio di Agriforest con un grappolo di Baratuci\u00e0t<\/figcaption><\/figure><\/div>\n\n\n\n<p>Protagonista dell&#8217;evento sar\u00e0 il <strong>Baratuci\u00e0t, <\/strong>vitigno raro a bacca bianca, estesamente coltivato, almeno fino ai primi del Novecento, sui pendii assolati del versante montano di <strong>Almese,<\/strong> Rubiana e Villar Dora, ma anche sui terreni morenici del sistema collinare Rivoli-Avigliana.<\/p>\n\n\n\n<p>Giunto a un passo dall\u2019estinzione, il Baratuci\u00e0t \u00e8 stato in tempi recenti riscoperto e valorizzato, inizialmente grazie all\u2019opera pionieristica dell&#8217;<strong>almesino Giorgio Falca<\/strong>, che negli anni Novanta ne speriment\u00f2 la vinificazione in purezza, seguendo le indicazioni della Facolt\u00e0 di Agraria di Torino e con l&#8217;ausilio dell&#8217;Istituto Bonafous di Chieri, e in seguito con il contributo determinante di un <strong>gruppo di piccoli coltivatori<\/strong>, che hanno strappato all\u2019abbandono gli appezzamenti vitati attorno ad Almese, abbandonati negli anni Sessanta dai contadini della zona ormai divenuti operai nelle fabbriche del fondovalle.<\/p>\n\n\n\n<div class=\"wp-block-image\"><figure class=\"aligncenter size-large\"><img decoding=\"async\" src=\"https:\/\/i.pinimg.com\/originals\/f2\/62\/4b\/f2624bdef1b1f5f587f85d1ca0380b6a.jpg\" alt=\"\"\/><\/figure><\/div>\n\n\n\n<p>Tra i principali artefici della rinascita della viticoltura ad Almese vi \u00e8 <strong>Giuliano Bosio dell\u2019azienda Agriforest<\/strong>, che nei 15 ettari di propriet\u00e0 sui versanti a solat\u00eco di\u00a0Almese\u00a0ha riconvertito tre ettari di terreno incolto in vigneto, uliveto, noceto e frutteto. <\/p>\n\n\n\n<p>La conduzione \u00e8 familiare e la produzione ha numeri limitati e dedicati alla salvaguardia della biodiversit\u00e0. Le operazioni colturali sono orientate al rispetto dell&#8217;ambiente, con l&#8217;<strong>inerbimento dei filari<\/strong> che evita l&#8217;erosione del terreno, l&#8217;uso esclusivo di concimi organici, la conduzione dalla potatura e la raccolta rigorosamente manuali.\u00a0<\/p>\n\n\n\n<div class=\"wp-block-image\"><figure class=\"aligncenter size-large\"><img decoding=\"async\" src=\"https:\/\/i.pinimg.com\/originals\/d9\/91\/72\/d99172c9dc17e4d98ca90449e04b900f.jpg\" alt=\"\"\/><\/figure><\/div>\n\n\n\n<p>Vitigno precoce e vigoroso, il Baratuci\u00e0t \u00e8 ricordato dai viticoltori locali, nelle zone ove era tradizionalmente presente, con varianti del nome come &#8220;Bertacuci\u00e0t&#8221; o &#8220;Berlu &#8216;d ci\u00e0t&#8221;, mentre la prima attestazione scritta \u00e8 contenuta nel <strong>Bollettino Ampelografico <\/strong>del 1877, che lo menziona come &#8220;<strong>Berlon &#8216;d ciat bianco<\/strong>&#8220;. La variet\u00e0, pur iscritta nel Registro Nazionale delle Variet\u00e0 di Vite come idonea alla coltura\u00a0in\u00a0Piemonte, non rientra ancora nella Denominazione di Origine Valsusa DOC, ma \u00e8 oggi generalmente vinificata in purezza, con esiti sempre pi\u00f9 apprezzati dal pubblico.<\/p>\n\n\n\n<p>L\u2019evento di Almese \u00e8 una delle iniziative che rientrano nel&nbsp;<strong>progetto Interreg ALCOTRA \u201cVI.A. Tour\u201d<\/strong>, naturale evoluzione del precedente progetto della&nbsp;<strong>Strada dei Vigneti Alpini<\/strong>, che ha delineato, a partire dal 2017, un&nbsp;<strong>percorso virtuale di scoperta della viticoltura di montagna tra Valle d\u2019Aosta, Piemonte e Savoia<\/strong>, portando negli anni alla definizione di nuovi&nbsp;itinerari di scoperta enoturistica sui due versanti delle Alpi Occidentali, con importanti risvolti economici, sociali, storici e culturali.<\/p>\n\n\n\n<div class=\"wp-block-image\"><figure class=\"aligncenter size-large\"><img decoding=\"async\" src=\"https:\/\/i.pinimg.com\/originals\/4a\/07\/a7\/4a07a78a78eaf30a5e7d53b710728507.jpg\" alt=\"\"\/><figcaption>Giuliano Bosio, produttore di Baratuci\u00e0t<\/figcaption><\/figure><\/div>\n\n\n\n<p class=\"has-text-align-center\"><strong>IL PROGRAMMA<\/strong><\/p>\n\n\n\n<p>Dopo le degustazioni, in programma venerd\u00ec 24 giugno dale ore 20 alle 23 nella palestra dell\u2019Istituto comprensivo di&nbsp;Almese, la Sagra del Batuciat valsusino entrer\u00e0 nel vivo sabato 25 con l\u2019apertura alle ore 8.30 del&nbsp;<strong>mercatino dei produttori agroalimentari locali<\/strong>, mentre i&nbsp;banchi dei viticoltori&nbsp;saranno allestiti&nbsp;dalle 14.30 alle 22.30 in piazza Martiri della Libert\u00e0, pedonalizzata per l\u2019occasione a partire dalle 16.<\/p>\n\n\n\n<p>Alle &nbsp;ore 17&nbsp;\u00e8 in programma la premiazione dei lavori partecipanti al&nbsp;concorso per i loghi e <strong>l\u2019etichetta celebrativa del Baratuciat&nbsp;<\/strong>indetto dall\u2019Istituto comprensivo di&nbsp;Almese.&nbsp;<\/p>\n\n\n\n<div class=\"wp-block-image\"><figure class=\"aligncenter size-large\"><img decoding=\"async\" src=\"https:\/\/i.pinimg.com\/originals\/78\/ac\/5f\/78ac5f7affcb9e0d29fd31d10b27d476.jpg\" alt=\"\"\/><\/figure><\/div>\n\n\n\n<p>Domenica 26 giugno, sempre in piazza Martiri della Libert\u00e0, torner\u00e0 attivo, dalle ore 8.30 alle 19.30\u00a0il\u00a0<strong>mercatino dei viticoltori produttori di Baratuciat <\/strong>e dei produttori del \u201cGusto Valsusa\u201d, ma vi sar\u00e0 anche spazio per l\u2019arte, con il concorso estemporaneo di pittura \u201cArte in Vigna\u201d, in programma a borgata Morando a partire dalle 9, e per le escursioni nella natura valsusina, con il giro in biciletta lungo la Dora previsto alle ore 17. L\u2019aperitivo delle ore 19, a cura dei banchi dei viticoltori,\u00a0e la\u00a0musica celtica in serata, con inizio alle 21,\u00a0chiuderanno il programma della Sagra.<\/p>\n\n\n\n<p>Fonte: <a href=\"https:\/\/www.piemontetopnews.it\/il-vino-baratuciat-protagonista-ad-almese-il-25-e-16-giugno\/?fbclid=IwAR2Ij9Rq1kfdpvXIUJy6WKDna_e_ix_fsA_boNwYFoouqRua47E2fLvDgxc\">Piemonte Top News<\/a><\/p>\n","protected":false},"excerpt":{"rendered":"<p>di Paolo Barosso \u201cBaratuciat Vitigno diVino: sagra dei vini e dei prodotti tipici della valle di Susa\u201d: \u00e8 questo il titolo della manifestazione&#8230;<\/p>\n","protected":false},"author":1,"featured_media":6044,"comment_status":"closed","ping_status":"open","sticky":false,"template":"","format":"standard","meta":{"footnotes":""},"categories":[26,2321,295,2,14,27,293,297,86,11],"tags":[3847,3845,2897,1275,3842,3848,3846,3849,476,3844,3298,29,562,370,3843,38],"_links":{"self":[{"href":"https:\/\/www.piemonteis.org\/index.php?rest_route=\/wp\/v2\/posts\/6042"}],"collection":[{"href":"https:\/\/www.piemonteis.org\/index.php?rest_route=\/wp\/v2\/posts"}],"about":[{"href":"https:\/\/www.piemonteis.org\/index.php?rest_route=\/wp\/v2\/types\/post"}],"author":[{"embeddable":true,"href":"https:\/\/www.piemonteis.org\/index.php?rest_route=\/wp\/v2\/users\/1"}],"replies":[{"embeddable":true,"href":"https:\/\/www.piemonteis.org\/index.php?rest_route=%2Fwp%2Fv2%2Fcomments&post=6042"}],"version-history":[{"count":2,"href":"https:\/\/www.piemonteis.org\/index.php?rest_route=\/wp\/v2\/posts\/6042\/revisions"}],"predecessor-version":[{"id":6045,"href":"https:\/\/www.piemonteis.org\/index.php?rest_route=\/wp\/v2\/posts\/6042\/revisions\/6045"}],"wp:featuredmedia":[{"embeddable":true,"href":"https:\/\/www.piemonteis.org\/index.php?rest_route=\/wp\/v2\/media\/6044"}],"wp:attachment":[{"href":"https:\/\/www.piemonteis.org\/index.php?rest_route=%2Fwp%2Fv2%2Fmedia&parent=6042"}],"wp:term":[{"taxonomy":"category","embeddable":true,"href":"https:\/\/www.piemonteis.org\/index.php?rest_route=%2Fwp%2Fv2%2Fcategories&post=6042"},{"taxonomy":"post_tag","embeddable":true,"href":"https:\/\/www.piemonteis.org\/index.php?rest_route=%2Fwp%2Fv2%2Ftags&post=6042"}],"curies":[{"name":"wp","href":"https:\/\/api.w.org\/{rel}","templated":true}]}}