{"id":6548,"date":"2023-03-18T11:16:32","date_gmt":"2023-03-18T11:16:32","guid":{"rendered":"https:\/\/www.piemonteis.org\/?p=6548"},"modified":"2023-03-18T11:16:33","modified_gmt":"2023-03-18T11:16:33","slug":"ripartono-a-cafasse-le-competizioni-tra-le-reines-le-vacche-regine-delle-valli-di-lanzo","status":"publish","type":"post","link":"https:\/\/www.piemonteis.org\/?p=6548","title":{"rendered":"Ripartono a Cafasse le competizioni tra le \u201cReines\u201d, le vacche \u201cRegine\u201d delle valli di Lanzo"},"content":{"rendered":"\n<p>di Redazione<\/p>\n\n\n\n<p>A partire da&nbsp;domenica 26 marzo a&nbsp;<strong>Cafasse<\/strong>&nbsp;(To)&nbsp;torna il circuito dei&nbsp;confronti&nbsp;e delle&nbsp;esposizioni delle&nbsp;<strong>Reines delle valli di Lanzo<\/strong>,&nbsp;organizzato dall\u2019associazione&nbsp;\u201cJ\u2019amis d\u2019le Reines d\u2019le Val ad Lans\u201d. Le&nbsp;Reines, o&nbsp;Regine,&nbsp;sono le&nbsp;bovine&nbsp;che si sono conquistate negli alpeggi il ruolo di&nbsp;leader e \u201cmatriarche\u201d delle mandrie, quelle che guidano le compagne nella salita estiva agli alpeggi e nel ritorno a quote pi\u00f9 basse o in pianura all\u2019inizio dell\u2019autunno.<\/p>\n\n\n\n<figure class=\"wp-block-image\"><img decoding=\"async\" src=\"https:\/\/www.piemontetopnews.it\/wp-content\/uploads\/2023\/03\/confronti_Reines_repertorio_1-1024x682.jpg\" alt=\"\" class=\"wp-image-67084\"\/><\/figure>\n\n\n\n<p>Nelle competizioni programmate, le \u201cbatailles\u201d (combattimenti) si svolgono mediante concorsi pubblici ad eliminazione diretta, su di un\u2019 area appositamente scelta e attrezzata allo scopo.<\/p>\n\n\n\n<p>La manifestazione in programma&nbsp;domenica 26 marzo&nbsp;a Cafasse&nbsp;sar\u00e0&nbsp;la prima&nbsp;eliminatoria&nbsp;del&nbsp;<strong>43\u00b0 Concorso Regine Valli di Lanzo<\/strong>, che vivr\u00e0 il suo&nbsp;evento finale&nbsp;nel mese di ottobre a Cantoira.&nbsp;Le altre eliminatorie sono in programma il&nbsp;23 aprile a Mezzenile, il&nbsp;24 settembre a Lanzo&nbsp;e il&nbsp;1\u00b0 ottobre a San Francesco al Campo.<\/p>\n\n\n\n<div class=\"wp-block-image\"><figure class=\"aligncenter size-large\"><img decoding=\"async\" src=\"https:\/\/i.pinimg.com\/originals\/f9\/8b\/0b\/f98b0b84e286d8cc9700b3756d535458.jpg\" alt=\"\"\/><\/figure><\/div>\n\n\n\n<p>Il confronto&nbsp;di&nbsp;domenica 26 marzo a Cafasse&nbsp;si terr\u00e0 in localit\u00e0 Cascina Ressia.&nbsp;Alle 8&nbsp;avr\u00e0 inizio la&nbsp;<strong>pesatura delle bovine<\/strong>, che terminer\u00e0 alle 11.&nbsp;Alle 13 inizieranno i confronti.&nbsp;La manifestazione terminer\u00e0 intorno&nbsp;alle&nbsp;18 con la premiazione delle bovine che si saranno&nbsp;aggiudicate il titolo di Regina.<\/p>\n\n\n\n<p>Le Regine&nbsp;si&nbsp;contendono&nbsp;il&nbsp;rosso trofeo della vittoria&nbsp;finale&nbsp;o il variopinto&nbsp;collare con campanaccio (il cosiddetto \u201crodon\u201d in piemontese).&nbsp;I confronti-esposizioni sono&nbsp;feste tradizionali&nbsp;che hanno come cornice&nbsp;il&nbsp;<strong>suggestivo scenario delle&nbsp;Alpi Graie&nbsp;<\/strong>e dei centri che sorgono ai piedi di quelle montagne. Ogni anno&nbsp;gli&nbsp;abitanti dei singoli paesi e&nbsp;i&nbsp;turisti appassionati della vita agreste e delle tradizioni montanare partecipano&nbsp;agli&nbsp;eventi,&nbsp;anche per&nbsp;ringraziare gli allevatori&nbsp;che hanno scelto di restare nei&nbsp;loro paesi&nbsp;d\u2019origine praticando il duro mestiere dei loro avi&nbsp;o di salire ogni anno dalla pianura agli alpeggi estivi.<\/p>\n\n\n\n<figure class=\"wp-block-image\"><img decoding=\"async\" src=\"https:\/\/www.piemontetopnews.it\/wp-content\/uploads\/2023\/03\/confronti_Reines_repertorio_2-1024x680.jpg\" alt=\"\" class=\"wp-image-67085\"\/><\/figure>\n\n\n\n<p>La competizione si svolge secondo un preciso rituale. Le bovine che hanno gi\u00e0 partorito sono suddivise in tre categorie, a seconda del peso, mentre le pi\u00f9 giovani, manze e manzette, sono classificate secondo l\u2019et\u00e0. Gli animali vengono poi esposti al pubblico. Alle 13 iniziano i\u00a0<strong>confronti, lasciati alla spontaneit\u00e0 delle mucche<\/strong>.\u00a0\u00c8 l\u2019istinto che porta uno dei capi a primeggiare\u00a0(cos\u00ec come avviene quotidianamente negli alpeggi)\u00a0diventando cos\u00ec la regina della mandria. Dopo essersi lungamente studiate e aver grattato il terreno con gli zoccoli per intimidire l\u2019avversaria, le Regine si scontrano tra loro nel\u00a0combattimento, aspro ma\u00a0mai cruento. Non vi \u00e8 spargimento di sangue n\u00e9 rischio di ferimenti, e la vacca sconfitta accetta di buon grado di lasciare il campo all\u2019avversaria pi\u00f9 forte.<\/p>\n\n\n\n<div class=\"wp-block-image\"><figure class=\"aligncenter size-large\"><img decoding=\"async\" src=\"https:\/\/i.pinimg.com\/originals\/2a\/5f\/e8\/2a5fe84bd7f91393967cf69918eec3c9.jpg\" alt=\"\"\/><\/figure><\/div>\n\n\n\n<p>E\u2019 previsto inoltre, solitamente nel mese di ottobre, il&nbsp;<strong>Confronto interregionale Piemonte \u2013 valle d\u2019Aosta&nbsp;<\/strong>con la partecipazione dei comitati di allevatori del Canavese e delle valli di Lanzo.<\/p>\n\n\n\n<p>I\u00a0confronti tra e Regine sono\u00a0organizzati\u00a0dall\u2019<strong>associazione \u201cJ\u2019amis d\u2019le Reines d\u2019le Val ad Lans\u201d<\/strong>,\u00a0suddivisa in Comitati locali,\u00a0con il\u00a0patrocinio\u00a0di Citt\u00e0 Metropolitana di Torino, Unione Montana Valli di Lanzo Ceronda e Casternone, Coldiretti e CIA.<\/p>\n","protected":false},"excerpt":{"rendered":"<p>di Redazione A partire da&nbsp;domenica 26 marzo a&nbsp;Cafasse&nbsp;(To)&nbsp;torna il circuito dei&nbsp;confronti&nbsp;e delle&nbsp;esposizioni delle&nbsp;Reines delle valli di Lanzo,&nbsp;organizzato dall\u2019associazione&nbsp;\u201cJ\u2019amis d\u2019le Reines d\u2019le Val ad&#8230;<\/p>\n","protected":false},"author":1,"featured_media":6549,"comment_status":"closed","ping_status":"open","sticky":false,"template":"","format":"standard","meta":{"footnotes":""},"categories":[2321,295,294],"tags":[4262,4260,4261,76,30,4259,4258,562,3368,2236,299],"_links":{"self":[{"href":"https:\/\/www.piemonteis.org\/index.php?rest_route=\/wp\/v2\/posts\/6548"}],"collection":[{"href":"https:\/\/www.piemonteis.org\/index.php?rest_route=\/wp\/v2\/posts"}],"about":[{"href":"https:\/\/www.piemonteis.org\/index.php?rest_route=\/wp\/v2\/types\/post"}],"author":[{"embeddable":true,"href":"https:\/\/www.piemonteis.org\/index.php?rest_route=\/wp\/v2\/users\/1"}],"replies":[{"embeddable":true,"href":"https:\/\/www.piemonteis.org\/index.php?rest_route=%2Fwp%2Fv2%2Fcomments&post=6548"}],"version-history":[{"count":1,"href":"https:\/\/www.piemonteis.org\/index.php?rest_route=\/wp\/v2\/posts\/6548\/revisions"}],"predecessor-version":[{"id":6550,"href":"https:\/\/www.piemonteis.org\/index.php?rest_route=\/wp\/v2\/posts\/6548\/revisions\/6550"}],"wp:featuredmedia":[{"embeddable":true,"href":"https:\/\/www.piemonteis.org\/index.php?rest_route=\/wp\/v2\/media\/6549"}],"wp:attachment":[{"href":"https:\/\/www.piemonteis.org\/index.php?rest_route=%2Fwp%2Fv2%2Fmedia&parent=6548"}],"wp:term":[{"taxonomy":"category","embeddable":true,"href":"https:\/\/www.piemonteis.org\/index.php?rest_route=%2Fwp%2Fv2%2Fcategories&post=6548"},{"taxonomy":"post_tag","embeddable":true,"href":"https:\/\/www.piemonteis.org\/index.php?rest_route=%2Fwp%2Fv2%2Ftags&post=6548"}],"curies":[{"name":"wp","href":"https:\/\/api.w.org\/{rel}","templated":true}]}}