{"id":795,"date":"2015-05-11T15:06:39","date_gmt":"2015-05-11T15:06:39","guid":{"rendered":"http:\/\/www.piemonteis.org\/?p=795"},"modified":"2018-11-01T11:00:15","modified_gmt":"2018-11-01T11:00:15","slug":"viaggio-in-canavese-viii-parte-da-mazze-e-candia-a-chivasso","status":"publish","type":"post","link":"https:\/\/www.piemonteis.org\/?p=795","title":{"rendered":"Viaggio in Canavese &#8211; VIII parte: da Mazz\u00e8 e Candia a Chivasso"},"content":{"rendered":"<p><em>Si conclude il viaggio in <strong>Canavese<\/strong> in compagnia di <strong>Giovanni Dughera<\/strong> con l&#8217;ultima tappa, in cui andremo a visitare il <strong>lago di Candia<\/strong>, il <strong>borgo di Vische<\/strong> e il <strong>castello di Mazz\u00e8<\/strong>, rivisitato nell&#8217;Ottocento in veste neogotica per volere di una ricchissima principessa russa. Completeremo\u00a0il tour con la visita di Chivasso, che potremmo definire per ragioni geografiche e trascorsi storici come cerniera tra due province storiche del Piemonte, Canavese e Monferrato.\u00a0<\/em><\/p>\n<p><strong><em>Il borgo e il castello di Mazz\u00e8<\/em>. <\/strong>La strada serpeggiante che sale dal piano al castello scorre tra muri dai quali emergono alberi secolari, che formano continue gallerie vegetali, folti ombrelli verdi ora ariosi, ora fittissimi, che avvolgono il paese e il castello in un abbraccio di grande effetto scenografico. Questo \u00e8 accentuato da continui aerei passaggi che uniscono i parchi, parendo quasi che si volle fare del paese un unico parco.<\/p>\n<p>Di l\u00e0 dai muri vedremo emergere ville ottocentesche, neoclassiche ma pi\u00f9 spesso neogotiche.<\/p>\n<figure id=\"attachment_796\" aria-describedby=\"caption-attachment-796\" style=\"width: 960px\" class=\"wp-caption alignnone\"><a href=\"http:\/\/www.piemonteis.org\/wp-content\/uploads\/2015\/05\/Mazze.jpg\"><img decoding=\"async\" loading=\"lazy\" class=\"size-full wp-image-796\" src=\"http:\/\/www.piemonteis.org\/wp-content\/uploads\/2015\/05\/Mazze.jpg\" alt=\"Castello di Mazz\u00e8 - foto di Paolo Barosso\" width=\"960\" height=\"720\" srcset=\"https:\/\/www.piemonteis.org\/wp-content\/uploads\/2015\/05\/Mazze.jpg 960w, https:\/\/www.piemonteis.org\/wp-content\/uploads\/2015\/05\/Mazze-300x225.jpg 300w, https:\/\/www.piemonteis.org\/wp-content\/uploads\/2015\/05\/Mazze-600x450.jpg 600w\" sizes=\"(max-width: 960px) 100vw, 960px\" \/><\/a><figcaption id=\"caption-attachment-796\" class=\"wp-caption-text\">Castello di Mazz\u00e8 &#8211; foto di Paolo Barosso<\/figcaption><\/figure>\n<p>Il <strong>castello di Mazz\u00e8<\/strong> non sfugg\u00ec alla <strong>moda del neogotico<\/strong>, coi suoi restauri esuberanti e fantasiosi che qui avvennero nel 1840 ad opera di una ricchissima principessa russa.. E si presenta oggi con le sue alti torri, in mattoni e in ciottoli, cappelle, torrette contribuendo a rendere il borgo una sorta di \u201csogno neomedievale\u201d. E\u2019 collocato sul ciglio di un precipizio a picco sulla Dora Baltea e ci\u00f2 lo rende ancor pi\u00f9 romantico, nonch\u00e9 uno dei castelli pi\u00f9 panoramici del Canavese.<\/p>\n<figure id=\"attachment_797\" aria-describedby=\"caption-attachment-797\" style=\"width: 960px\" class=\"wp-caption alignnone\"><a href=\"http:\/\/www.piemonteis.org\/wp-content\/uploads\/2015\/05\/mazz\u00e8-2.jpg\"><img decoding=\"async\" loading=\"lazy\" class=\"size-full wp-image-797\" src=\"http:\/\/www.piemonteis.org\/wp-content\/uploads\/2015\/05\/mazz\u00e8-2.jpg\" alt=\"Castello di Mazz\u00e8 - Torretta angolare \" width=\"960\" height=\"720\" srcset=\"https:\/\/www.piemonteis.org\/wp-content\/uploads\/2015\/05\/mazz\u00e8-2.jpg 960w, https:\/\/www.piemonteis.org\/wp-content\/uploads\/2015\/05\/mazz\u00e8-2-300x225.jpg 300w, https:\/\/www.piemonteis.org\/wp-content\/uploads\/2015\/05\/mazz\u00e8-2-600x450.jpg 600w\" sizes=\"(max-width: 960px) 100vw, 960px\" \/><\/a><figcaption id=\"caption-attachment-797\" class=\"wp-caption-text\">Castello di Mazz\u00e8 &#8211; Torretta angolare &#8211; foto di Paolo Barosso<\/figcaption><\/figure>\n<figure id=\"attachment_798\" aria-describedby=\"caption-attachment-798\" style=\"width: 196px\" class=\"wp-caption alignright\"><a href=\"http:\/\/www.piemonteis.org\/wp-content\/uploads\/2015\/05\/15-Candia-lago-e-panorama.jpg\"><img decoding=\"async\" loading=\"lazy\" class=\"wp-image-798 size-medium\" src=\"http:\/\/www.piemonteis.org\/wp-content\/uploads\/2015\/05\/15-Candia-lago-e-panorama-196x300.jpg\" alt=\"Lago di Candia - scorcio - foto di Giovanni Dughera \" width=\"196\" height=\"300\" srcset=\"https:\/\/www.piemonteis.org\/wp-content\/uploads\/2015\/05\/15-Candia-lago-e-panorama-196x300.jpg 196w, https:\/\/www.piemonteis.org\/wp-content\/uploads\/2015\/05\/15-Candia-lago-e-panorama-671x1024.jpg 671w, https:\/\/www.piemonteis.org\/wp-content\/uploads\/2015\/05\/15-Candia-lago-e-panorama-600x916.jpg 600w, https:\/\/www.piemonteis.org\/wp-content\/uploads\/2015\/05\/15-Candia-lago-e-panorama.jpg 820w\" sizes=\"(max-width: 196px) 100vw, 196px\" \/><\/a><figcaption id=\"caption-attachment-798\" class=\"wp-caption-text\">Lago di Candia &#8211; scorcio &#8211; foto di Giovanni Dughera<\/figcaption><\/figure>\n<p>Un sentiero porta al <strong>Pian della Bicocca<\/strong>, luogo dove avvenne una battaglia tra i Romani e i Salassi. Qui si trovava il <strong><em>menhir<\/em><\/strong> imponente, una stele funeraria dell\u2019Et\u00e0 del ferro (VI sec. a.C.), che venne trovato pochi anni fa nella Dora Baltea, precipitato dal burrone nel fiume che scende dal Monte Bianco e dalle altri vette della Valle d\u2019Aosta. Questo luogo \u00e8 un formidabile belvedere sulle Alpi, castello e il fiume.<\/p>\n<p>Una strada nei pressi del cimitero, contrassegnata da un cippo recante inciso \u201dCandia\u201d, conduce con una comoda passeggiata, antica strada dei pellegrini, al <strong><em>lago di Candia<\/em><\/strong>, raggiungibile comunque anche in automobile attraverso la strada che si incrocia poco prima. Ambiente naturale istituito in Parco Provinciale, canottaggio, pesca, barca a remi sono i motivi per una permanenza..<\/p>\n<p>Nei pressi <strong>Vische<\/strong>, con un castello non visitabile, ma lo ricordiamo perch\u00e9 qui nacquero, nel Settecento ad opera dei marchesi Birago di Vische maioliche che anticiparono di dieci anni quelle di S\u00e8vres: ogni famiglia nobile ambiva ad averne nella propria dimora (ne vediamo anche a Masino). Alcune pitture, di impronta barocca, riportano il motivo di uccelli acquatici, un richiamo al vicino lago di Candia.<\/p>\n<figure id=\"attachment_807\" aria-describedby=\"caption-attachment-807\" style=\"width: 640px\" class=\"wp-caption aligncenter\"><a href=\"http:\/\/www.piemonteis.org\/wp-content\/uploads\/2015\/05\/15-bis-Pressi-Candia-castello-Vische.jpg\"><img decoding=\"async\" loading=\"lazy\" class=\"wp-image-807 size-large\" src=\"http:\/\/www.piemonteis.org\/wp-content\/uploads\/2015\/05\/15-bis-Pressi-Candia-castello-Vische-1024x681.jpg\" alt=\"Castello di Vische - dettaglio pittorico con uccelli acquatici - foto di Giovanni Dughera\" width=\"640\" height=\"426\" srcset=\"https:\/\/www.piemonteis.org\/wp-content\/uploads\/2015\/05\/15-bis-Pressi-Candia-castello-Vische-1024x681.jpg 1024w, https:\/\/www.piemonteis.org\/wp-content\/uploads\/2015\/05\/15-bis-Pressi-Candia-castello-Vische-300x199.jpg 300w, https:\/\/www.piemonteis.org\/wp-content\/uploads\/2015\/05\/15-bis-Pressi-Candia-castello-Vische-600x399.jpg 600w, https:\/\/www.piemonteis.org\/wp-content\/uploads\/2015\/05\/15-bis-Pressi-Candia-castello-Vische.jpg 1232w\" sizes=\"(max-width: 640px) 100vw, 640px\" \/><\/a><figcaption id=\"caption-attachment-807\" class=\"wp-caption-text\">Castello di Vische &#8211; dettaglio degli affreschi &#8211; foto di Giovanni Dughera<\/figcaption><\/figure>\n<figure id=\"attachment_804\" aria-describedby=\"caption-attachment-804\" style=\"width: 195px\" class=\"wp-caption alignright\"><a href=\"http:\/\/www.piemonteis.org\/wp-content\/uploads\/2015\/05\/FAI-Castello-di-Masino-Ceramiche-di-Vische-per-Masino-Arma-dei-Valperga-dei-Masino.jpg\"><img decoding=\"async\" loading=\"lazy\" class=\"wp-image-804 size-medium\" src=\"http:\/\/www.piemonteis.org\/wp-content\/uploads\/2015\/05\/FAI-Castello-di-Masino-Ceramiche-di-Vische-per-Masino-Arma-dei-Valperga-dei-Masino-195x300.jpg\" alt=\"FAI - Castello di Masino - Ceramiche di Vische per Masino -Arma dei Valperga dei Masino\" width=\"195\" height=\"300\" srcset=\"https:\/\/www.piemonteis.org\/wp-content\/uploads\/2015\/05\/FAI-Castello-di-Masino-Ceramiche-di-Vische-per-Masino-Arma-dei-Valperga-dei-Masino-195x300.jpg 195w, https:\/\/www.piemonteis.org\/wp-content\/uploads\/2015\/05\/FAI-Castello-di-Masino-Ceramiche-di-Vische-per-Masino-Arma-dei-Valperga-dei-Masino-666x1024.jpg 666w, https:\/\/www.piemonteis.org\/wp-content\/uploads\/2015\/05\/FAI-Castello-di-Masino-Ceramiche-di-Vische-per-Masino-Arma-dei-Valperga-dei-Masino-600x923.jpg 600w, https:\/\/www.piemonteis.org\/wp-content\/uploads\/2015\/05\/FAI-Castello-di-Masino-Ceramiche-di-Vische-per-Masino-Arma-dei-Valperga-dei-Masino.jpg 811w\" sizes=\"(max-width: 195px) 100vw, 195px\" \/><\/a><figcaption id=\"caption-attachment-804\" class=\"wp-caption-text\">FAI &#8211; Castello di Masino &#8211; Ceramiche di Vische per Masino &#8211; Arme dei Valperga di Masino<\/figcaption><\/figure>\n<p><strong>Chivasso<\/strong> fu infeudata, nel 1164, dall\u2019imperatore Federico Barbarossa agli Aleramici, marchesi del Monferrato, indi pass\u00f2 ai Paleologi e, nel 1435, ai Savoia. Si trova\u00a0 \u201calla fine del Canavese\u201d, lungo la Via Francigena, via di \u00a0transito, per le genti e le merci, verso il Monferrato.<\/p>\n<p>Era chiamata <em>Portu Clevasi<\/em> nel 999, <em>Clavasco<\/em> nel 1159, <em>Clavaxium<\/em> nel 1227 e \u201critenuta chiave (clavis) strategica e nodo di strade <em>francesie<\/em> o romee\u201d,\u00a0 (G.D. Serra \u2013 Scritti sul Canavese \u2026 \u2013 Orco reprint 6 \u2013 1993 \u2013 Corsac).<\/p>\n<p>Conserva un bel <strong>Duomo<\/strong> del XV secolo, la cui facciata presenta decorazioni di figure in cotto. All\u2019interno una Deposizione di Defendente Ferrari e un gruppo scultoreo, il \u00a0\u201c<strong>Compianto sul Cristo morto<\/strong>\u201d, del XV secolo: i volti conservano le loro originali e drammatiche espressioni, genuine come lo \u00e8 l\u2019arte medievale, nonostante inopportune ridipinture dei secoli passati, mentre la chiesa \u00e8 stata pesantemente rimaneggiata nell\u2019Ottocento. Attende un opportuno restauro auspicando un ritorno alle originarie forme gotiche. A Chivasso lavor\u00f2 anche Martino Spanzotti.<\/p>\n<figure id=\"attachment_801\" aria-describedby=\"caption-attachment-801\" style=\"width: 720px\" class=\"wp-caption alignnone\"><img decoding=\"async\" loading=\"lazy\" class=\"wp-image-801 size-full\" src=\"http:\/\/www.piemonteis.org\/wp-content\/uploads\/2015\/05\/Civass-1.jpg\" alt=\"Civass 1\" width=\"720\" height=\"960\" srcset=\"https:\/\/www.piemonteis.org\/wp-content\/uploads\/2015\/05\/Civass-1.jpg 720w, https:\/\/www.piemonteis.org\/wp-content\/uploads\/2015\/05\/Civass-1-225x300.jpg 225w, https:\/\/www.piemonteis.org\/wp-content\/uploads\/2015\/05\/Civass-1-600x800.jpg 600w\" sizes=\"(max-width: 720px) 100vw, 720px\" \/><figcaption id=\"caption-attachment-801\" class=\"wp-caption-text\">Duomo di Chivasso &#8211; figure in cotto che ornano la facciata (1450\/60)<\/figcaption><\/figure>\n<p>&nbsp;<\/p>\n<p>Il Canavese \u00e8 raggiungibile anche in aereo, scalo Caselle, ai cui margini inizia il Canavese. O in treno sino a Ivrea, da Torino, e in seguito noleggio auto.<\/p>\n<p>Consigliata carta n. 21 Istituto Geografico Centrale di Torino \u201c<strong><em>Il Canavese da Ivrea a Chivasso<\/em><\/strong>\u201d che sarebbe interessante confrontare con la<em><strong> carta stradale dell\u2019antico Canavese<\/strong><\/em>\u00a0(immagine al fondo) che illustra il tracciato delle vie romane e romee, attestate e non negli itinerari romani, delle \u201c<em>strade e stradelle di supposta origine romana<\/em>\u201d e delle vie medioevali. Questa carta, redatta da Gian Domenico Serra, professore di lingua e letteratura italiana all\u2019universit\u00e0 di Cluj (Transilvania) nonch\u00e9 studioso di onomastica e toponomastica, si trova inserita nel volume \u201c<strong><em>Scritti sul Canavese \u2013 Contributo toponomastico alla descrizione delle VIE ROMANE E ROMEE NEL CANAVESE<\/em><\/strong>\u201d pubblicato nel 1927. Tale volume \u00e8 stato ristampato nel 1993 a cura del <a href=\"http:\/\/www.corsac.org\/\">CORSAC Cuorgn\u00e8<\/a> (Centro Ricerche e Studi Alto Canavese), che svolge da anni opera di studio e ricerca su aspetti storici, antropologici, archeologici e artistici riguardanti il Canavese. Il CORSAC inizi\u00f2 gli scavi e la raccolta dei reperti che portarono poi alla costituzione del Museo Archeologico dell\u2019Alto Canavese, allestito nell\u2019ex Manifattura di Cuorgn\u00e8.<\/p>\n<p>Testo di Giovanni Dughera<\/p>\n<figure id=\"attachment_802\" aria-describedby=\"caption-attachment-802\" style=\"width: 640px\" class=\"wp-caption aligncenter\"><img decoding=\"async\" loading=\"lazy\" class=\"wp-image-802 size-large\" src=\"http:\/\/www.piemonteis.org\/wp-content\/uploads\/2015\/05\/carta-Serra-1024x987.jpg\" alt=\"Carta stradale dell'antico Canavese redatta da Gian Domenico Serra (1927)\" width=\"640\" height=\"617\" \/><figcaption id=\"caption-attachment-802\" class=\"wp-caption-text\">Carta stradale dell&#8217;antico Canavese redatta da Gian Domenico Serra (1927)<\/figcaption><\/figure>\n","protected":false},"excerpt":{"rendered":"<p>Si conclude il viaggio in Canavese in compagnia di Giovanni Dughera con l&#8217;ultima tappa, in cui andremo a visitare il lago di Candia,&#8230;<\/p>\n","protected":false},"author":1,"featured_media":797,"comment_status":"open","ping_status":"open","sticky":false,"template":"","format":"standard","meta":{"footnotes":""},"categories":[8,3],"tags":[],"_links":{"self":[{"href":"https:\/\/www.piemonteis.org\/index.php?rest_route=\/wp\/v2\/posts\/795"}],"collection":[{"href":"https:\/\/www.piemonteis.org\/index.php?rest_route=\/wp\/v2\/posts"}],"about":[{"href":"https:\/\/www.piemonteis.org\/index.php?rest_route=\/wp\/v2\/types\/post"}],"author":[{"embeddable":true,"href":"https:\/\/www.piemonteis.org\/index.php?rest_route=\/wp\/v2\/users\/1"}],"replies":[{"embeddable":true,"href":"https:\/\/www.piemonteis.org\/index.php?rest_route=%2Fwp%2Fv2%2Fcomments&post=795"}],"version-history":[{"count":5,"href":"https:\/\/www.piemonteis.org\/index.php?rest_route=\/wp\/v2\/posts\/795\/revisions"}],"predecessor-version":[{"id":4325,"href":"https:\/\/www.piemonteis.org\/index.php?rest_route=\/wp\/v2\/posts\/795\/revisions\/4325"}],"wp:featuredmedia":[{"embeddable":true,"href":"https:\/\/www.piemonteis.org\/index.php?rest_route=\/wp\/v2\/media\/797"}],"wp:attachment":[{"href":"https:\/\/www.piemonteis.org\/index.php?rest_route=%2Fwp%2Fv2%2Fmedia&parent=795"}],"wp:term":[{"taxonomy":"category","embeddable":true,"href":"https:\/\/www.piemonteis.org\/index.php?rest_route=%2Fwp%2Fv2%2Fcategories&post=795"},{"taxonomy":"post_tag","embeddable":true,"href":"https:\/\/www.piemonteis.org\/index.php?rest_route=%2Fwp%2Fv2%2Ftags&post=795"}],"curies":[{"name":"wp","href":"https:\/\/api.w.org\/{rel}","templated":true}]}}