{"id":840,"date":"2015-05-20T21:33:37","date_gmt":"2015-05-20T21:33:37","guid":{"rendered":"http:\/\/www.piemonteis.org\/?p=840"},"modified":"2015-06-09T08:40:13","modified_gmt":"2015-06-09T08:40:13","slug":"chiese-di-torino-la-visitazione-una-piccola-rarita-a-forma-di-rosa","status":"publish","type":"post","link":"https:\/\/www.piemonteis.org\/?p=840","title":{"rendered":"Chiese di Torino: la Visitazione, una &#8220;piccola rarit\u00e0&#8221; a forma di rosa"},"content":{"rendered":"<p>In occasione dell&#8217;Ostensione della Sindone \u00e8 stato predisposto, grazie al sostegno della Compagnia di San Paolo e dell&#8217;Associazione Guarino Guarini, un itinerario ad uso di torinesi e visitatori alla scoperta del <strong>patrimonio architettonico religioso<\/strong> dell&#8217;antica capitale sabauda. L&#8217;iniziativa, che s&#8217;inserisce nel quadro di un pi\u00f9 ampio disegno di valorizzazione culturale di Torino attraverso il dialogo tra sistema dei musei, architetture di pregio e luoghi deputati alle <em>perfoming arts<\/em>, si propone di divulgare la conoscenza degli edifici sacri cittadini e delle opere d&#8217;arte in essi custodite.<\/p>\n<figure id=\"attachment_841\" aria-describedby=\"caption-attachment-841\" style=\"width: 960px\" class=\"wp-caption alignnone\"><a href=\"http:\/\/www.piemonteis.org\/wp-content\/uploads\/2015\/05\/Lanfr.jpg\"><img decoding=\"async\" loading=\"lazy\" class=\"size-full wp-image-841\" src=\"http:\/\/www.piemonteis.org\/wp-content\/uploads\/2015\/05\/Lanfr.jpg\" alt=\"La cupola affrescata dal Milocco\" width=\"960\" height=\"540\" srcset=\"https:\/\/www.piemonteis.org\/wp-content\/uploads\/2015\/05\/Lanfr.jpg 960w, https:\/\/www.piemonteis.org\/wp-content\/uploads\/2015\/05\/Lanfr-300x169.jpg 300w, https:\/\/www.piemonteis.org\/wp-content\/uploads\/2015\/05\/Lanfr-600x338.jpg 600w\" sizes=\"(max-width: 960px) 100vw, 960px\" \/><\/a><figcaption id=\"caption-attachment-841\" class=\"wp-caption-text\">Chiesa della Visitazione &#8211; la cupola affrescata dal Milocco<\/figcaption><\/figure>\n<p>In questa prospettiva dedichiamo oggi la nostra attenzione alla<strong> Chiesa della Visitazione<\/strong>, che risalta con l&#8217;alta cupola e la facciata settecentesca posta d&#8217;angolo tra via XX Settembre e via dell&#8217;Arcivescovado (da notare il magnifico <strong>portale ligneo<\/strong> datato al 1690 e le decorazioni a <strong><em>stucchi bianchi<\/em><\/strong>, tipici dei luganesi, con testine di angioletti ad ali incrociate, cariatidi e il motivo dei grappoli di frutta). L&#8217;edificio conventuale venne fondato nel 1638 su un lotto di terreno che il duca di Savoia Vittorio Amedeo I, nell&#8217;ambito dell&#8217;ampliamento della citt\u00e0 verso sud (la cosiddetta &#8220;citt\u00e0 nuova&#8221;) deciso per adeguare Torino al rango di capitale dinastica, concesse a Matilde di Savoia, marchesa di Pianezza (figlia legittimata di Emanuele Filiberto di Savoia e di Beatrice Langosco di Stroppiana). Matilde di Savoia \u00e8 considerata fondatrice della chiesa insieme con la\u00a0baronessa Jeanne Fr\u00e9myot de Chantal, che aveva creato ad Annecy l&#8217;<strong>ordine religioso della Visitazione<\/strong> sotto la guida di <strong>San Francesco di Sales<\/strong>, vescovo coadiutore di Ginevra. La chiesa del convento, conclusa entro il 1660 in vista della canonizzazione di Francesco di Sales (1665), venne eretta su disegno di <strong>Francesco Lanfranchi,<\/strong> le cui scelte progettuali pongono l&#8217;edificio tra le prime chiese cittadine ad essere costruite secondo i canoni della Controriforma (evidente l&#8217;ispirarsi dell&#8217;architettura del Lanfranchi alle forme vittozziane di Santa Maria del Monte dei Cappuccini).<\/p>\n<figure id=\"attachment_842\" aria-describedby=\"caption-attachment-842\" style=\"width: 960px\" class=\"wp-caption alignnone\"><a href=\"http:\/\/www.piemonteis.org\/wp-content\/uploads\/2015\/05\/laN2.jpg\"><img decoding=\"async\" loading=\"lazy\" class=\"size-full wp-image-842\" src=\"http:\/\/www.piemonteis.org\/wp-content\/uploads\/2015\/05\/laN2.jpg\" alt=\"Dettaglio dell'interno con le statue\" width=\"960\" height=\"540\" srcset=\"https:\/\/www.piemonteis.org\/wp-content\/uploads\/2015\/05\/laN2.jpg 960w, https:\/\/www.piemonteis.org\/wp-content\/uploads\/2015\/05\/laN2-300x169.jpg 300w, https:\/\/www.piemonteis.org\/wp-content\/uploads\/2015\/05\/laN2-600x338.jpg 600w\" sizes=\"(max-width: 960px) 100vw, 960px\" \/><\/a><figcaption id=\"caption-attachment-842\" class=\"wp-caption-text\">Dettaglio dell&#8217;interno con la statua del beato Amedeo IX di Savoia<\/figcaption><\/figure>\n<p>L&#8217;interno, una &#8220;<strong><em>piccola rarit\u00e0 a forma di rosa<\/em><\/strong>&#8220;, composto da un vano centrale quadrato su cui si aprono i quattro &#8220;petali&#8221;, cio\u00e8 i tre spazi semicircolari (l&#8217;ingresso e le due cappelle laterali) oltre a quello pi\u00f9 vasto del presbiterio, \u00e8 sovrastato dall&#8217;aggraziata cupola, affrescata da <strong>Michele Antonio Milocco<\/strong> negli anni Sessanta del Settecento con un&#8217;opera pittorica che rappresenta San Francesco di Sales accolto in gloria in Paradiso mentre nei quattro pennacchi sono dipinte le virt\u00f9 teologali. L&#8217;affresco, che alcuni critici attribuivano invece a <strong>Luigi Vannier<\/strong>, insigne pittore di Chamb\u00e9ry (nominato primo pittore di corte e &#8220;<em>conservatore di tutte le pitture e statue della Real Casa<\/em>&#8221; dalla seconda Madama Reale), si collega alle statue e alle piccole tele collocate in precedenza nell&#8217;aula che raffigurano personaggi destinati al Paradiso grazie all&#8217;esercizio delle virt\u00f9 teologali. La decorazione dell&#8217;interno, basata sulla fitta spartizione delle superfici a mezzo di lesene ricoperte da specchiature di marmi policromi e sulla profusione di stucchi dorati, venne curata anch&#8217;essa dal Lanfranchi in stretta correlazione con l&#8217;architettura. Secondo il Cavallari Murat, &#8220;l<em>a scenografica disposizione e l&#8217;originale articolazione<\/em>&#8221; rendono la chiesa della Visitazione una delle pi\u00f9 originali creazioni del barocco torinese.<\/p>\n<figure id=\"attachment_843\" aria-describedby=\"caption-attachment-843\" style=\"width: 540px\" class=\"wp-caption aligncenter\"><a href=\"http:\/\/www.piemonteis.org\/wp-content\/uploads\/2015\/05\/LANG.jpg\"><img decoding=\"async\" loading=\"lazy\" class=\"size-full wp-image-843\" src=\"http:\/\/www.piemonteis.org\/wp-content\/uploads\/2015\/05\/LANG.jpg\" alt=\"Chiesa della Visitazione - Altare maggiore con colonne tortili abbinate in marmo nero  \" width=\"540\" height=\"960\" srcset=\"https:\/\/www.piemonteis.org\/wp-content\/uploads\/2015\/05\/LANG.jpg 540w, https:\/\/www.piemonteis.org\/wp-content\/uploads\/2015\/05\/LANG-169x300.jpg 169w\" sizes=\"(max-width: 540px) 100vw, 540px\" \/><\/a><figcaption id=\"caption-attachment-843\" class=\"wp-caption-text\">Chiesa della Visitazione &#8211; Altare maggiore con colonne tortili abbinate in marmo nero e pala del Nepote<\/figcaption><\/figure>\n<p>In occasione della beatificazione della baronessa de Chantal (1768) si rimise mano all&#8217;area presbiteriale, smontando e ricomponendo l&#8217;<strong>altare maggiore<\/strong>, costruito in marmo da maestranze luganesi (forse i capimastri piccapietre Carlo e Giuseppe Busso) a fine Seicento in sostituzione di un precedente manufatto in legno. L&#8217;altare venne riplasmato secondo un disegno pi\u00f9 imponente e conforme ai modelli del Seicento torinese, inquadrandolo tra quattro eleganti colonne tortili in &#8220;<em>marmo nero lustro<\/em>&#8221; (secondo il gusto del tempo) che incorniciano la pala dipinta da <strong>Ignazio Nepote<\/strong> sul tema della <em>Visita di Maria alla cugina Elisabetta<\/em> (1760-68), evento richiamante l&#8217;intitolazione stessa della chiesa.<\/p>\n<p>Paolo Barosso<\/p>\n<p>Redazione Piemont\u00e8is<\/p>\n<p>Bibliografia: <em>Archivi di pietra. Nelle chiese di Torino gli uomini, la storia, le arti<\/em> &#8211; Autori Vari &#8211; Ed. Comune di Torino 1991 (scheda sulla Visitazione di Giuliana Brugnelli Biraghi)<\/p>\n<p><em><strong>Nota della redazione<\/strong>: ricordiamo, per chi fosse interessato,\u00a0che ogni 27 del mese nella chiesa della Visitazione si celebra, dalle ore 15, una funzione in ricordo dell&#8217;apparizione della Madonna alla veggente\u00a0suor Caterina Labour\u00e9 \u00a0avvenuta nel 1830 a Parigi in Rue du Bac<\/em><\/p>\n","protected":false},"excerpt":{"rendered":"<p>In occasione dell&#8217;Ostensione della Sindone \u00e8 stato predisposto, grazie al sostegno della Compagnia di San Paolo e dell&#8217;Associazione Guarino Guarini, un itinerario ad&#8230;<\/p>\n","protected":false},"author":1,"featured_media":841,"comment_status":"open","ping_status":"open","sticky":false,"template":"","format":"standard","meta":{"footnotes":""},"categories":[8],"tags":[],"_links":{"self":[{"href":"https:\/\/www.piemonteis.org\/index.php?rest_route=\/wp\/v2\/posts\/840"}],"collection":[{"href":"https:\/\/www.piemonteis.org\/index.php?rest_route=\/wp\/v2\/posts"}],"about":[{"href":"https:\/\/www.piemonteis.org\/index.php?rest_route=\/wp\/v2\/types\/post"}],"author":[{"embeddable":true,"href":"https:\/\/www.piemonteis.org\/index.php?rest_route=\/wp\/v2\/users\/1"}],"replies":[{"embeddable":true,"href":"https:\/\/www.piemonteis.org\/index.php?rest_route=%2Fwp%2Fv2%2Fcomments&post=840"}],"version-history":[{"count":6,"href":"https:\/\/www.piemonteis.org\/index.php?rest_route=\/wp\/v2\/posts\/840\/revisions"}],"predecessor-version":[{"id":951,"href":"https:\/\/www.piemonteis.org\/index.php?rest_route=\/wp\/v2\/posts\/840\/revisions\/951"}],"wp:featuredmedia":[{"embeddable":true,"href":"https:\/\/www.piemonteis.org\/index.php?rest_route=\/wp\/v2\/media\/841"}],"wp:attachment":[{"href":"https:\/\/www.piemonteis.org\/index.php?rest_route=%2Fwp%2Fv2%2Fmedia&parent=840"}],"wp:term":[{"taxonomy":"category","embeddable":true,"href":"https:\/\/www.piemonteis.org\/index.php?rest_route=%2Fwp%2Fv2%2Fcategories&post=840"},{"taxonomy":"post_tag","embeddable":true,"href":"https:\/\/www.piemonteis.org\/index.php?rest_route=%2Fwp%2Fv2%2Ftags&post=840"}],"curies":[{"name":"wp","href":"https:\/\/api.w.org\/{rel}","templated":true}]}}